{"id":454340,"date":"2026-04-21T16:47:23","date_gmt":"2026-04-21T16:47:23","guid":{"rendered":"https:\/\/www.europesays.com\/it\/454340\/"},"modified":"2026-04-21T16:47:23","modified_gmt":"2026-04-21T16:47:23","slug":"shiva-fedez-mi-ha-danneggiato-la-carriera-la-pistola-della-sparatoria-non-so-che-fine-abbia-fatto","status":"publish","type":"post","link":"https:\/\/www.europesays.com\/it\/454340\/","title":{"rendered":"Shiva: \u00abFedez mi ha danneggiato la carriera. La pistola della sparatoria non so che fine abbia fatto\u00bb"},"content":{"rendered":"<p>    di<br \/>\n    Federica Bandirali<\/p>\n<p class=\"summary-art is-line-h-12\">A \u00abBelve\u00bb il rapper si confessa a Fagnani e parla del suo passato. Anche dell&#8217;amarezza di non aver avuto il permesso di uscire dal carcere per la nascita del primo figlio<\/p>\n<p class=\"chapter-paragraph\">Shiva, primo nella classifica Fimi con il suo ultimo album, ospite di Francesca Fagnani nella puntata di questa sera (21 marzo) di &#8220;Belve&#8221;. Prima un dialogo sull&#8217;infanzia:\u00a0\u00a0\u201cHo iniziato a 13 anni. L&#8217;infanzia \u00e8 stata completamente dedicata alla musica per me. Non ho mai avuto neanche una ragazza prima\u2026\u201d ha detto.\u00a0<\/p>\n<p class=\"chapter-paragraph\">Poi ha parlato dell\u2019agguato subito e della sua reazione che l\u2019ha portato in carcere. Una vicenda ancora da chiarire quella della sparatoria a seguito della quale Shiva \u00e8 stato arrestato e poi condannato per tentato omicidio. Dopo aver patteggiato, al rapper \u00e8 stata concessa una riduzione della pena e la libert\u00e0 con obbligo di firma. Fagnani ricorda l\u2019episodio del 2023, quando Shiva fu aggredito da due ragazzi e lui impugnando una pistola aveva sparato ferendoli entrambi alle gambe. <b>\u201cLa pistola non \u00e8 mai stata trovata, che fine ha fatto?\u201d indaga la giornalista, ma Shiva: \u201cNon ne ho idea\u201d<\/b> e sorride.\u00a0    &#13;<br \/>\n&#13;<br \/>\n&#13;<br \/>\n&#13;<br \/>\n&#13;<br \/>\n&#13;<br \/>\n&#13;<br \/>\n&#13;<br \/>\n&#13;<br \/>\n&#13;<br \/>\n&#13;<br \/>\n&#13;<br \/>\n&#13;<br \/>\n&#13;<br \/>\n&#13;<br \/>\n&#13;<br \/>\n&#13;<br \/>\n&#13;<br \/>\n&#13;<br \/>\n&#13;<br \/>\n&#13;<br \/>\n&#13;<br \/>\n&#13;<br \/>\n&#13;<br \/>\n&#13;<br \/>\n&#13;<br \/>\n&#13;<br \/>\n&#13;<br \/>\n&#13;<br \/>\n&#13;<br \/>\n&#13;<br \/>\n&#13;<br \/>\n&#13;<br \/>\n&#13;<br \/>\n&#13;<br \/>\n&#13;<br \/>\n&#13;<br \/>\n&#13;<br \/>\n&#13;<br \/>\n&#13;<br \/>\n&#13;<br \/>\n&#13;<br \/>\n&#13;<br \/>\n&#13;<br \/>\n&#13;<br \/>\n&#13;<br \/>\n&#13;<br \/>\n&#13;<br \/>\n&#13;<br \/>\n&#13;<br \/>\n&#13;<br \/>\n&#13;<br \/>\n&#13;\n<\/p>\n<p class=\"chapter-paragraph\">Poi il cantante si commuove nel ricordare la nascita del primo figlio quando era in carcere. \u201cNon mi hanno accettato il permesso. Di solito si accettano anche in casi di reati pi\u00f9 gravi\u201d e prosegue ricordando i fuochi d\u2019artificio per segnalare la nascita del bambino: \u201cQuando ho sentito i fuochi ho pianto tantissimo\u201d racconta emozionato Shiva, che nello studio di Belve parla anche della dolorosa assenza di suo padre: \u201cNella vita cosa era giusto o sbagliato l\u2019ho dovuto capire da solo. E per capirlo ho dovuto sbagliare\u201d.\u00a0<\/p>\n<p class=\"chapter-paragraph\">Sullo sgabello di &#8220;Belve&#8221;, il cantante parla anche di Fedez, unico tra i rapper a non aderire al movimento #freeshiva, proprio per la scarcerazione del rapper. Shiva, allora sotto processo, non si trattiene: \u201cAveva portato delle rime che lui reputava misogine in una puntata di Muschio Selvaggio; il Gip che mi ha interrogato era donna, m&#8217;ha messo in condizioni difficili\u201d. \u201cPer\u00f2 non \u00e8 mica colpa di Fedez che l&#8217;ha lette, nel caso colpa sua che le ha scritte\u201d controbatte Fagnani. \u201cFedez non si \u00e8 mai esposto su di me e l&#8217;unica volta che lo ha fatto \u00e8 stato nel momento pi\u00f9 critico della mia carriera. <b>Mi ha danneggiato\u201d <\/b>conclude Shiva.<\/p>\n<p class=\"is-last-update\" datetime=\"2026-04-21T17:47:11+02:00\">21 aprile 2026<\/p>\n<p class=\"is-copyright\">\n            \u00a9 RIPRODUZIONE RISERVATA\n        <\/p>\n","protected":false},"excerpt":{"rendered":"di Federica Bandirali A \u00abBelve\u00bb il rapper si confessa a Fagnani e parla del suo passato. Anche dell&#8217;amarezza&hellip;\n","protected":false},"author":3,"featured_media":454341,"comment_status":"","ping_status":"","sticky":false,"template":"","format":"standard","meta":{"footnotes":"","_share_on_mastodon":"0"},"categories":[1451],"tags":[46360,254588,19486,2942,874,1902,1621,1620,2905,77483,1907,203,98020,466,2716,2757,5345,204,1537,90,89,272,55529,2463,6857,10301,1916,8202,2399,62019,19595],"class_list":["post-454340","post","type-post","status-publish","format-standard","has-post-thumbnail","category-celebrita","tag-accettano","tag-accettano-casi","tag-belve","tag-cantante","tag-carcere","tag-carriera","tag-celebrita","tag-celebrities","tag-colpa","tag-danneggiato","tag-dovuto","tag-entertainment","tag-fagnani","tag-fedez","tag-figlio","tag-fuochi","tag-infanzia","tag-intrattenimento","tag-it","tag-italia","tag-italy","tag-nascita","tag-nascita-figlio","tag-parla","tag-permesso","tag-pistola","tag-portato","tag-puntata","tag-rapper","tag-shiva","tag-sparatoria"],"share_on_mastodon":{"url":"https:\/\/pubeurope.com\/@it\/116443718979473491","error":""},"_links":{"self":[{"href":"https:\/\/www.europesays.com\/it\/wp-json\/wp\/v2\/posts\/454340","targetHints":{"allow":["GET"]}}],"collection":[{"href":"https:\/\/www.europesays.com\/it\/wp-json\/wp\/v2\/posts"}],"about":[{"href":"https:\/\/www.europesays.com\/it\/wp-json\/wp\/v2\/types\/post"}],"author":[{"embeddable":true,"href":"https:\/\/www.europesays.com\/it\/wp-json\/wp\/v2\/users\/3"}],"replies":[{"embeddable":true,"href":"https:\/\/www.europesays.com\/it\/wp-json\/wp\/v2\/comments?post=454340"}],"version-history":[{"count":0,"href":"https:\/\/www.europesays.com\/it\/wp-json\/wp\/v2\/posts\/454340\/revisions"}],"wp:featuredmedia":[{"embeddable":true,"href":"https:\/\/www.europesays.com\/it\/wp-json\/wp\/v2\/media\/454341"}],"wp:attachment":[{"href":"https:\/\/www.europesays.com\/it\/wp-json\/wp\/v2\/media?parent=454340"}],"wp:term":[{"taxonomy":"category","embeddable":true,"href":"https:\/\/www.europesays.com\/it\/wp-json\/wp\/v2\/categories?post=454340"},{"taxonomy":"post_tag","embeddable":true,"href":"https:\/\/www.europesays.com\/it\/wp-json\/wp\/v2\/tags?post=454340"}],"curies":[{"name":"wp","href":"https:\/\/api.w.org\/{rel}","templated":true}]}}