{"id":454411,"date":"2026-04-21T17:53:28","date_gmt":"2026-04-21T17:53:28","guid":{"rendered":"https:\/\/www.europesays.com\/it\/454411\/"},"modified":"2026-04-21T17:53:28","modified_gmt":"2026-04-21T17:53:28","slug":"papa-leone-xiv-oggi-in-guinea-equatoriale-il-programma-del-viaggio-apostolico-e-cosa-sapere","status":"publish","type":"post","link":"https:\/\/www.europesays.com\/it\/454411\/","title":{"rendered":"Papa Leone XIV oggi in Guinea Equatoriale, il programma del viaggio apostolico e cosa sapere"},"content":{"rendered":"<p>Ultima tappa del viaggio in Africa del Pontefice. Arrivato a Malabo, Prevost \u00e8 stato accolto dal presidente Teodoro Obiang Nguema Mbasogo e in seguito ha tenuto un discorso davanti alle autorit\u00e0 del Paese. Poi l&#8217;incontro con il mondo della cultura e la visita all\u2019ospedale psichiatrico Jean Pierre Olie. Il Papa si tratterr\u00e0 nel Paese fino al 23 aprile, quando far\u00e0 ritorno in Vaticano<\/p>\n<p>Ultima tappa del viaggio di Papa Leone XIV in Africa: oggi il Pontefice \u00e8 arrivato in\u00a0Guinea Equatoriale, dopo essere stato in Algeria, Camerun e Angola. Giunto a Malabo, Prevost ha effettuato una visita di cortesia al presidente Teodoro Obiang Nguema Mbasogo, che l&#8217;ha accolto in aeroporto, e ha pronunciato un discorso davanti alle autorit\u00e0 del Paese nel palazzo presidenziale. Poi, nel pomeriggio, l&#8217;incontro con il mondo della cultura in un campus universitario intitolato proprio al Santo Padre, &#8220;Le\u00f3n XIV&#8221;, all\u2019Universit\u00e0 Nazionale. &#8220;La verit\u00e0 non si fabbrica, non si manipola n\u00e9 si possiede come un trofeo, ma si accoglie, si cerca con umilt\u00e0 e si serve con responsabilit\u00e0&#8221;, ha detto Leone. Dopo\u00a0gli appuntamenti istituzionali, il Pontefice ha visitato l\u2019ospedale psichiatrico Jean Pierre Olie. In serata, poi, l\u2019incontro con i vescovi guineani.<\/p>\n<p>\t\t \t&#8220;Raccogliamo eredit\u00e0 di Francesco promuovendo la fratellanza&#8221;<\/p>\n<p>&#8220;Nel primo anniversario della nascita al cielo del nostro caro Papa Francesco, le sue parole e i suoi gesti rimangono impressi nei nostri cuori. Raccogliamo la sua eredit\u00e0 proclamando sempre la gioia del Vangelo, annunciando la misericordia di Dio e promuovendo la fratellanza tra tutti gli uomini e le donne del mondo&#8221;, ha scritto Leone XIV su X ricordando il predecessore a un anno dalla scomparsa. Il Papa, nel volo da Luanda a Malabo, ha parlato con i giornalisti ricordando Bergoglio, ad un anno dalla sua morte. &#8220;Papa Francesco ha donato tanto alla Chiesa con la sua vita, la sua testimonianza, la sua parola e i suoi gesti&#8221;. Ha vissuto &#8220;veramente la vicinanza ai pi\u00f9 poveri, ai pi\u00f9 piccoli, ai malati, ai bambini, agli anziani&#8221;. Poi Leone\u00a0ha citato l&#8217;impegno di Bergoglio per &#8220;la fratellanza universale, cercando di promuovere un autentico rispetto per tutti gli uomini, tutte le donne, promuovendo questo spirito di fraternit\u00e0, di essere fratelli e sorelle&#8221;. Prevost ha ricordato anche i messaggi sulla misericordia, a partire dai primi Angelus del 2013 fino al Giubileo straordinario, tra l&#8217;altro aperto proprio in Africa, a Bangui in Repubblica Centrafricana. &#8220;Preghiamo che lui gi\u00e0 stia godendo della misericordia del Signore e ringraziamo il Signore per il gran dono della vita di Francesco a tutta la Chiesa e a tutto il mondo&#8221;.<\/p>\n<p>\t\t\t<a class=\"c-inline-card j-inline-card c-inline-card--with-image\" href=\"https:\/\/tg24.sky.it\/mondo\/approfondimenti\/papa-francesco\" rel=\"follow nofollow noopener\" data-intcmp=\"skytg24_articolo_approfondimenti_inline\" target=\"_blank\"><\/p>\n<p>\t\t\t         <img decoding=\"async\" crossorigin=\"anonymous\" alt=\"Pope Francis waves at faithfuls during Immaculate Conception celebration prayer in Spanish Square, Rome, 8 December 2024. ANSA\/RICCARDO ANTIMIANI\" src=\"https:\/\/www.europesays.com\/it\/wp-content\/uploads\/2026\/04\/1776794002_747_papa_ansa.jpeg\"  loading=\"lazy\"  bad-src=\"https:\/\/www.europesays.com\/it\/wp-content\/uploads\/2026\/04\/1776794002_747_papa_ansa.jpeg\"\/><\/p>\n<p>\n\t\t\t         Approfondimento<br \/>\n\t\t\t         Papa Francesco, una vita per la fede. La fotostoria di Bergoglio\n\t\t\t      <\/p>\n<p>\t\t\t<\/a><\/p>\n<p>\t\t \t&#8220;Chiesa e Stato possono lavorare insieme per il bene comune&#8221;<\/p>\n<p>La Chiesa e lo Stato possono lavorare &#8220;insieme&#8221; per &#8220;il bene di tutto il popolo&#8221;, ha osservato ancora il\u00a0Papa\u00a0rispondendo, nel volo da Luanda a Malabo, a una domanda di una giornalista dell&#8217;Angola, aggiungendo di avere conversato con le autorit\u00e0 del Paese in particolare per i servizi riguardanti l&#8217;educazione e la sanit\u00e0. &#8220;La Chiesa ha la responsabilit\u00e0 con la testimonianza con la parola e anche con una predicazione, un annuncio coraggioso della parola di Dio&#8221; per &#8220;riconoscere i diritti di tutti e aiutare in questo senso di promuovere i diritti universali&#8221;. Poi, rispondendo a un&#8217;altra domanda, ha detto:\u00a0&#8220;Non \u00e8 deciso quando ci sar\u00e0 la creazione di nuovi cardinali&#8221;, &#8220;bisogna vedere un po&#8217; la questione a livello globale. Speriamo che per l&#8217;Africa, e anche magari per l&#8217;Angola, nel futuro non dico prossimo o pi\u00f9 lontano, per\u00f2 si potr\u00e0 considerare la nomina della creazione di un nuovo cardinale&#8221;.<\/p>\n<p>&#8220;Una gioia vedere luoghi dove la Chiesa cresce come in Africa&#8221;<\/p>\n<p>&#8220;\u00c8 sempre una gioia vedere i luoghi nel mondo dove la Chiesa sta crescendo e sappiamo tutti che ci sono altri luoghi del mondo dove succede il contrario&#8221;, ha detto ancora il\u00a0Papa\u00a0parlando con i giornalisti della Chiesa in Africa. &#8220;Quindi c&#8217;\u00e8 qui una chiamata all&#8217;evangelizzazione continuare a annunciare il Vangelo e cercare di invitare altri non nel proselitismo, come diceva tante volte\u00a0Papa\u00a0Francesco, ma per la bellezza. L&#8217;attrazione della gioia dei credenti \u00e8 uno dei migliori annunci della fede del Vangelo&#8221;.<\/p>\n<p>\t\t\t<a class=\"c-inline-card j-inline-card c-inline-card--with-image\" href=\"https:\/\/tg24.sky.it\/mondo\/2026\/04\/20\/papa-leone-xiv-angola-oggi\" rel=\"follow nofollow noopener\" data-intcmp=\"skytg24_articolo_approfondimenti_inline\" target=\"_blank\"><\/p>\n<p>\t\t\t         <img decoding=\"async\" crossorigin=\"anonymous\" alt=\"\" src=\"https:\/\/www.europesays.com\/it\/wp-content\/uploads\/2026\/04\/1776794002_981_papa_ansa_hero.jpeg\"  loading=\"lazy\"  bad-src=\"https:\/\/www.europesays.com\/it\/wp-content\/uploads\/2026\/04\/1776794002_981_papa_ansa_hero.jpeg\"\/><\/p>\n<p>\n\t\t\t         Leggi anche<br \/>\n\t\t\t         Angola, Papa Leone XIV a vescovi e sacerdoti: &#8220;Non cercate privilegi&#8221;\n\t\t\t      <\/p>\n<p>\t\t\t<\/a><\/p>\n<p>\t        <img decoding=\"async\" crossorigin=\"anonymous\" src=\"https:\/\/www.europesays.com\/it\/wp-content\/uploads\/2026\/04\/papa_guinea_ansa.JPG\" class=\"c-inline-image__img j-lazyload\" itemprop=\"contentUrl\" loading=\"lazy\" data-cmp-hook-image=\"image\" alt=\"Papa Leone Guinea Equatoriale\" title=\"Papa Leone e il presidente della Guinea Equatoriale, Teodoro Obiang Nguema Mbasogo\"\/><\/p>\n<p>\t       \tPapa Leone e il presidente della Guinea Equatoriale, Teodoro Obiang Nguema Mbasogo  &#8211;  \u00a9Ansa<\/p>\n<p>\t\t \t&#8220;Dico no a un&#8217;economia che uccide&#8221;<\/p>\n<p>A Malabo il Papa, dopo la visita di cortesia al\u00a0presidente Teodoro Obiang Nguema Mbasogo, ha tenuto un\u00a0discorso alle autorit\u00e0 della Guinea Equatoriale, ricordando Bergoglio scomparso un anno fa: &#8220;Faccio mio l&#8217;appello di\u00a0Papa\u00a0Francesco, che proprio un anno fa lasciava questo mondo: &#8216;Oggi dobbiamo dire no a un&#8217;economia dell&#8217;esclusione e della inequit\u00e0. Questa economia uccide&#8217;&#8221;.<\/p>\n<p>&#8220;Sempre pi\u00f9 conflitti ignorando il diritto internazionale&#8221;<\/p>\n<p>&#8220;La rapidissima evoluzione tecnologica cui stiamo assistendo ha accelerato una speculazione connessa al bisogno di materie prime, che sembra far dimenticare esigenze fondamentali come la salvaguardia del creato, i diritti delle comunit\u00e0 locali, la dignit\u00e0 del lavoro, la tutela della salute pubblica&#8221;, ha detto ancora il\u00a0Papa\u00a0alle autorit\u00e0 della Guinea Equatoriale, sottolineando che oggi &#8220;la proliferazione dei conflitti armati ha tra i suoi principali moventi la colonizzazione di giacimenti petroliferi e minerari, senza riguardo al diritto internazionale e all&#8217;autodeterminazione dei popoli&#8221;.\u00a0<\/p>\n<p>&#8220;Mondo ferito dalla prepotenza, andiamo controcorrente&#8221;<\/p>\n<p>Il\u00a0Pontefice ha poi chiesto alla Guinea Equatoriale di lavorare, insieme alla Chiesa, &#8220;per la formazione di coscienze libere e responsabili, con cui andare insieme verso il futuro. In un mondo ferito dalla prepotenza, i popoli hanno fame e sete di giustizia. Bisogna stimare &#8211; ha aggiunto\u00a0Papa\u00a0Leone XIV &#8211; chi crede nella pace e osare politiche controcorrente, con al centro il bene comune. Urge il coraggio di visioni nuove e di un patto educativo che dia ai giovani spazio e fiducia&#8221;.<\/p>\n<p>&#8220;Il nome di Dio non sia profanato per giustificare la morte&#8221;<\/p>\n<p>Le nuove tecnologie oggi &#8220;appaiono concepite e utilizzate primariamente a scopi bellici e in cornici di significato che non lasciano intendere una crescita di opportunit\u00e0 per tutti. Al contrario, senza un cambio di passo nell&#8217;assunzione di responsabilit\u00e0 politica e senza rispetto delle istituzioni e degli accordi internazionali, il destino dell&#8217;umanit\u00e0 rischia di venire tragicamente compromesso&#8221;, ha osservato il\u00a0Papa sempre nel discorso alle autorit\u00e0 della Guinea Equatoriale, aggiungendo: &#8220;Dio non vuole questo. Il suo Nome santo non pu\u00f2 essere profanato dalla volont\u00e0 di dominio, dalla prepotenza e dalla discriminazione: soprattutto, mai dev&#8217;essere invocato per giustificare scelte e azioni di morte&#8221;.\u00a0<\/p>\n<p>\t\t\t<a class=\"c-inline-card j-inline-card c-inline-card--with-image\" href=\"https:\/\/tg24.sky.it\/mondo\/2026\/04\/19\/papa-leone-xiv-angola-oggi\" rel=\"follow nofollow noopener\" data-intcmp=\"skytg24_articolo_approfondimenti_inline\" target=\"_blank\"><\/p>\n<p>\t\t\t         <img decoding=\"async\" crossorigin=\"anonymous\" alt=\"\" src=\"https:\/\/www.europesays.com\/it\/wp-content\/uploads\/2026\/04\/collage_papa_vance_ansa_ipa.jpg\"  loading=\"lazy\"  bad-src=\"https:\/\/www.europesays.com\/it\/wp-content\/uploads\/2026\/04\/collage_papa_vance_ansa_ipa.jpg\"\/><\/p>\n<p>\n\t\t\t         Leggi anche<br \/>\n\t\t\t         Papa in Angola, Vance: grato a Leone per non voler dibattere con Trump\n\t\t\t      <\/p>\n<p>\t\t\t<\/a><\/p>\n<p>\t        <img decoding=\"async\" crossorigin=\"anonymous\" src=\"https:\/\/www.europesays.com\/it\/wp-content\/uploads\/2026\/04\/papa_guinea_ansa2.JPG\" class=\"c-inline-image__img j-lazyload\" itemprop=\"contentUrl\" loading=\"lazy\" data-cmp-hook-image=\"image\" alt=\"Papa Guinea equatoriale\" title=\"Papa Leone e il presidente della Guinea Equatoriale, Teodoro Obiang Nguema Mbasogo\"\/><\/p>\n<p>\t       \tPapa Leone e il presidente della Guinea Equatoriale, Teodoro Obiang Nguema Mbasogo  &#8211;  \u00a9Ansa<\/p>\n<p>\t\t \t\u201cLa verit\u00e0 non si fabbrica n\u00e9 si manipola\u201d<\/p>\n<p>Nel pomeriggio, il Papa si \u00e8 spostato nel campus universitario che gli \u00e8 stato dedicato. &#8220;La verit\u00e0 non si fabbrica, non si manipola n\u00e9 si possiede come un trofeo, ma si accoglie, si cerca con umilt\u00e0 e si serve con responsabilit\u00e0&#8221;, ha detto parlando al mondo della cultura della Guinea Equatoriale. &#8220;Per questo, da una prospettiva cristiana, Cristo non appare come una via d&#8217;uscita fideistica di fronte alla fatica intellettuale, come se la fede iniziasse dove la ragione si ferma. Al contrario: in Lui si manifesta la profonda armonia tra verit\u00e0, ragione e libert\u00e0&#8221;, ha aggiunto il Pontefice. Per Leone XIV &#8220;il problema non sta, dunque, nella conoscenza, ma nella sua deviazione verso un&#8217;intelligenza che non cerca pi\u00f9 di corrispondere alla realt\u00e0, ma di piegarla alle proprie misure, giudicandola secondo la convenienza di chi pretende di conoscere. L\u00ec la conoscenza cessa di essere apertura e diventa possesso; cessa di essere cammino verso la saggezza e si trasforma in orgogliosa affermazione di autosufficienza, aprendo la strada a smarrimenti che possono arrivare a diventare disumani&#8221;.<\/p>\n<p>\u201cDio ci ama come siamo\u201d<\/p>\n<p>Pi\u00f9 tardi, il Pontefice ha visitato l\u2019ospedale psichiatrico di Malabo. \u201cDio ci ama come siamo. Solo Dio, in realt\u00e0, ci ama veramente cos\u00ec come siamo. Ma non perch\u00e9 rimaniamo come siamo! No, Dio non ci vuole sempre malati, ci vuole guarire!&#8221;, ha detto il Papa. E ha aggiunto: &#8220;Ges\u00f9 \u00e8 venuto ad amarci come siamo ma non per lasciarci cos\u00ec, per prendersi cura di noi! E un ospedale, specialmente se ha un&#8217;ispirazione cristiana, \u00e8 proprio questo: un luogo dove la persona \u00e8 accolta cos\u00ec com&#8217;\u00e8, rispettata nella sua fragilit\u00e0, ma per aiutarla a stare meglio, in una visione integrale&#8221;.<\/p>\n<p>\t\t\t<a class=\"c-inline-card j-inline-card c-inline-card--with-image\" href=\"https:\/\/tg24.sky.it\/mondo\/2026\/04\/18\/papa-leone-xiv-angola-oggi\" rel=\"follow nofollow noopener\" data-intcmp=\"skytg24_articolo_approfondimenti_inline\" target=\"_blank\"><\/p>\n<p>\t\t\t         <img decoding=\"async\" crossorigin=\"anonymous\" alt=\"Pope Leo XIV during a welcome ceremony at  4 de Fevereiro  Luanda International Airport, Luanda, Angola. 18 April 2026. Pope Leo XIV is on apostolic journey to Angola. ANSA\/LUCA ZENNARO&#10;\" src=\"https:\/\/www.europesays.com\/it\/wp-content\/uploads\/2026\/04\/papa_leone_angola_ansa.JPG\"  loading=\"lazy\"  bad-src=\"https:\/\/www.europesays.com\/it\/wp-content\/uploads\/2026\/04\/papa_leone_angola_ansa.JPG\"\/><\/p>\n<p>\n\t\t\t         Vedi anche<br \/>\n\t\t\t         Papa Leone XIV in Angola: &#8220;Non \u00e8 mio interesse dibattere con Trump&#8221;\n\t\t\t      <\/p>\n<p>\t\t\t<\/a><\/p>\n<p>\t\t \tIl programma in Guinea Equatoriale<\/p>\n<p>La giornata pi\u00f9 impegnativa del tour africano di Papa Leone sar\u00e0 probabilmente quella di mercoled\u00ec 22 aprile, con due viaggi. Alle 8.10 da Malabo Leone si sposter\u00e0 a Mongomo dove celebrer\u00e0 la Messa nella Basilica dell\u2019Immacolata Concezione. Alle 12.30 visiter\u00e0 la \u201cEscuela Tecnologica Papa Francesco\u201d, progetto intitolato al Pontefice argentino. Alle 15.10 Leone XIV sar\u00e0 di nuovo a bordo dell\u2019aero per dirigersi a Bata, capitale politica della nazione. Tre i momenti che vivr\u00e0 l\u00ec Leone, tutti di forte impatto: la visita alla prigione, poi il momento di preghiera al Monumento commemorativo delle vittime dell\u2019esplosione di un\u2019armeria, il 7 marzo 2021, che caus\u00f2 20 morti e circa 500 feriti; infine l\u2019incontro allo Stadio con giovani e famiglie a cui rivolger\u00e0 un discorso. Terminato il programma, il Papa alle 19.40 partir\u00e0 da Bata e far\u00e0 ritorno a Malabo.\u00a0E Malabo sar\u00e0 anche lo scenario dell\u2019atto conclusivo del viaggio papale in Africa. La Messa allo Stadio la mattina del 23 aprile, alle 10, sar\u00e0 infatti l\u2019ultimo appuntamento del Pontefice che, alle 12.45, si congeder\u00e0 dal Paese e salir\u00e0 sull\u2019aereo che lo condurr\u00e0 a Roma. L\u2019arrivo \u00e8 previsto alle 19.55.<\/p>\n<p>\t\t\t<a class=\"c-inline-card j-inline-card c-inline-card--with-image\" href=\"https:\/\/tg24.sky.it\/mondo\/video\/2026\/04\/21\/papa-leone-xiv-angola-appello-pace-1091837\" rel=\"follow nofollow noopener\" data-intcmp=\"skytg24_articolo_approfondimenti_inline\" target=\"_blank\"><\/p>\n<p>\t\t\t         <img decoding=\"async\" crossorigin=\"anonymous\" alt=\"\" src=\"https:\/\/www.europesays.com\/it\/wp-content\/uploads\/2026\/04\/1091837_1776767951988_thumb_494.0000001_1776771271580.jpg\"  loading=\"lazy\"  bad-src=\"https:\/\/www.europesays.com\/it\/wp-content\/uploads\/2026\/04\/1091837_1776767951988_thumb_494.0000001_1776771271580.jpg\"\/><\/p>\n<p>\n\t\t\t         Vedi anche<br \/>\n\t\t\t         Il Papa lascia l\u2019Angola, appelli a pace e giustizia sociale\n\t\t\t      <\/p>\n<p>\t\t\t<\/a><\/p>\n<p>\t            TAG:<\/p>\n","protected":false},"excerpt":{"rendered":"Ultima tappa del viaggio in Africa del Pontefice. Arrivato a Malabo, Prevost \u00e8 stato accolto dal presidente Teodoro&hellip;\n","protected":false},"author":3,"featured_media":454412,"comment_status":"","ping_status":"","sticky":false,"template":"","format":"standard","meta":{"footnotes":"","_share_on_mastodon":"0"},"categories":[160],"tags":[14,164,165,369,23348,166,7,15,1358,11,167,12,168,161,162,163],"class_list":["post-454411","post","type-post","status-publish","format-standard","has-post-thumbnail","category-mondo","tag-cronaca","tag-dal-mondo","tag-dalmondo","tag-digitall","tag-guinea","tag-mondo","tag-news","tag-notizie","tag-papa-leone-xiv","tag-ultime-notizie","tag-ultime-notizie-di-mondo","tag-ultimenotizie","tag-ultimenotiziedimondo","tag-world","tag-world-news","tag-worldnews"],"share_on_mastodon":{"url":"https:\/\/pubeurope.com\/@it\/116443978872085408","error":""},"_links":{"self":[{"href":"https:\/\/www.europesays.com\/it\/wp-json\/wp\/v2\/posts\/454411","targetHints":{"allow":["GET"]}}],"collection":[{"href":"https:\/\/www.europesays.com\/it\/wp-json\/wp\/v2\/posts"}],"about":[{"href":"https:\/\/www.europesays.com\/it\/wp-json\/wp\/v2\/types\/post"}],"author":[{"embeddable":true,"href":"https:\/\/www.europesays.com\/it\/wp-json\/wp\/v2\/users\/3"}],"replies":[{"embeddable":true,"href":"https:\/\/www.europesays.com\/it\/wp-json\/wp\/v2\/comments?post=454411"}],"version-history":[{"count":0,"href":"https:\/\/www.europesays.com\/it\/wp-json\/wp\/v2\/posts\/454411\/revisions"}],"wp:featuredmedia":[{"embeddable":true,"href":"https:\/\/www.europesays.com\/it\/wp-json\/wp\/v2\/media\/454412"}],"wp:attachment":[{"href":"https:\/\/www.europesays.com\/it\/wp-json\/wp\/v2\/media?parent=454411"}],"wp:term":[{"taxonomy":"category","embeddable":true,"href":"https:\/\/www.europesays.com\/it\/wp-json\/wp\/v2\/categories?post=454411"},{"taxonomy":"post_tag","embeddable":true,"href":"https:\/\/www.europesays.com\/it\/wp-json\/wp\/v2\/tags?post=454411"}],"curies":[{"name":"wp","href":"https:\/\/api.w.org\/{rel}","templated":true}]}}