{"id":454761,"date":"2026-04-21T23:04:18","date_gmt":"2026-04-21T23:04:18","guid":{"rendered":"https:\/\/www.europesays.com\/it\/454761\/"},"modified":"2026-04-21T23:04:18","modified_gmt":"2026-04-21T23:04:18","slug":"giro-ditalia-express-le-riprese-a-feltre-cesiomaggiore-e-fonzaso-per-scoprire-luoghi-e-tradizioni-iconiche-nei-luoghi-della-corsa-rosa","status":"publish","type":"post","link":"https:\/\/www.europesays.com\/it\/454761\/","title":{"rendered":"Giro d&#8217;Italia Express, le riprese a Feltre, Cesiomaggiore e Fonzaso per scoprire luoghi e tradizioni iconiche nei luoghi della Corsa rosa"},"content":{"rendered":"<p>BELLUNO &#8211;\u00a0<a href=\"https:\/\/www.ilgazzettino.it\/t\/giro-d\" italia=\"\" rel=\"nofollow noopener\" target=\"_blank\">Giro d&#8217;Italia<\/a> Express: la troupe tra <a href=\"https:\/\/www.ilgazzettino.it\/t\/feltre\" rel=\"nofollow noopener\" target=\"_blank\">Feltre<\/a>, <a href=\"https:\/\/www.ilgazzettino.it\/t\/cesiomaggiore\" rel=\"nofollow noopener\" target=\"_blank\">Cesiomaggiore<\/a> e Manifattura Val Cismon per raccontare dal cuore del territorio il tappone dolomitico del 29 maggio. Tra domenica 19 e luned\u00ec 20 aprile si sono svolte le riprese del format &#8220;Giro d&#8217;Italia Express&#8221;, un prodotto multimediale ad alta visibilit\u00e0 che sar\u00e0 lanciato il 29 maggio, in concomitanza con la tappa Feltre-Alleghe (Piani di Pezz\u00e8) della Corsa rosa.<br \/>Il progetto, ormai consolidato da 5 edizioni, accompagna il Giro attraversando l&#8217;Italia meno scontata, quella fatta di storie, persone ed eccellenze. La troupe, impegnata lungo tutte le citt\u00e0 di partenza e arrivo, ha percorso nei mesi scorsi l&#8217;intero Paese, realizzando contenuti che verranno pubblicati sulla home page ufficiale del Giro nel giorno di tappa e successivamente distribuiti in formato &#8220;cartolina&#8221; anche su Rai e RaiPlay.<\/p>\n<p>    &#13;<\/p>\n<p>APPROFONDIMENTI<\/p>\n<p>&#13;<\/p>\n<p>                            &#13;<br \/>\n                                            &#13;<br \/>\n                            <a href=\"https:\/\/www.ilgazzettino.it\/nordest\/primopiano\/giro_d_italia_giro_women_vinitaly_tappe_veneto_quando_dove_date-9474457.html\" rel=\"nofollow noopener\" target=\"_blank\">&#13;<br \/>\n                                                                <img decoding=\"async\" src=\"https:\/\/www.europesays.com\/it\/wp-content\/uploads\/2026\/04\/9474457_14174913_giro_d_italia_giro_women_vinitaly_tappe_veneto_quando_dove_date.jpg\"\/>&#13;<br \/>\n                            <\/a>&#13;<br \/>\n                        &#13;<br \/>\n                                        &#13;<\/p>\n<p>                            &#13;<br \/>\n                                            &#13;<br \/>\n                            <a href=\"https:\/\/www.ilgazzettino.it\/nordest\/belluno\/giro_italia_2026_feltre_alleghe_eventi-9394993.html\" rel=\"nofollow noopener\" target=\"_blank\">&#13;<br \/>\n                                                                <img decoding=\"async\" src=\"https:\/\/www.europesays.com\/it\/wp-content\/uploads\/2026\/04\/9394993_04114910_giro_italia_2026_feltre_alleghe_eventi.jpg\"\/>&#13;<br \/>\n                            <\/a>&#13;<br \/>\n                        &#13;<br \/>\n                                        &#13;<\/p>\n<p>        &#13;<\/p>\n<p>\u00a0 Sguardo autentico <\/p>\n<p>Un itinerario, quello percorso dalla triatleta Alessandra Fior, che segue le 21 tappe del Giro d&#8217;Italia Man e le 9 del Giro d&#8217;Italia Women, restituendo uno sguardo autentico sull&#8217;Italia che pedala. Nel Feltrino, il format si articola in tre momenti distinti. Il primo blocco, girato nel cuore di Feltre tra piazza Maggiore e il teatro de la Sena, ha aperto la narrazione con un omaggio alla citt\u00e0. Qui si intrecciano tradizione e contemporaneit\u00e0: dal fascino storico del Palio alla vocazione sportiva, fino alla proposta culturale. A impreziosire le riprese, la presenza scenica di alcune figure del Palio, mentre a portare il saluto istituzionale \u00e8 stata la sindaca Viviana Fusaro.<br \/>Il secondo momento di riprese \u00e8 proseguito a Cesiomaggiore, al Museo storico della Bicicletta Toni Bevilacqua, per raccontare il territorio come destinazione ideale per il ciclismo diffuso. Ad accogliere la triatleta Fior \u00e8 stato Carlo Zanella, sindaco e presidente dell&#8217;Unione Montana Feltrina, mentre figuranti in abiti d&#8217;epoca rievocano la tradizione ciclistica locale, richiamando la Sanvido Classic, oggi inserita nel circuito del Giro d&#8217;Italia d&#8217;Epoca.<\/p>\n<p>\u00a0 Simboli iconici <\/p>\n<p>Il terzo blocco, girato ieri, ha avuto come focus la Manifattura Val Cismon di <a href=\"https:\/\/www.ilgazzettino.it\/t\/fonzaso\" rel=\"nofollow noopener\" target=\"_blank\">Fonzaso<\/a>. Qui prende forma uno dei simboli pi\u00f9 iconici del <a href=\"https:\/\/www.ilgazzettino.it\/t\/ciclismo\" rel=\"nofollow noopener\" target=\"_blank\">ciclismo<\/a> mondiale, la Maglia Rosa. A fare gli onori di casa, Alessio Cremonese, che ha aperto le porte dell&#8217;azienda. A sottolineare il valore dell&#8217;iniziativa \u00e8 stato anche Lionello Gorza, presidente del Consorzio turistico Dolomiti Prealpi: \u00ab\u00c8 sempre un onore vedere persone che girano tutta Italia meravigliarsi davanti alle nostre peculiarit\u00e0. In questi giorni di riprese \u00e8 successo pi\u00f9 volte: al teatro de La Sena, davanti al sipario dell&#8217;Orsi, e al Museo Storico della Bicicletta, dove si sono trovati &#8211; in un piccolo paese di montagna &#8211; davanti alle bici dei grandi campioni del Giro\u00bb.<\/p>\n<p><img decoding=\"async\" alt=\"\" src=\"https:\/\/www.europesays.com\/it\/wp-content\/uploads\/2026\/04\/onecms_1qlxkcg0jn4mhfhjtod_21110603.jpg\"\/><\/p>\n","protected":false},"excerpt":{"rendered":"BELLUNO &#8211;\u00a0Giro d&#8217;Italia Express: la troupe tra Feltre, Cesiomaggiore e Manifattura Val Cismon per raccontare dal cuore del&hellip;\n","protected":false},"author":3,"featured_media":454762,"comment_status":"","ping_status":"","sticky":false,"template":"","format":"standard","meta":{"footnotes":"","_share_on_mastodon":"0"},"categories":[1456],"tags":[48982,1824,1825,38112,254736,21359,1537,90,89,245,244],"class_list":["post-454761","post","type-post","status-publish","format-standard","has-post-thumbnail","category-ciclismo","tag-cesiomaggiore","tag-ciclismo","tag-cycling","tag-feltre","tag-fonzaso","tag-giro-d","tag-it","tag-italia","tag-italy","tag-sport","tag-sports"],"share_on_mastodon":{"url":"https:\/\/pubeurope.com\/@it\/116445201593720903","error":""},"_links":{"self":[{"href":"https:\/\/www.europesays.com\/it\/wp-json\/wp\/v2\/posts\/454761","targetHints":{"allow":["GET"]}}],"collection":[{"href":"https:\/\/www.europesays.com\/it\/wp-json\/wp\/v2\/posts"}],"about":[{"href":"https:\/\/www.europesays.com\/it\/wp-json\/wp\/v2\/types\/post"}],"author":[{"embeddable":true,"href":"https:\/\/www.europesays.com\/it\/wp-json\/wp\/v2\/users\/3"}],"replies":[{"embeddable":true,"href":"https:\/\/www.europesays.com\/it\/wp-json\/wp\/v2\/comments?post=454761"}],"version-history":[{"count":0,"href":"https:\/\/www.europesays.com\/it\/wp-json\/wp\/v2\/posts\/454761\/revisions"}],"wp:featuredmedia":[{"embeddable":true,"href":"https:\/\/www.europesays.com\/it\/wp-json\/wp\/v2\/media\/454762"}],"wp:attachment":[{"href":"https:\/\/www.europesays.com\/it\/wp-json\/wp\/v2\/media?parent=454761"}],"wp:term":[{"taxonomy":"category","embeddable":true,"href":"https:\/\/www.europesays.com\/it\/wp-json\/wp\/v2\/categories?post=454761"},{"taxonomy":"post_tag","embeddable":true,"href":"https:\/\/www.europesays.com\/it\/wp-json\/wp\/v2\/tags?post=454761"}],"curies":[{"name":"wp","href":"https:\/\/api.w.org\/{rel}","templated":true}]}}