{"id":454988,"date":"2026-04-22T03:15:21","date_gmt":"2026-04-22T03:15:21","guid":{"rendered":"https:\/\/www.europesays.com\/it\/454988\/"},"modified":"2026-04-22T03:15:21","modified_gmt":"2026-04-22T03:15:21","slug":"montalbano-affronta-il-caso-piu-duro-e-va-in-crisi-profonda-stasera-in-tv-ce-il-giro-di-boa-amica-it","status":"publish","type":"post","link":"https:\/\/www.europesays.com\/it\/454988\/","title":{"rendered":"Montalbano affronta il caso pi\u00f9 duro e va in crisi profonda: stasera in tv c\u2019\u00e8 \u201cIl giro di boa\u201d &#8211; Amica.it"},"content":{"rendered":"<ol>\n<li><a href=\"https:\/\/news.google.com\/rss\/articles\/CBMilgFBVV95cUxOSEFnTjZNTEdhWXdZbExUTkhLM1htMFI1SG5fOEJXMmRGVE1NeE5nZ2NGaDdFNm1hNkV2U2d6Ukk3dDBJT1JtU1o5QzVHOG1HSWY0c3NnY096YkFfZkpzemRHYmZSbnIwTUpyRXNxLWxEZVQwdG45STRsNWQ0TDVhSzgxcjVtb2pLVkdscVFLNmQ5UVZsZ2c?oc=5\" target=\"_blank\" rel=\"nofollow noopener\">Montalbano affronta il caso pi\u00f9 duro e va in crisi profonda: stasera in tv c\u2019\u00e8 \u201cIl giro di boa\u201d<\/a>&nbsp;&nbsp;Amica.it<\/li>\n<li><a href=\"https:\/\/news.google.com\/rss\/articles\/CBMixAFBVV95cUxPLVVpYUN2d0xEWGRKbVdKaVUxMURJekRDdlM4dlMtYld0Zy16MnE5U1IyTUJQc2VZc2NOQUQtcl85bzN2SHd2MmJISUFmRFdpcWxTaFlLUzFpeEpfRWZzWmpIMEVYN0FVNzdzQlBzRkVkbkFTTEV6aWdtSzROVFo4TnFwYklYOXk0NmItbm9VQWtZNXl0aHExTlh5cllwempwdzVpOWtmZTB3RjYwWk45ZTVQby1YRnNLdVpUWWptemkzRVF3?oc=5\" target=\"_blank\" rel=\"nofollow noopener\">Stasera in tv c&#8217;\u00e8 il Montalbano pi\u00f9 amato da Andrea Camilleri e la ragione \u00e8 questa<\/a>&nbsp;&nbsp;Style Magazine<\/li>\n<li><a href=\"https:\/\/news.google.com\/rss\/articles\/CBMiygFBVV95cUxOdk80eFJDY2FKLXd2ZmFPaHJMRWtRQ09OcElYUWdzMmlSZG1mM1RhSzRYTTNGTllVZXRmNnpnRU5qdmRnXy1yQmowZmE1T09zN1BvbERSVTMyd1FKMEszRnR1alNQRXl6M0FuRnJDbkJ3YVlJajA1aVNQVHFmVEowZFNEUHVhOUc4Zmc2dFBsNm5BTzliTjlRQklCUG1vNFpkd2JFNkNkbWVSOTVXeE5ycGh4SGFZSHJtNm5xME9SbC1xREJ1R240Q3l3?oc=5\" target=\"_blank\" rel=\"nofollow noopener\">Il commissario Montalbano, stasera in tv \u201cIl giro di boa\u201d: la puntata pi\u00f9 dura, che riporta alla mente i fatti di Genova<\/a>&nbsp;&nbsp;Il Messaggero<\/li>\n<li><a href=\"https:\/\/news.google.com\/rss\/articles\/CBMipgFBVV95cUxOSVpKQkRiV3JBWWFvVFI4bkJkMHp5QnYtc2RweHpKM2dPWmp0cUVVMDZ5NktrOGF5c2xYa2xQMWprbk9PSllVWHRfWnZmWDBnTHVpb051a1J1azBCWWMzbmVoZkZTQ0RTajhDb1R3Wk1jMkk5M1RUNVQyUlotZkdwVWI1dndVTUVRV0RpU3lvWk52OXJVcnI5Ykh3UnNVRDZkb0w5a213?oc=5\" target=\"_blank\" rel=\"nofollow noopener\">Il Commissario Montalbano \u2013 Il giro di boa \u2013 La trama<\/a>&nbsp;&nbsp;Bit Culturali<\/li>\n<li><a href=\"https:\/\/news.google.com\/rss\/articles\/CBMiwwFBVV95cUxOeUE3TVVyMTBLWDF4aWJJbnFwZVRmSEtWUW5BOVNrSmRITGxxNHNac3ZnYWFxa0ljR3NxS2ZiU2QyVjE4VHgxMFptTG1XcFRYcHFBYmFnS1lZNXU3ZUU1TXc5NUQ4WFlfMnhDVE50MlBidVRZLXdscm10RnJRM1k0TkZXdWJIUVRBZTF0VjdTU2pKemdITk1ONC1BVzhoZkxxY3hEcjQ3Zll4N2JNUkhmcHI5VHdVczRodWVpVFN3ZFduYW8?oc=5\" target=\"_blank\" rel=\"nofollow noopener\">Il commissario Montalbano Il giro di boa trama e anticipazioni Rai 1<\/a>&nbsp;&nbsp;Affaritaliani<\/li>\n<\/ol>\n","protected":false},"excerpt":{"rendered":"Montalbano affronta il caso pi\u00f9 duro e va in crisi profonda: stasera in tv c\u2019\u00e8 \u201cIl giro di&hellip;\n","protected":false},"author":3,"featured_media":454989,"comment_status":"","ping_status":"","sticky":false,"template":"","format":"standard","meta":{"footnotes":"","_share_on_mastodon":"0"},"categories":[1444],"tags":[31632,203,65651,204,1537,90,89,38718,44170,3501,9100,2656,253],"class_list":["post-454988","post","type-post","status-publish","format-standard","has-post-thumbnail","category-tv","tag-andrea-camilleri","tag-entertainment","tag-il-commissario-montalbano","tag-intrattenimento","tag-it","tag-italia","tag-italy","tag-luca-zingaretti","tag-montalbano","tag-rai-1","tag-serie-tv","tag-stasera-in-tv","tag-tv"],"share_on_mastodon":{"url":"https:\/\/pubeurope.com\/@it\/116446188381714522","error":""},"_links":{"self":[{"href":"https:\/\/www.europesays.com\/it\/wp-json\/wp\/v2\/posts\/454988","targetHints":{"allow":["GET"]}}],"collection":[{"href":"https:\/\/www.europesays.com\/it\/wp-json\/wp\/v2\/posts"}],"about":[{"href":"https:\/\/www.europesays.com\/it\/wp-json\/wp\/v2\/types\/post"}],"author":[{"embeddable":true,"href":"https:\/\/www.europesays.com\/it\/wp-json\/wp\/v2\/users\/3"}],"replies":[{"embeddable":true,"href":"https:\/\/www.europesays.com\/it\/wp-json\/wp\/v2\/comments?post=454988"}],"version-history":[{"count":0,"href":"https:\/\/www.europesays.com\/it\/wp-json\/wp\/v2\/posts\/454988\/revisions"}],"wp:featuredmedia":[{"embeddable":true,"href":"https:\/\/www.europesays.com\/it\/wp-json\/wp\/v2\/media\/454989"}],"wp:attachment":[{"href":"https:\/\/www.europesays.com\/it\/wp-json\/wp\/v2\/media?parent=454988"}],"wp:term":[{"taxonomy":"category","embeddable":true,"href":"https:\/\/www.europesays.com\/it\/wp-json\/wp\/v2\/categories?post=454988"},{"taxonomy":"post_tag","embeddable":true,"href":"https:\/\/www.europesays.com\/it\/wp-json\/wp\/v2\/tags?post=454988"}],"curies":[{"name":"wp","href":"https:\/\/api.w.org\/{rel}","templated":true}]}}