{"id":455277,"date":"2026-04-22T08:08:15","date_gmt":"2026-04-22T08:08:15","guid":{"rendered":"https:\/\/www.europesays.com\/it\/455277\/"},"modified":"2026-04-22T08:08:15","modified_gmt":"2026-04-22T08:08:15","slug":"italia-donnarumma-chiama-baldini-la-nazionale-con-i-giovani-i-convocati","status":"publish","type":"post","link":"https:\/\/www.europesays.com\/it\/455277\/","title":{"rendered":"Italia, Donnarumma chiama Baldini: la Nazionale con i giovani, i convocati"},"content":{"rendered":"<p>                                Il capitano ha telefonato al ct per mettersi a disposizione. Con lui a giugno per le partite in Lussemburgo e in Grecia ci saranno Esposito, Pisilli, Palestra e i migliori giovani azzurri<\/p>\n<p>            <a class=\"image is-50x50\" href=\"https:\/\/www.gazzetta.it\/redazione\/fabio-licari\/\" rel=\"nofollow noopener\" target=\"_blank\"><br \/>\n                <img decoding=\"async\" class=\"is-rounded\" src=\"https:\/\/www.europesays.com\/it\/wp-content\/uploads\/2026\/04\/fabio-licari_avatar.png\" alt=\"Fabio Licari\"\/><br \/>\n            <\/a><\/p>\n<p>Giornalista<\/p>\n<p>                    22 aprile &#8211; 09:15  &#8211; MILANO<\/p>\n<p class=\"paragraph\" spellcheck=\"true\">Gigio e i suoi fratelli. Meglio, i suoi fratellini. Gigio Donnarumma e l\u2019Under 21 che si fa Italia in Lussemburgo e in Grecia a giugno. Le due amichevoli della tristezza: dovevano essere di preparazione mondiale, sono un rito obbligato per questioni di diritti tv. L\u2019ultimo atto prima di sedersi sul divano per ammirare Francia, Spagna e Brasile. L\u2019importante \u00e8 non renderle inutili e preparare  il terreno al nuovo ciclo con il ct che verr\u00e0, Conte, Allegri o chiss\u00e0. In panchina, com\u2019\u00e8 giusto e tradizione, Silvio Baldini, selezionatore dell\u2019Under 21. Porter\u00e0 con s\u00e9 tutti i suoi ragazzi, si spera  presto da Nazionale. Con loro, Donnarumma, il capitano, pi\u00f9 Esposito, Palestra e Pisilli, quelli che il salto l\u2019hanno gi\u00e0 fatto.<\/p>\n<p>        &#8220;Pronto, sono Gigio&#8230;&#8221;\u2014 \u00a0<\/p>\n<p class=\"paragraph\" spellcheck=\"true\">La storia pi\u00f9 bella \u00e8 quella di Donnarumma, uno che di grandi salti se ne intende. Lui ha debuttato in azzurro il 1\u00b0 settembre 2016, a diciassette anni, con Gian Piero Ventura. \u00c8 diventato titolare a 19 anni appena compiuti, marzo 2018, con Gigi Di Biagio che, traghettatore anche lui, stava preparando il terreno a Roberto Mancini. Storie che si rincorrono. Nuova fase di passaggio:  Donnarumma poteva restare a casa come gli altri azzurri, da Bastoni a Tonali, da Kean a Locatelli, invece ha preferito prendere in mano il telefono e chiamare Baldini. Sorprendendolo pi\u00f9 o meno cos\u00ec: &#8220;Mister, io ci sono, se serve una mano&#8221;. Baldini non se l\u2019\u00e8 fatto ripetere. Aveva in mente di trapiantare tutta l\u2019Under 21: la guida del capitano, campione d\u2019Europa 2021, erede di Zoff e Buffon, non pu\u00f2 che fargli piacere.<\/p>\n<p>        Il 4-3-3 di Baldini\u2014 \u00a0<\/p>\n<p class=\"paragraph\" spellcheck=\"true\">Presto per disegnare campetti e ipotizzare convocazioni definitive, ma con tutti gli azzurrini  disponibili l\u2019Italia potrebbe giocare cos\u00ec, schierata nel 4-3-3 di Baldini: Donnarumma; Palestra, Comuzzo, Chiarodia, Bartesaghi; Pisilli, Lipani, Ndour; Fini, Esposito, Koleosho. In lista anche Palmisani (portiere), Favasuli, Ahanor, Guarino, Kayode (difensori), Dagasso, Berti, Faticanti (centrocampisti), Cherubini, Ekhator, Venturino, Cacciamani (attaccanti).<\/p>\n<p>        Tre Under da A\u2014 \u00a0<\/p>\n<p class=\"paragraph\" spellcheck=\"true\">Palestra, uno dei rimpianti in Bosnia visto il piglio con cui \u00e8 entrato nella ripresa, Pisilli ed Esposito sono gi\u00e0 nel giro dei grandi: l\u2019interista potrebbe tornare in caso di qualificazione all\u2019Euro Under 21. Non \u00e8 detto che il futuro ct rivoluzioner\u00e0 l\u2019Italia, anche perch\u00e9 i migliori erano quelli di Gattuso.  Per\u00f2 i tre non possono mancare nel nuovo ciclo. Alle convocazioni di Baldini manca almeno un mese, chiss\u00e0 se ci sar\u00e0 spazio per qualche altro big.<\/p>\n<p>        no telefonini\u2014 \u00a0<\/p>\n<p class=\"paragraph\" spellcheck=\"true\">In ogni caso ci sar\u00e0 da prepararsi a un paio di settimane in regime da&#8230; Under 21. Fin dal ritiro di  Coverciano, qualche giorno dopo la fine del campionato, nessuno avr\u00e0 il privilegio della stanza singola. Tutti in doppia, portieri in tripla. Orari rigidi per colazione e peso. E neanche l\u2019ombra di un telefonino. Come in tutte le squadre di Baldini.<\/p>\n<p class=\"is-copyright\">\u00a9 RIPRODUZIONE RISERVATA<\/p>\n","protected":false},"excerpt":{"rendered":"Il capitano ha telefonato al ct per mettersi a disposizione. Con lui a giugno per le partite in&hellip;\n","protected":false},"author":3,"featured_media":455278,"comment_status":"","ping_status":"","sticky":false,"template":"","format":"standard","meta":{"footnotes":"","_share_on_mastodon":"0"},"categories":[1452],"tags":[27623,255061,255062,3076,255063,255064,839,255065,255066,7526,255067,255068,128616,4700,65204,721,8230,5369,16936,45088,5886,14394,7171,1740,18401,1148,1251,6064,1537,90,89,56617,255060,962,2052,24450,6843,34449,2895,1917,1739,245,244,23201,4315],"class_list":["post-455277","post","type-post","status-publish","format-standard","has-post-thumbnail","category-calcio","tag-ahanor","tag-ahanor-guarino","tag-ahanor-guarino-kayode","tag-allegri","tag-allegri-chissa","tag-allegri-chissa-panchina","tag-almeno","tag-almeno-mese","tag-almeno-mese-chissa","tag-amichevoli","tag-amichevoli-tristezza","tag-amichevoli-tristezza-dovevano","tag-ammirare","tag-azzurri","tag-baldini","tag-calcio","tag-capitano","tag-chissa","tag-ciclo","tag-convocazioni","tag-ct","tag-donnarumma","tag-esposito","tag-football","tag-gigio","tag-giugno","tag-grandi","tag-grecia","tag-it","tag-italia","tag-italy","tag-lussemburgo","tag-lussemburgo-grecia","tag-mano","tag-migliori","tag-mister","tag-palestra","tag-pisilli","tag-presto","tag-pronto","tag-soccer","tag-sport","tag-sports","tag-terreno","tag-under"],"share_on_mastodon":{"url":"","error":"Validation failed: Text character limit of 500 exceeded"},"_links":{"self":[{"href":"https:\/\/www.europesays.com\/it\/wp-json\/wp\/v2\/posts\/455277","targetHints":{"allow":["GET"]}}],"collection":[{"href":"https:\/\/www.europesays.com\/it\/wp-json\/wp\/v2\/posts"}],"about":[{"href":"https:\/\/www.europesays.com\/it\/wp-json\/wp\/v2\/types\/post"}],"author":[{"embeddable":true,"href":"https:\/\/www.europesays.com\/it\/wp-json\/wp\/v2\/users\/3"}],"replies":[{"embeddable":true,"href":"https:\/\/www.europesays.com\/it\/wp-json\/wp\/v2\/comments?post=455277"}],"version-history":[{"count":0,"href":"https:\/\/www.europesays.com\/it\/wp-json\/wp\/v2\/posts\/455277\/revisions"}],"wp:featuredmedia":[{"embeddable":true,"href":"https:\/\/www.europesays.com\/it\/wp-json\/wp\/v2\/media\/455278"}],"wp:attachment":[{"href":"https:\/\/www.europesays.com\/it\/wp-json\/wp\/v2\/media?parent=455277"}],"wp:term":[{"taxonomy":"category","embeddable":true,"href":"https:\/\/www.europesays.com\/it\/wp-json\/wp\/v2\/categories?post=455277"},{"taxonomy":"post_tag","embeddable":true,"href":"https:\/\/www.europesays.com\/it\/wp-json\/wp\/v2\/tags?post=455277"}],"curies":[{"name":"wp","href":"https:\/\/api.w.org\/{rel}","templated":true}]}}