{"id":455406,"date":"2026-04-22T09:56:13","date_gmt":"2026-04-22T09:56:13","guid":{"rendered":"https:\/\/www.europesays.com\/it\/455406\/"},"modified":"2026-04-22T09:56:13","modified_gmt":"2026-04-22T09:56:13","slug":"biasin-chivu-ha-cambiato-atteggiamento-per-un-motivo-importante","status":"publish","type":"post","link":"https:\/\/www.europesays.com\/it\/455406\/","title":{"rendered":"Biasin: &#8220;Chivu ha cambiato atteggiamento per un motivo importante&#8221;"},"content":{"rendered":"<p>Nel suo editoriale per Tmw, il giornalista Fabrizio Biasin ha parlato del tecnico dell&#8217;Inter Chivu e del suo cambio di comunicazione <\/p>\n<p>Nel suo editoriale per Tmw, il giornalista Fabrizio <a href=\"https:\/\/www.fcinter1908.it\/ultimora\/sabatini-ordine-biasin-storie-tese-inaccettabile\/\" rel=\"nofollow noopener\" target=\"_blank\">Biasin<\/a> ha parlato del tecnico dell&#8217;Inter Chivu e del suo cambio di comunicazione<\/p>\n<p>Una cosa su Cristian Chivu, attaccato da molti perch\u00e9 \u201cha cambiato atteggiamento\u201d. Lo ha cambiato s\u00ec e il motivo sta proprio in quel \u201cIo non sono fesso\u201d spiattellato in conferenza. Un certo tipo di comunicazione lo stava trasformando non in quello a cui ispirarsi ma, per l\u2019appunto, nel fesso da punzecchiare. Lo ha capito nelle settimane post Inter-Juve e ha scelto di invertire la rotta. E nel frattempo ha (quasi) vinto un campionato contro colleghi con un\u2019esperienza decisamente superiore alla sua.<\/p>\n<p>Presenze in panchina nei club all\u2019inizio della stagione 2025\/26:<\/p>\n<p>&#8211; Cristian Chivu 17 (13+4 Mondiale per club)<\/p>\n<p>&#8211; Massimiliano Allegri 822<\/p>\n<p>L\u2019estate scorsa erano tutti dubbiosi (compreso il sottoscritto): \u201cCe la far\u00e0?\u201d, \u201cSar\u00e0 in grado di reggere l\u2019urto?\u201d. Ce l\u2019ha fatta e si \u00e8 preso pure una finale di Coppa Italia: non \u00e8 stato bravo, \u00e8 stato bravissimo.<\/p>\n<p class=\"is-copyright\">\u00a9 RIPRODUZIONE RISERVATA<\/p>\n","protected":false},"excerpt":{"rendered":"Nel suo editoriale per Tmw, il giornalista Fabrizio Biasin ha parlato del tecnico dell&#8217;Inter Chivu e del suo&hellip;\n","protected":false},"author":3,"featured_media":455407,"comment_status":"","ping_status":"","sticky":false,"template":"","format":"standard","meta":{"footnotes":"","_share_on_mastodon":"0"},"categories":[1452],"tags":[12899,10107,33383,255158,721,2295,152730,6099,6969,23406,2839,116210,554,1740,350,1537,90,89,1739,245,244],"class_list":["post-455406","post","type-post","status-publish","format-standard","has-post-thumbnail","category-calcio","tag-atteggiamento","tag-biasin","tag-biasin-parlato","tag-biasin-parlato-tecnico","tag-calcio","tag-cambiato","tag-cambiato-atteggiamento","tag-cambio","tag-ce","tag-ce-fatta","tag-chivu","tag-chivu-cambio","tag-club","tag-football","tag-inter","tag-it","tag-italia","tag-italy","tag-soccer","tag-sport","tag-sports"],"share_on_mastodon":{"url":"https:\/\/pubeurope.com\/@it\/116447765428405123","error":""},"_links":{"self":[{"href":"https:\/\/www.europesays.com\/it\/wp-json\/wp\/v2\/posts\/455406","targetHints":{"allow":["GET"]}}],"collection":[{"href":"https:\/\/www.europesays.com\/it\/wp-json\/wp\/v2\/posts"}],"about":[{"href":"https:\/\/www.europesays.com\/it\/wp-json\/wp\/v2\/types\/post"}],"author":[{"embeddable":true,"href":"https:\/\/www.europesays.com\/it\/wp-json\/wp\/v2\/users\/3"}],"replies":[{"embeddable":true,"href":"https:\/\/www.europesays.com\/it\/wp-json\/wp\/v2\/comments?post=455406"}],"version-history":[{"count":0,"href":"https:\/\/www.europesays.com\/it\/wp-json\/wp\/v2\/posts\/455406\/revisions"}],"wp:featuredmedia":[{"embeddable":true,"href":"https:\/\/www.europesays.com\/it\/wp-json\/wp\/v2\/media\/455407"}],"wp:attachment":[{"href":"https:\/\/www.europesays.com\/it\/wp-json\/wp\/v2\/media?parent=455406"}],"wp:term":[{"taxonomy":"category","embeddable":true,"href":"https:\/\/www.europesays.com\/it\/wp-json\/wp\/v2\/categories?post=455406"},{"taxonomy":"post_tag","embeddable":true,"href":"https:\/\/www.europesays.com\/it\/wp-json\/wp\/v2\/tags?post=455406"}],"curies":[{"name":"wp","href":"https:\/\/api.w.org\/{rel}","templated":true}]}}