{"id":455447,"date":"2026-04-22T10:32:14","date_gmt":"2026-04-22T10:32:14","guid":{"rendered":"https:\/\/www.europesays.com\/it\/455447\/"},"modified":"2026-04-22T10:32:14","modified_gmt":"2026-04-22T10:32:14","slug":"fabio-volo-la-leggerezza-travestita-da-profondita-non-funziona-tantomeno-la-finta-spontaneita","status":"publish","type":"post","link":"https:\/\/www.europesays.com\/it\/455447\/","title":{"rendered":"Fabio Volo, la leggerezza travestita da profondit\u00e0 non funziona. Tantomeno la finta spontaneit\u00e0"},"content":{"rendered":"<p>    di<br \/>\n    Aldo Grasso<\/p>\n<p class=\"summary-art is-line-h-12\">\u00abKong&#8230;\u00bb, il programma del conduttore-scrittore, mostra diverse lacune<\/p>\n<p class=\"chapter-paragraph\">Non \u00e8 facile parlare di Fabio Volo, \u00e8 pur sempre un tipo simpatico che vende migliaia di libri. Il suo nuovo programma<b> \u00abKong &#8211; Con la testa tra le nuvole\u00bb<\/b> su Rai 3 sembra voler portare in video ci\u00f2 che nei suoi libri \u00e8 diventato un marchio di fabbrica: una filosofia tascabile, pronta all\u2019uso, che ambisce all\u2019universale ma rifugge sistematicamente la complessit\u00e0. Il problema \u00e8 che la tv, pi\u00f9 ancora della pagina, non perdona la leggerezza quando si traveste da profondit\u00e0.<\/p>\n<p class=\"chapter-paragraph\"><b>L\u2019ambientazione sulla Torre del Parco<\/b> \u00e8 il primo indizio di questa ambizione irrisolta. L\u2019idea di salire a 110 metri per \u00abguardare le cose dall\u2019alto\u00bb \u00e8 una metafora tanto esplicita da risultare scolastica.    &#13;<br \/>\n&#13;<br \/>\n&#13;<br \/>\n&#13;<br \/>\n&#13;<br \/>\n&#13;<br \/>\n&#13;<br \/>\n&#13;<br \/>\n&#13;<br \/>\n&#13;<br \/>\n&#13;<br \/>\n&#13;<br \/>\n&#13;<br \/>\n&#13;<br \/>\n&#13;<br \/>\n&#13;<br \/>\n&#13;<br \/>\n&#13;<br \/>\n&#13;<br \/>\n&#13;<br \/>\n&#13;<br \/>\n&#13;<br \/>\n&#13;<br \/>\n&#13;<br \/>\n&#13;<br \/>\n&#13;<br \/>\n&#13;<br \/>\n&#13;<br \/>\n&#13;<br \/>\n&#13;<br \/>\n&#13;<br \/>\n&#13;<br \/>\n&#13;<br \/>\n&#13;<br \/>\n&#13;<br \/>\n&#13;<br \/>\n&#13;<br \/>\n&#13;<br \/>\n&#13;<br \/>\n&#13;<br \/>\n&#13;<br \/>\n&#13;<br \/>\n&#13;<br \/>\n&#13;<br \/>\n&#13;<br \/>\n&#13;<br \/>\n&#13;<br \/>\n&#13;<br \/>\n&#13;<br \/>\n&#13;<br \/>\n&#13;<br \/>\n&#13;<br \/>\n&#13;\n<\/p>\n<p class=\"chapter-paragraph\"><b>Quando Volo si trova davanti interlocutori <\/b>come Umberto Galimberti o Beppe Fiorello, il confronto si appiattisce su un terreno emotivo e condivisibile, ma raramente incisivo. Il rischio costante del conduttore \u00e8 quello di trasformare l\u2019intervistato in una versione di s\u00e9 stesso. Le domande vertono spesso su temi universali e astratti (la felicit\u00e0, l\u2019amore, la paura, il lavoro) trattati per\u00f2 con un approccio che evita il rigore intellettuale a favore del sentire comune.<\/p>\n<p class=\"chapter-paragraph\"><b>A questo si aggiunge l\u2019estetica dell\u2019autenticit\u00e0,<\/b> che \u00e8 poi la pi\u00f9 televisiva delle finzioni. Le pause, le inquadrature imperfette, il tono confidenziale: tutto concorre a costruire un\u2019idea di spontaneit\u00e0 che appare, per paradosso, molto costruita (come spiegava Brenda Lodigiani). La semplicit\u00e0, quando \u00e8 programmata, diventa stile e lo stile, qui, finisce per sostituire la sostanza.<br \/><b><br \/>Infine, c\u2019\u00e8 una questione di tempi televisivi. \u00ab<\/b>Kong\u00bb sembra arrivare da un\u2019altra epoca, quando il racconto intimista e un po\u2019 autoindulgente poteva apparire come una novit\u00e0 rassicurante. Oggi, in un panorama diviso tra velocit\u00e0 e approfondimento, questa terra di mezzo rischia di apparire evanescente. Il programma non disturba, non divide, non sorprende: accompagna. \u00abKong\u00bb \u00e8, in fondo, un prodotto coerente con il \u00abvolismo\u00bb: accessibile, levigato, emotivamente inclusivo. Ma proprio per questo lascia una sensazione di incompiutezza, come una frase motivazionale ben scritta che si dimentica pochi minuti dopo averla letta.<\/p>\n<p class=\"is-last-update\" datetime=\"2026-04-22T12:28:50+02:00\">22 aprile 2026 ( modifica il 22 aprile 2026 | 12:28)<\/p>\n<p class=\"is-copyright\">\n            \u00a9 RIPRODUZIONE RISERVATA\n        <\/p>\n","protected":false},"excerpt":{"rendered":"di Aldo Grasso \u00abKong&#8230;\u00bb, il programma del conduttore-scrittore, mostra diverse lacune Non \u00e8 facile parlare di Fabio Volo,&hellip;\n","protected":false},"author":3,"featured_media":455448,"comment_status":"","ping_status":"","sticky":false,"template":"","format":"standard","meta":{"footnotes":"","_share_on_mastodon":"0"},"categories":[174],"tags":[25642,255163,255164,24230,255165,255166,1237,255167,255168,4197,255169,255170,2537,255171,34186,15948,203,15504,116533,128,204,1537,90,89,9736,36632,1609,6176,897,79560,1581,4652],"class_list":["post-455447","post","type-post","status-publish","format-standard","has-post-thumbnail","category-intrattenimento","tag-accessibile","tag-accessibile-levigato","tag-accessibile-levigato-emotivamente","tag-accompagna","tag-accompagna-kong","tag-accompagna-kong-fondo","tag-aggiunge","tag-aggiunge-estetica","tag-aggiunge-estetica-autenticita","tag-alto","tag-alto-metafora","tag-alto-metafora-esplicita","tag-altra","tag-altra-epoca","tag-apparire","tag-conduttore","tag-entertainment","tag-fabio","tag-fabio-volo","tag-idea","tag-intrattenimento","tag-it","tag-italia","tag-italy","tag-kong","tag-leggerezza","tag-libri","tag-profondita","tag-programma","tag-spontaneita","tag-stile","tag-volo"],"share_on_mastodon":{"url":"","error":"Validation failed: Text character limit of 500 exceeded"},"_links":{"self":[{"href":"https:\/\/www.europesays.com\/it\/wp-json\/wp\/v2\/posts\/455447","targetHints":{"allow":["GET"]}}],"collection":[{"href":"https:\/\/www.europesays.com\/it\/wp-json\/wp\/v2\/posts"}],"about":[{"href":"https:\/\/www.europesays.com\/it\/wp-json\/wp\/v2\/types\/post"}],"author":[{"embeddable":true,"href":"https:\/\/www.europesays.com\/it\/wp-json\/wp\/v2\/users\/3"}],"replies":[{"embeddable":true,"href":"https:\/\/www.europesays.com\/it\/wp-json\/wp\/v2\/comments?post=455447"}],"version-history":[{"count":0,"href":"https:\/\/www.europesays.com\/it\/wp-json\/wp\/v2\/posts\/455447\/revisions"}],"wp:featuredmedia":[{"embeddable":true,"href":"https:\/\/www.europesays.com\/it\/wp-json\/wp\/v2\/media\/455448"}],"wp:attachment":[{"href":"https:\/\/www.europesays.com\/it\/wp-json\/wp\/v2\/media?parent=455447"}],"wp:term":[{"taxonomy":"category","embeddable":true,"href":"https:\/\/www.europesays.com\/it\/wp-json\/wp\/v2\/categories?post=455447"},{"taxonomy":"post_tag","embeddable":true,"href":"https:\/\/www.europesays.com\/it\/wp-json\/wp\/v2\/tags?post=455447"}],"curies":[{"name":"wp","href":"https:\/\/api.w.org\/{rel}","templated":true}]}}