{"id":455581,"date":"2026-04-22T12:23:17","date_gmt":"2026-04-22T12:23:17","guid":{"rendered":"https:\/\/www.europesays.com\/it\/455581\/"},"modified":"2026-04-22T12:23:17","modified_gmt":"2026-04-22T12:23:17","slug":"riapre-il-sito-unesco-con-la-vista-piu-bella","status":"publish","type":"post","link":"https:\/\/www.europesays.com\/it\/455581\/","title":{"rendered":"riapre il sito UNESCO con la vista pi\u00f9 bella"},"content":{"rendered":"<p>Forse nessuna struttura architettonica incarna il desiderio di controllo quanto una fortezza. Se per i regnanti del passato queste mura rappresentavano il baluardo invalicabile del potere, per i cittadini erano il simbolo tangibile di una separazione forzata.\u00a0Tuttavia, la riqualificazione dei siti storici moderni rappresenta la pi\u00f9 alta aspirazione di una comunit\u00e0: l\u2019idea che luoghi nati per isolare e sorvegliare possano finalmente aprirsi, trasformandosi in spazi dove passeggiare e godere delle viste panoramiche pi\u00f9 belle della citt\u00e0.<\/p>\n<p>\u00c8 il caso della <strong>Cittadella<\/strong>, l\u2019imponente fortezza che, situata sulla <strong>Collina Gell\u00e9rt<\/strong>, domina lo skyline della capitale ungherese.\u00a0Dopo sei anni di restauri, il <strong>Patrimonio UNESCO di Budapest<\/strong> riapre le sue porte proponendosi come uno spazio contemporaneo ricco di novit\u00e0 per approfondire la storia ungherese e il percorso di rinascita del Paese.\n<\/p>\n<p>La storia della Cittadella, Patrimonio UNESCO<\/p>\n<p>La storia della Cittadella \u00e8, fin dalle sue fondamenta, una storia di contrasti. Eretta dagli Asburgo <strong>tra il 1848 e il 1849<\/strong>, subito dopo la soppressione della guerra d\u2019indipendenza ungherese, la fortezza non fu costruita per difendere la citt\u00e0, ma per tenerla sotto scacco.<\/p>\n<p>Per decenni, i cannoni puntati verso <strong>Pest<\/strong> ricordarono ai cittadini chi deteneva il controllo, rendendo questo edificio uno dei pi\u00f9 detestati della nazione. Con il passare dei secoli, il complesso ha visto l\u2019avvicendarsi di simboli diversi, dalla croce alla moschea, fino al monumento alla vittoria sovietica, ognuno dei quali indicava un nuovo capitolo di dominio.<\/p>\n<p>Il recupero attuale ha voluto rompere definitivamente con questo passato di chiusura. Gli interventi archeologici che hanno preceduto i lavori hanno riportato alla luce manufatti rari, ma la vera opera \u00e8 stata quella architettonica: le mura sono state letteralmente aperte in pi\u00f9 punti per collegare i due lati della collina.<\/p>\n<p>Oggi, nel cortile centrale, sventola la <strong>bandiera nazionale pi\u00f9 grande d\u2019Ungheria<\/strong> (72 metri quadrati), un potente simbolo di unit\u00e0 che ha sostituito le ombre dei vecchi regimi.<\/p>\n<p>La riapertura della Cittadella<\/p>\n<p>Durante i lavori di restauro alla Cittadella, la superficie paesaggistica \u00e8 stata incrementata del 50%, dando vita a un <strong>nuovo parco pubblico<\/strong> di oltre 6.000 metri quadrati all\u2019interno delle mura. Si cammina tra rose, lavanda e alberi ornamentali, godendo di servizi moderni come una gelateria artigianale e una caffetteria con terrazza panoramica che offre, senza dubbio, la vista pi\u00f9 bella di <a href=\"https:\/\/siviaggia.it\/destinazioni\/europa\/ungheria\/budapest\/\" rel=\"nofollow noopener\" target=\"_blank\">Budapest<\/a>.<\/p>\n<p>Il cuore pulsante del nuovo percorso \u00e8 la mostra interattiva <strong>\u201cIl Bastione della Libert\u00e0\u201d<\/strong>, ospitata nella rondella occidentale. Attraverso effetti visivi e narrazioni mitologiche, come il sogno di Emese, i viaggiatori attraversano 13 secoli di storia magiara, con un\u2019attenzione particolare al ruolo delle donne nelle lotte per l\u2019indipendenza.<\/p>\n<p>Grazie a nuovi ascensori e percorsi senza barriere, inoltre, la fortezza \u00e8 oggi <strong>accessibile a tutti<\/strong>.<\/p>\n<p>Come visitare la Cittadella a Budapest<\/p>\n<p>La Cittadella \u00e8 <strong>accessibile a tutti gratuitamente<\/strong> durante gli orari di apertura: potrete esplorare il parco interno, i nuovi punti panoramici realizzati lungo le mura storiche della fortezza, passeggiare sulla promenade e ammirare la Statua della Libert\u00e0.<\/p>\n<p>\u00c8 invece richiesto un <strong>biglietto d\u2019ingresso<\/strong> per <strong>\u201cIl Bastione della Libert\u00e0\u201d<\/strong>, la mostra storica immersiva, cos\u00ec come per l\u2019accesso al Roof Garden 360 e alla Terrazza della Rondella, entrambi raggiungibili attraverso il percorso espositivo.<\/p>\n<p>I biglietti possono essere acquistati online in anticipo selezionando una fascia oraria, oppure in loco in base alla disponibilit\u00e0, e costano 4.900 HUF (intorno ai <strong>14 euro<\/strong>). Poich\u00e9 il numero di visitatori \u00e8 limitato, la prenotazione anticipata \u00e8 vivamente consigliata.<\/p>\n","protected":false},"excerpt":{"rendered":"Forse nessuna struttura architettonica incarna il desiderio di controllo quanto una fortezza. Se per i regnanti del passato&hellip;\n","protected":false},"author":3,"featured_media":455582,"comment_status":"","ping_status":"","sticky":false,"template":"","format":"standard","meta":{"footnotes":"","_share_on_mastodon":"0"},"categories":[160],"tags":[20452,5856,14,164,165,5857,166,7,15,11,167,12,168,161,162,163],"class_list":["post-455581","post","type-post","status-publish","format-standard","has-post-thumbnail","category-mondo","tag-castelli","tag-citta-darte","tag-cronaca","tag-dal-mondo","tag-dalmondo","tag-itinerari-culturali","tag-mondo","tag-news","tag-notizie","tag-ultime-notizie","tag-ultime-notizie-di-mondo","tag-ultimenotizie","tag-ultimenotiziedimondo","tag-world","tag-world-news","tag-worldnews"],"share_on_mastodon":{"url":"https:\/\/pubeurope.com\/@it\/116448343299290560","error":""},"_links":{"self":[{"href":"https:\/\/www.europesays.com\/it\/wp-json\/wp\/v2\/posts\/455581","targetHints":{"allow":["GET"]}}],"collection":[{"href":"https:\/\/www.europesays.com\/it\/wp-json\/wp\/v2\/posts"}],"about":[{"href":"https:\/\/www.europesays.com\/it\/wp-json\/wp\/v2\/types\/post"}],"author":[{"embeddable":true,"href":"https:\/\/www.europesays.com\/it\/wp-json\/wp\/v2\/users\/3"}],"replies":[{"embeddable":true,"href":"https:\/\/www.europesays.com\/it\/wp-json\/wp\/v2\/comments?post=455581"}],"version-history":[{"count":0,"href":"https:\/\/www.europesays.com\/it\/wp-json\/wp\/v2\/posts\/455581\/revisions"}],"wp:featuredmedia":[{"embeddable":true,"href":"https:\/\/www.europesays.com\/it\/wp-json\/wp\/v2\/media\/455582"}],"wp:attachment":[{"href":"https:\/\/www.europesays.com\/it\/wp-json\/wp\/v2\/media?parent=455581"}],"wp:term":[{"taxonomy":"category","embeddable":true,"href":"https:\/\/www.europesays.com\/it\/wp-json\/wp\/v2\/categories?post=455581"},{"taxonomy":"post_tag","embeddable":true,"href":"https:\/\/www.europesays.com\/it\/wp-json\/wp\/v2\/tags?post=455581"}],"curies":[{"name":"wp","href":"https:\/\/api.w.org\/{rel}","templated":true}]}}