{"id":455591,"date":"2026-04-22T12:34:16","date_gmt":"2026-04-22T12:34:16","guid":{"rendered":"https:\/\/www.europesays.com\/it\/455591\/"},"modified":"2026-04-22T12:34:16","modified_gmt":"2026-04-22T12:34:16","slug":"tour-of-the-alps-2026-domenico-pozzovivo-a-ridosso-dei-migliori-ora-punto-alla-top-10","status":"publish","type":"post","link":"https:\/\/www.europesays.com\/it\/455591\/","title":{"rendered":"Tour of the Alps 2026, Domenico Pozzovivo a ridosso dei migliori: &#8220;Ora punto alla top 10&#8221;"},"content":{"rendered":"<p>\t\t<img width=\"1200\" height=\"800\" src=\"https:\/\/www.europesays.com\/it\/wp-content\/uploads\/2026\/04\/1265668435.jpeg\" class=\"attachment-full size-full wp-post-image\" alt=\"\" data-main-img=\"1\" decoding=\"async\" fetchpriority=\"high\"  \/><\/p>\n<p>\t\t\t\t\t\t\t \u00a9 Sirotti<\/p>\n<p>\t\t\t\t\t<a href=\"https:\/\/cyclingpro.net\/spaziociclismo\/altro\/scopri-lapp-ufficiale-di-spaziociclismo\/\" title=\"\" rel=\"nofollow noopener\" target=\"_blank\"><br \/>\n\t\t\t\t\t\t<img loading=\"lazy\" decoding=\"async\" src=\"https:\/\/www.europesays.com\/it\/wp-content\/uploads\/2025\/09\/1758060682_662_Banner-App-SpazioCiclismo.png\" alt=\"\" width=\"728\" height=\"91\"\/><br \/>\n\t\t\t\t\t<\/a><\/p>\n<p><strong>Domenico Pozzovivo<\/strong> non smette di sorprendere e nel primo arrivo in salita del <strong>Tour of the Alps 2026<\/strong> ha chiuso a ridosso dei migliori. Malgrado l\u2019anno e mezzo di stop e i 43 anni, lo scalatore della <strong>Solution Tech \u2013 NIPPO \u2013 Rali<\/strong>, ha dimostrato di poter ancora dir la sua. 12esimo al traguardo di Val Martello, a 19 secondi dal vincitore Giulio Pellizzari. \u201cHo pagato delle accelerazioni in corsa a cui non sono abituato, specialmente scendendo dal Resia, ma sono soddisfatto della salita finale \u2013 afferma il lucano, al via della terza tappa \u2013 <strong>Penso di essermi difeso bene<\/strong>. Speriamo di continuare cos\u00ec questi giorni\u201d.<\/p>\n<p>Pozzovivo non vuole porsi limiti e spera di fare ancora meglio da qui alla fine della corsa. \u201cIeri erano pendenze importanti, una salita adatta alle mie caratteristiche. \u00c8 una bella soddisfazione essere a questo livello. Se ho deciso di rientrare \u00e8 perch\u00e9 pensavo di poterlo raggiungere. Ieri ero in linea con i valori migliori della mia carriera \u2013 spiega- <strong>Realisticamente una top 10 \u00e8 possibile<\/strong>. Ci prover\u00f2\u201d.<\/p>\n<p>Seguici<\/p>\n<p>\t\t\t\t\t\t\t\t\t\t<a href=\"https:\/\/news.google.com\/publications\/CAAqBwgKMNaVhQswhaiCAw?hl=it&amp;gl=IT&amp;ceid=IT%3Ait\" title=\"Google News\" target=\"_blank\" rel=\"nofollow noopener\" class=\"post-followus-btn google-new-btn\"><br \/>\n\t\t\t\t\t\t<img decoding=\"async\" src=\"https:\/\/cyclingpro.net\/spaziociclismo\/wp-content\/themes\/jannah\/assets\/images\/google-news.svg\" alt=\"Google News\" loading=\"lazy\" width=\"120\" height=\"22\"\/><br \/>\n\t\t\t\t\t<\/a><br \/>\n\t\t\t\t\t\t\t\t\t\t<a href=\"https:\/\/flipboard.com\/@SpazioCiclismo\" title=\"Flipboard\" target=\"_blank\" rel=\"nofollow noopener\" class=\"post-followus-btn flipboard-btn\"><br \/>\n\t\t\t\t\t\t<img decoding=\"async\" src=\"https:\/\/cyclingpro.net\/spaziociclismo\/wp-content\/themes\/jannah\/assets\/images\/flipboard.svg\" alt=\"Flipboard\" loading=\"lazy\" width=\"152\" height=\"30\"\/><br \/>\n\t\t\t\t\t<\/a><\/p>\n","protected":false},"excerpt":{"rendered":"\u00a9 Sirotti Domenico Pozzovivo non smette di sorprendere e nel primo arrivo in salita del Tour of the&hellip;\n","protected":false},"author":3,"featured_media":452708,"comment_status":"","ping_status":"","sticky":false,"template":"","format":"standard","meta":{"footnotes":"","_share_on_mastodon":"0"},"categories":[1456],"tags":[1824,1825,67370,1537,90,89,159111,245,244,127480],"class_list":["post-455591","post","type-post","status-publish","format-standard","has-post-thumbnail","category-ciclismo","tag-ciclismo","tag-cycling","tag-domenico-pozzovivo","tag-it","tag-italia","tag-italy","tag-solution-tech-nippo-rali-2026","tag-sport","tag-sports","tag-tour-of-the-alps-2026"],"share_on_mastodon":{"url":"https:\/\/pubeurope.com\/@it\/116448387176291082","error":""},"_links":{"self":[{"href":"https:\/\/www.europesays.com\/it\/wp-json\/wp\/v2\/posts\/455591","targetHints":{"allow":["GET"]}}],"collection":[{"href":"https:\/\/www.europesays.com\/it\/wp-json\/wp\/v2\/posts"}],"about":[{"href":"https:\/\/www.europesays.com\/it\/wp-json\/wp\/v2\/types\/post"}],"author":[{"embeddable":true,"href":"https:\/\/www.europesays.com\/it\/wp-json\/wp\/v2\/users\/3"}],"replies":[{"embeddable":true,"href":"https:\/\/www.europesays.com\/it\/wp-json\/wp\/v2\/comments?post=455591"}],"version-history":[{"count":0,"href":"https:\/\/www.europesays.com\/it\/wp-json\/wp\/v2\/posts\/455591\/revisions"}],"wp:featuredmedia":[{"embeddable":true,"href":"https:\/\/www.europesays.com\/it\/wp-json\/wp\/v2\/media\/452708"}],"wp:attachment":[{"href":"https:\/\/www.europesays.com\/it\/wp-json\/wp\/v2\/media?parent=455591"}],"wp:term":[{"taxonomy":"category","embeddable":true,"href":"https:\/\/www.europesays.com\/it\/wp-json\/wp\/v2\/categories?post=455591"},{"taxonomy":"post_tag","embeddable":true,"href":"https:\/\/www.europesays.com\/it\/wp-json\/wp\/v2\/tags?post=455591"}],"curies":[{"name":"wp","href":"https:\/\/api.w.org\/{rel}","templated":true}]}}