{"id":455756,"date":"2026-04-22T14:39:18","date_gmt":"2026-04-22T14:39:18","guid":{"rendered":"https:\/\/www.europesays.com\/it\/455756\/"},"modified":"2026-04-22T14:39:18","modified_gmt":"2026-04-22T14:39:18","slug":"papa-leone-xiv-in-guinea-equatoriale-le-ricchezze-naturali-siano-di-tutti","status":"publish","type":"post","link":"https:\/\/www.europesays.com\/it\/455756\/","title":{"rendered":"Papa Leone XIV in Guinea Equatoriale: &#8216;Le ricchezze naturali siano di tutti&#8217;"},"content":{"rendered":"<p>Seconda giornata per\u00a0<a data-intcmp=\"skytg24_foglia articolo_interlink_text\" href=\"https:\/\/tg24.sky.it\/mondo\/2026\/04\/21\/papa-leone-xiv-guinea-equatoriale-oggi\" rel=\"nofollow noopener\" target=\"_blank\">Papa\u00a0Leone XIV in Guinea Equatoriale<\/a>. Oggi, 22 aprile, il Pontefice si \u00e8 spostato dalla capitale Malabo per arrivare a Mongomo, dove ha celebrato la messa\u00a0alla Basilica dell&#8217;Immacolata Concezione: \u00e8 il pi\u00f9 grande edificio religioso dell&#8217;Africa centrale e la seconda basilica pi\u00f9 grande di tutta l&#8217;Africa, ispirata a San Pietro. Circa 100mila i partecipanti, tra gli interni della Basilica, il piazzale e le aree circostanti. Nell&#8217;omelia ha lanciato un appello per l&#8217;equa distribuzione delle risorse africane.\u00a0&#8220;Tante sono le ricchezze naturali di cui il Creatore vi ha dotato: vi esorto a cooperare affinch\u00e9 possano essere una benedizione per tutti. Che il Signore vi aiuti a diventare sempre pi\u00f9 una societ\u00e0 in cui ciascuno, secondo le diverse responsabilit\u00e0, opera al servizio del bene comune e non degli interessi particolari, superando le inique disuguaglianze tra privilegiati e svantaggiati&#8221;, ha detto. Poi un altro appello. &#8220;Crescano spazi di libert\u00e0, sia sempre salvaguardata la dignit\u00e0 della persona umana: penso ai pi\u00f9 poveri, alle famiglie in difficolt\u00e0; penso ai carcerati, spesso costretti a vivere in condizioni igieniche e sanitarie preoccupanti&#8221;, ha evidenziato nella stessa giornata della visita al carcere di Bata.<\/p>\n<p>\t\t \tIl programma della giornata<\/p>\n<p>Dopo la messa, la visita alla Escuela Tecnologica Papa Francesco e quindi la partenza per Bata, per la visita alla prigione nel pomeriggio (intorno alle 17:50). Seguono un momento di preghiera\u00a0al Monumento Commemorativo delle vittime dell&#8217;esplosione del 7 marzo 2021 e un incontro con i giovani e con le famiglie nello Stadio di Bata. In serata il rientro a Malabo.<\/p>\n<p>Il Papa benedisce la prima pietra della cattedrale della nuova capitale<\/p>\n<p>A Mongomo, prima di celebrare la messa, il Papa\u00a0ha benedetto la prima pietra della cattedrale che verr\u00e0 costruita a Ciudad de la Paz, da gennaio la nuova capitale della Guinea Equatoriale. &#8220;Effondi, Signore, la tua benedizione su tutto il tuo popolo. Oggi, su questa pietra \u00e8 stato posto un legno speciale, che rappresenta la forza della fede, la forza che ci unisce, la forza che ci rende fratelli e sorelle, figli e figlie dell&#8217;Unico. Che Dio ci benedica in questo giorno, che benedica questa pietra e che ci aiuti a rimanere sempre uniti nell&#8217;amore del Signore. Egli ci ha creati, ci ha resi suoi figli, \u00e8 sempre con noi&#8221;, ha detto.<\/p>\n<p>Il viaggio in Africa di Papa Leone XIV<\/p>\n<p>Con le tappe in Guinea Equatoriale volge al termine il viaggio di Prevost in Africa. Il Papa ha toccato per prima l&#8217;Algeria (dal 13 al 15 aprile) per poi spostarsi in Camerun (dal 15 al 18), in Angola (dal 18 al 21) e quindi in Guinea Equatoriale. Quattro Paesi, 11 citt\u00e0 e 18mila chilometri percorsi dopo, torner\u00e0 in Vaticano domani, 23 aprile.<\/p>\n<p>\t\t\t<a class=\"c-inline-card j-inline-card c-inline-card--with-image\" href=\"https:\/\/tg24.sky.it\/mondo\/2026\/04\/20\/papa-leone-xiv-angola-oggi\" rel=\"follow nofollow noopener\" data-intcmp=\"skytg24_articolo_approfondimenti_inline\" target=\"_blank\"><\/p>\n<p>\t\t\t         <img decoding=\"async\" crossorigin=\"anonymous\" alt=\"\" src=\"https:\/\/www.europesays.com\/it\/wp-content\/uploads\/2026\/04\/1776794002_981_papa_ansa_hero.jpeg\"  loading=\"lazy\"  bad-src=\"https:\/\/www.europesays.com\/it\/wp-content\/uploads\/2026\/04\/1776794002_981_papa_ansa_hero.jpeg\"\/><\/p>\n<p>\n\t\t\t         Leggi anche<br \/>\n\t\t\t         Angola, Papa Leone XIV a vescovi e sacerdoti: &#8220;Non cercate privilegi&#8221;\n\t\t\t      <\/p>\n<p>\t\t\t<\/a><\/p>\n","protected":false},"excerpt":{"rendered":"Seconda giornata per\u00a0Papa\u00a0Leone XIV in Guinea Equatoriale. Oggi, 22 aprile, il Pontefice si \u00e8 spostato dalla capitale Malabo&hellip;\n","protected":false},"author":3,"featured_media":455757,"comment_status":"","ping_status":"","sticky":false,"template":"","format":"standard","meta":{"footnotes":"","_share_on_mastodon":"0"},"categories":[160],"tags":[3623,14,164,165,369,23348,166,7,15,1358,11,167,12,168,1329,161,162,163],"class_list":["post-455756","post","type-post","status-publish","format-standard","has-post-thumbnail","category-mondo","tag-africa","tag-cronaca","tag-dal-mondo","tag-dalmondo","tag-digitall","tag-guinea","tag-mondo","tag-news","tag-notizie","tag-papa-leone-xiv","tag-ultime-notizie","tag-ultime-notizie-di-mondo","tag-ultimenotizie","tag-ultimenotiziedimondo","tag-vaticano","tag-world","tag-world-news","tag-worldnews"],"share_on_mastodon":{"url":"https:\/\/pubeurope.com\/@it\/116448878598691355","error":""},"_links":{"self":[{"href":"https:\/\/www.europesays.com\/it\/wp-json\/wp\/v2\/posts\/455756","targetHints":{"allow":["GET"]}}],"collection":[{"href":"https:\/\/www.europesays.com\/it\/wp-json\/wp\/v2\/posts"}],"about":[{"href":"https:\/\/www.europesays.com\/it\/wp-json\/wp\/v2\/types\/post"}],"author":[{"embeddable":true,"href":"https:\/\/www.europesays.com\/it\/wp-json\/wp\/v2\/users\/3"}],"replies":[{"embeddable":true,"href":"https:\/\/www.europesays.com\/it\/wp-json\/wp\/v2\/comments?post=455756"}],"version-history":[{"count":0,"href":"https:\/\/www.europesays.com\/it\/wp-json\/wp\/v2\/posts\/455756\/revisions"}],"wp:featuredmedia":[{"embeddable":true,"href":"https:\/\/www.europesays.com\/it\/wp-json\/wp\/v2\/media\/455757"}],"wp:attachment":[{"href":"https:\/\/www.europesays.com\/it\/wp-json\/wp\/v2\/media?parent=455756"}],"wp:term":[{"taxonomy":"category","embeddable":true,"href":"https:\/\/www.europesays.com\/it\/wp-json\/wp\/v2\/categories?post=455756"},{"taxonomy":"post_tag","embeddable":true,"href":"https:\/\/www.europesays.com\/it\/wp-json\/wp\/v2\/tags?post=455756"}],"curies":[{"name":"wp","href":"https:\/\/api.w.org\/{rel}","templated":true}]}}