{"id":456161,"date":"2026-04-22T20:09:19","date_gmt":"2026-04-22T20:09:19","guid":{"rendered":"https:\/\/www.europesays.com\/it\/456161\/"},"modified":"2026-04-22T20:09:19","modified_gmt":"2026-04-22T20:09:19","slug":"decreto-sicurezza-oggi-voto-fiducia-alla-camera-opposizioni-allattacco","status":"publish","type":"post","link":"https:\/\/www.europesays.com\/it\/456161\/","title":{"rendered":"Decreto sicurezza, oggi voto fiducia alla Camera. Opposizioni all&#8217;attacco"},"content":{"rendered":"<p>Il decreto\u00a0sicurezza\u00a0va avanti alla Camera. Oggi, 22 aprile,\u00a0Montecitorio ha approvato la fiducia posta dal governo sul provvedimento con 203 s\u00ec, 117 no e 3 astenuti.\u00a0Al termine del voto finale con cui si convertir\u00e0 in legge il provvedimento, previsto nella tarda mattinata di venerd\u00ec, secondo fonti dell&#8217;esecutivo il Consiglio dei ministri si riunir\u00e0 subito nella Sala del governo a Montecitorio per varare un nuovo decreto legge per correggere la norma sugli incentivi\u00a0per i professionisti legali che seguono una pratica di rimpatrio volontario. Ma la tensione con il Quirinale resta. Il Capo dello Stato attende i due testi sui quali far\u00e0 le sue valutazioni entro sabato, si spiega in ambienti parlamentari,\u00a0lasciando intendere che Mattarella avrebbe voluto la cancellazione della misura e potrebbe chiedere di leggere il testo del provvedimento correttivo anche prima del suo varo.<\/p>\n<p>\t\t \tIl nodo delle coperture<\/p>\n<p>In queste ore l&#8217;attenzione dei tecnici \u00e8 tutta focalizzata sulle coperture della norma in questione, dal momento che si amplia la platea dei destinatari del contributo (615 euro per ogni procedimento) estendendola, oltre agli avvocati, anche ad altri mediatori ed associazioni che potranno intervenire. Questo contributo sar\u00e0 erogato anche se la pratica di rimpatrio volontario non andr\u00e0 a buon fine. E anche per questo motivo i costi inevitabilmente saliranno. &#8220;Ci stiamo lavorando &#8211; risponde il ministro dell&#8217;Economia Giancarlo Giorgetti &#8211; Non posso dire quale sar\u00e0 l&#8217;esito dell&#8217;esame della Ragioneria, che sar\u00e0 come sempre rigoroso e serio&#8221;.<\/p>\n<p>Nordio: &#8220;Arriver\u00e0 una soluzione che metter\u00e0 tutti d&#8217;accordo&#8221;<\/p>\n<p>L&#8217;impasse sul del decreto\u00a0sicurezza\u00a0sar\u00e0 &#8220;risolto ad horas, diciamo che \u00e8 superata. Arriveremo a una soluzione che sar\u00e0 soddisfacente per tutti&#8221;, ha detto il ministro della Giustizia, Carlo Nordio, parlando con i cronisti in Transatlantico alla Camera. A chi chiedeva della norma sugli incentivi per i rimpatri volontari, il Guardasigilli ha spiegato che &#8220;non \u00e8 il ministero della Giustizia che ha elaborato questi testi, noi per\u00f2 diamo i nostri contributi con una soluzione che sia soddisfacente per tutti, ed \u00e8 quella che arriver\u00e0 nei prossimi giorni&#8221;.\u00a0&#8220;Sono materie di grande complessit\u00e0 &#8211; ha aggiunto Nordio &#8211; che qualche volta possono dare adito a dei malintesi. C&#8217;\u00e8 sempre lo spazio per avere dei chiarimenti, questi chiarimenti ci sono stati e arriveremo ripeto a una conclusione che metter\u00e0 tutti d&#8217;accordo. Quando ci sono questioni cos\u00ec complesse, c&#8217;\u00e8 sempre la possibilit\u00e0 di polemiche, ma soprattutto c&#8217;\u00e8 la necessit\u00e0 di rimedi e di composizioni che siano rapidi. E in questo caso \u00e8 quello che sta avvenendo e vedrete che alla fine saranno tutti d&#8217;accordo&#8221;.<\/p>\n<p>\t\t\t<a class=\"c-inline-card j-inline-card c-inline-card--with-image\" href=\"https:\/\/tg24.sky.it\/politica\/2026\/04\/21\/meloni-decreto-sicurezza-milano-design-week\" rel=\"follow nofollow noopener\" data-intcmp=\"skytg24_articolo_approfondimenti_inline\" target=\"_blank\"><\/p>\n<p>\t\t\t         <img decoding=\"async\" crossorigin=\"anonymous\" alt=\"\" src=\"https:\/\/www.europesays.com\/it\/wp-content\/uploads\/2026\/04\/meloni_design_week_ansa.JPG\"  loading=\"lazy\"  bad-src=\"https:\/\/www.europesays.com\/it\/wp-content\/uploads\/2026\/04\/meloni_design_week_ansa.JPG\"\/><\/p>\n<p>\n\t\t\t         Vedi anche<br \/>\n\t\t\t         Decreto Sicurezza, Meloni: &#8220;Correttivi, ma norma su avvocati resta&#8221;\n\t\t\t      <\/p>\n<p>\t\t\t<\/a><\/p>\n<p>\t\t \tPiantedosi: &#8220;Decreto correttivo basato su osservazioni Colle&#8221;<\/p>\n<p>&#8220;Il decreto correttivo prevede quello che \u00e8 stato anticipato: un correttivo&#8221; basato sulle &#8220;osservazioni che ci sono pervenute dal Quirinale. Come abbiamo sempre fatto, noi teniamo in massima considerazione le osservazioni del Colle. La norma comunque mantiene una sua utilit\u00e0 e nobilt\u00e0 che noi volevamo conferirle, e cio\u00e8 rilanciare un tema, quello dei rimpatri volontari assistiti che gi\u00e0 si fanno insieme a organizzazioni umanitarie, quindi lo faremo secondo le osservazioni che ci sono pervenute&#8221;, ha detto il ministro dell&#8217;Interno, Matteo\u00a0Piantedosi, a margine del congresso nazionale del sindacato di polizia Coisp. Verr\u00e0 fatto &#8220;tutto entro venerd\u00ec&#8221; e il decreto &#8220;far\u00e0 i percorsi necessari&#8221;, ha assicurato.\u00a0&#8220;Nelle intenzioni &#8211; ha precisato il ministro &#8211; non c&#8217;era nulla di quello che si \u00e8 detto, cio\u00e8 immaginare un ruolo diverso da quello nobile dell&#8217;avvocato, categoria alla quale mi sono onorato di aver appartenuto nei primi anni post universitari. Per\u00f2 abbiamo preso atto di questo e toglieremo quei riferimenti, ci\u00f2 non toglie che l&#8217;istituto \u00e8 molto importante&#8221;.<\/p>\n<p>La polemica politica<\/p>\n<p>Le opposizioni &#8211; intanto &#8211; continuano ad attaccare la maggioranza. \u00c8 l&#8217;ennesimo &#8220;decreto propaganda&#8221;, ha detto la segretaria del Pd Elly Schlein, che osserva anche come a questo si aggiunga un &#8220;clamoroso pasticcio istituzionale: stanno correndo per approvare una norma che un minuto dopo dovranno correggere con un&#8217;altra norma e il tutto grazie all&#8217;intervento del Colle, altrimenti avrebbero tirato dritto&#8221;. Giuseppe Conte ha preso la parola in Aula per un attacco frontale alla premier: &#8220;Meloni ha detto che&#8221; quella sugli incentivi per i rimpatri &#8220;\u00e8 una norma di buon senso'&#8221;, mentre configura &#8220;due reati: patrocinio infedele&#8221; e &#8220;corruzione. State costringendo gli avvocati a commettere due reati. Questo \u00e8 il tentativo disperato di rimediare ai vostri fallimenti&#8221; sulla &#8220;gestione dei flussi&#8221; con &#8220;320 mila sbarchi&#8221;, sui &#8220;salvataggi, sui rimpatri e sui centri in Albania&#8221;. \u00c8 &#8220;un ulteriore sfregio della carta costituzionale&#8221;, rincara il segretario di Pi\u00f9 Europa Riccardo Magi. Ma il centrodestra tiene il punto: &#8220;Sulla norma relativa ai compensi degli avvocati non c&#8217;\u00e8 alcuno scandalo: si tratta semplicemente di riconoscere il lavoro di chi assiste gli immigrati nelle procedure di rimpatrio volontario assistito&#8221; ed \u00e8 &#8220;gi\u00e0 previsto un intervento correttivo ad hoc&#8221;, ha detto Ylenja Lucaselli, capogruppo in commissione Bilancio alla Camera e vice responsabile del Dipartimento economia di Fratelli d&#8217;Italia. Per Gianangelo Bof della Lega &#8220;non \u00e8 un reato ma una parificazione. Diamo il gratuito patrocinio a chi vuol fare ricorso per rimanere nel nostro paese anche se non ne ha diritto e, per\u00f2, poi ci scandalizziamo se diamo un contributo per aiutare le pratiche&#8221; per &#8220;chi liberamente sceglie di tornare a casa propria&#8221;. Pi\u00f9 cauta Forza Italia: &#8220;A nostro avviso era giusto ascoltare il parere degli avvocati che non hanno detto cose sbagliate. Ora, ribadisco, valuteremo nel merito la nuova proposta&#8221;, dice il portavoce Raffaele Nevi.<\/p>\n<p>\t\t\t<a class=\"c-inline-card j-inline-card c-inline-card--with-image\" href=\"https:\/\/tg24.sky.it\/politica\/video\/2026\/04\/21\/piantedosi-correggeremo-la-norma-del-decreto-sicurezza-1091853\" rel=\"follow nofollow noopener\" data-intcmp=\"skytg24_articolo_approfondimenti_inline\" target=\"_blank\"><\/p>\n<p>\t\t\t         <img decoding=\"async\" crossorigin=\"anonymous\" alt=\"\" src=\"https:\/\/www.europesays.com\/it\/wp-content\/uploads\/2026\/04\/1091853_1776771658395_thumb_494.0000001_1776771762612.jpg\"  loading=\"lazy\"  bad-src=\"https:\/\/www.europesays.com\/it\/wp-content\/uploads\/2026\/04\/1091853_1776771658395_thumb_494.0000001_1776771762612.jpg\"\/><\/p>\n<p>\n\t\t\t         Vedi anche<br \/>\n\t\t\t         Piantedosi: &#8220;Correggeremo la norma del decreto sicurezza&#8221;\n\t\t\t      <\/p>\n<p>\t\t\t<\/a><\/p>\n","protected":false},"excerpt":{"rendered":"Il decreto\u00a0sicurezza\u00a0va avanti alla Camera. Oggi, 22 aprile,\u00a0Montecitorio ha approvato la fiducia posta dal governo sul provvedimento con&hellip;\n","protected":false},"author":3,"featured_media":456162,"comment_status":"","ping_status":"","sticky":false,"template":"","format":"standard","meta":{"footnotes":"","_share_on_mastodon":"0"},"categories":[79],"tags":[44542,14,93,94,13604,369,5279,1537,90,89,7,15,863,11,84,91,12,85,92],"class_list":["post-456161","post","type-post","status-publish","format-standard","has-post-thumbnail","category-italia","tag-camera-dei-deputati","tag-cronaca","tag-cronaca-italiana","tag-cronacaitaliana","tag-decreto-sicurezza","tag-digitall","tag-governo-meloni","tag-it","tag-italia","tag-italy","tag-news","tag-notizie","tag-sicurezza","tag-ultime-notizie","tag-ultime-notizie-e-news-di-oggi","tag-ultime-notizie-italia","tag-ultimenotizie","tag-ultimenotizieenewsdioggi","tag-ultimenotizieitalia"],"share_on_mastodon":{"url":"https:\/\/pubeurope.com\/@it\/116450176213068014","error":""},"_links":{"self":[{"href":"https:\/\/www.europesays.com\/it\/wp-json\/wp\/v2\/posts\/456161","targetHints":{"allow":["GET"]}}],"collection":[{"href":"https:\/\/www.europesays.com\/it\/wp-json\/wp\/v2\/posts"}],"about":[{"href":"https:\/\/www.europesays.com\/it\/wp-json\/wp\/v2\/types\/post"}],"author":[{"embeddable":true,"href":"https:\/\/www.europesays.com\/it\/wp-json\/wp\/v2\/users\/3"}],"replies":[{"embeddable":true,"href":"https:\/\/www.europesays.com\/it\/wp-json\/wp\/v2\/comments?post=456161"}],"version-history":[{"count":0,"href":"https:\/\/www.europesays.com\/it\/wp-json\/wp\/v2\/posts\/456161\/revisions"}],"wp:featuredmedia":[{"embeddable":true,"href":"https:\/\/www.europesays.com\/it\/wp-json\/wp\/v2\/media\/456162"}],"wp:attachment":[{"href":"https:\/\/www.europesays.com\/it\/wp-json\/wp\/v2\/media?parent=456161"}],"wp:term":[{"taxonomy":"category","embeddable":true,"href":"https:\/\/www.europesays.com\/it\/wp-json\/wp\/v2\/categories?post=456161"},{"taxonomy":"post_tag","embeddable":true,"href":"https:\/\/www.europesays.com\/it\/wp-json\/wp\/v2\/tags?post=456161"}],"curies":[{"name":"wp","href":"https:\/\/api.w.org\/{rel}","templated":true}]}}