{"id":456477,"date":"2026-04-23T00:43:14","date_gmt":"2026-04-23T00:43:14","guid":{"rendered":"https:\/\/www.europesays.com\/it\/456477\/"},"modified":"2026-04-23T00:43:14","modified_gmt":"2026-04-23T00:43:14","slug":"bomba-contro-il-tribunale-di-ivrea-innalzata-la-sicurezza","status":"publish","type":"post","link":"https:\/\/www.europesays.com\/it\/456477\/","title":{"rendered":"Bomba contro il tribunale di Ivrea, innalzata la sicurezza"},"content":{"rendered":"<p class=\"occhiello_articolo\">intimidazione verso i magistrati<\/p>\n<p>\t\t\t\t\t\t\tCaccia all&#8217;\u00abunabomber\u00bb, allarme sulla vulnerabilit\u00e0 della sede e ipotesi (da vendetta a intimidazione politica) mentre la politica chiede misure urgenti<\/p>\n<p class=\"autore vc_author_with_link\">&#13;<br \/>\n\t\t\t\t\t\t\t\tdi <a class=\"vc_author_name\" href=\"https:\/\/www.gazzettadiparma.it\/autore\/redazione-86\/\" rel=\"nofollow noopener\" target=\"_blank\">Redazione<\/a>&#13;\n\t\t\t\t\t\t\t<\/p>\n<p>Il gesto isolato di uno squilibrato, una vendetta per una sentenza, un\u2019intimidazione verso i magistrati. Nessuna ipotesi viene scartata nelle ore successive all\u2019<strong>attentato<\/strong> compiuto ieri sera contro il <strong>Palazzo di giustizia di Ivrea<\/strong>. Un <strong>ordigno<\/strong> \u00e8 esploso davanti alla facciata\u00a0 provocando un gran boato, un incendio, molto fumo ma danni considerati sostanzialmente irrilevanti. In quel momento gli uffici erano praticamente deserti: vi si trovava soltanto un pubblico ministero di turno. Ad agire \u00e8 stato uno sconosciuto che ha scagliato l\u2019oggetto verso l&#8217;edificio dopo essersi portato a ridosso della recinzione. La <strong>miccia<\/strong> gli ha permesso di dileguarsi prima dello scoppio.<\/p>\n<p>E insieme alla <strong>bomba<\/strong> \u00e8 deflagrata anche la <strong>questione sicurezza<\/strong>. \u00abOltre ad essere un atto gravissimo &#8211; dichiara il <strong>procuratore generale del Piemonte, Lucia Musti<\/strong> &#8211; quanto \u00e8 successo \u00e8 la prova evidente della <strong>vulnerabilit\u00e0<\/strong> del tribunale e della procura di Ivrea. Auspichiamo che il <strong>Ministero della giustizia<\/strong> vi presti attenzione\u00bb. Per l\u2019<strong>Anm<\/strong> \u00abla <strong>sicurezza e la protezione degli uffici<\/strong> in cui ogni giorno si amministra la giustizia sono una <strong>priorit\u00e0<\/strong> non pi\u00f9 differibile\u00bb.<\/p>\n<p>La <strong>squadra mobile e la Digos<\/strong> della questura di Torino indagano per dare un nome al misterioso <strong>Unabomber<\/strong>. La competenza dei giudici e dei pm eporediesi ricade su un territorio che abbraccia una buona met\u00e0 della provincia: un\u2019area enorme, considerato il numero dei magistrati in servizio, dove il lavoro non manca. Sono numerosi i fascicoli aperti per reati riconducibili alla <strong>delinquenza comune<\/strong> che in alcuni casi riguardano anche persone appartenenti famiglie legate storicamente alla <strong>&#8216;ndrangheta<\/strong>. Fra le principali operazioni svolte nelle ultime settimane spiccano lo <strong>sgombero di un campo nomadi abusivo<\/strong> e un intervento in forze per stroncare un <strong>rave<\/strong>. Non vi sono grosse indagini sul fronte della galassia antagonista ma non si pu\u00f2 ancora escludere che l\u2019<strong>attacco<\/strong> possa rientrare in una nuova campagna a favore dell\u2019anarchico <strong>Alfredo Cospito<\/strong>.<\/p>\n<p>Quanto ai <strong>No Vax<\/strong>, si \u00e8 scoperto che il <strong>presunto capo<\/strong> di un gruppo di <strong>writer<\/strong> abita a Ivrea, per\u00f2 \u00e8 processato a Torino; a febbraio una ventina di persone sono state <strong>assolte<\/strong> da irregolarit\u00e0 nei certificati medici di esenzione dal vaccino.<\/p>\n<p>Da anni le toghe eporediesi denunciano che la <strong>sicurezza<\/strong> lascia a desiderare. Il Palazzo \u00e8 circondato da una <strong>recinzione bassa<\/strong> e agevolmente scavalcabile, la <strong>vigilanza non opera 24 ore su 24<\/strong> e un paio di edifici sono addirittura fuori dal perimetro. Circostanze segnalate nel 2025 anche agli ispettori del Ministero. In prefettura si \u00e8 riunito il <strong>Comitato per l\u2019ordine pubblico<\/strong>, che ha disposto provvedimenti immediati per <strong>innalzare il livello di protezione<\/strong>.<\/p>\n<p>La solidariet\u00e0 ai magistrati, le parole di condanna per l&#8217;<strong>attentato<\/strong> e le richieste di intervento rivolte al ministro <strong>Carlo Nordio<\/strong> sono bipartisan e giungono in primo luogo da <strong>Anna Rossomando<\/strong>, vicepresidente del Senato (Pd), e <strong>Augusta Montaruli<\/strong>, parlamentare torinese di Fdi. Per <strong>Paola Ambrogio<\/strong>, senatrice Fdi, \u00abl&#8217;esplosione non \u00e8 solo un gesto criminale: \u00e8 un <strong>attacco diretto alla legalit\u00e0<\/strong>, alle istituzioni, a ci\u00f2 che tiene insieme la Nazione\u00bb.<\/p>\n<p role=\"heading\" aria-level=\"2\" class=\"text \">\u00a9 Riproduzione riservata<\/p>\n","protected":false},"excerpt":{"rendered":"intimidazione verso i magistrati Caccia all&#8217;\u00abunabomber\u00bb, allarme sulla vulnerabilit\u00e0 della sede e ipotesi (da vendetta a intimidazione politica)&hellip;\n","protected":false},"author":3,"featured_media":456478,"comment_status":"","ping_status":"","sticky":false,"template":"","format":"standard","meta":{"footnotes":"","_share_on_mastodon":"0"},"categories":[79],"tags":[85421,10080,255551,184429,2486,14,93,94,1537,90,89,9112,255550,7,15,255552,1641,11,84,91,12,85,92,93108],"class_list":["post-456477","post","type-post","status-publish","format-standard","has-post-thumbnail","category-italia","tag-alfredo-cospito","tag-anm","tag-anna-rossomando","tag-augusta-montaruli","tag-carlo-nordio","tag-cronaca","tag-cronaca-italiana","tag-cronacaitaliana","tag-it","tag-italia","tag-italy","tag-ivrea","tag-lucia-musti","tag-news","tag-notizie","tag-paola-ambrogio","tag-torino","tag-ultime-notizie","tag-ultime-notizie-e-news-di-oggi","tag-ultime-notizie-italia","tag-ultimenotizie","tag-ultimenotizieenewsdioggi","tag-ultimenotizieitalia","tag-unabomber"],"share_on_mastodon":{"url":"https:\/\/pubeurope.com\/@it\/116451252944136021","error":""},"_links":{"self":[{"href":"https:\/\/www.europesays.com\/it\/wp-json\/wp\/v2\/posts\/456477","targetHints":{"allow":["GET"]}}],"collection":[{"href":"https:\/\/www.europesays.com\/it\/wp-json\/wp\/v2\/posts"}],"about":[{"href":"https:\/\/www.europesays.com\/it\/wp-json\/wp\/v2\/types\/post"}],"author":[{"embeddable":true,"href":"https:\/\/www.europesays.com\/it\/wp-json\/wp\/v2\/users\/3"}],"replies":[{"embeddable":true,"href":"https:\/\/www.europesays.com\/it\/wp-json\/wp\/v2\/comments?post=456477"}],"version-history":[{"count":0,"href":"https:\/\/www.europesays.com\/it\/wp-json\/wp\/v2\/posts\/456477\/revisions"}],"wp:featuredmedia":[{"embeddable":true,"href":"https:\/\/www.europesays.com\/it\/wp-json\/wp\/v2\/media\/456478"}],"wp:attachment":[{"href":"https:\/\/www.europesays.com\/it\/wp-json\/wp\/v2\/media?parent=456477"}],"wp:term":[{"taxonomy":"category","embeddable":true,"href":"https:\/\/www.europesays.com\/it\/wp-json\/wp\/v2\/categories?post=456477"},{"taxonomy":"post_tag","embeddable":true,"href":"https:\/\/www.europesays.com\/it\/wp-json\/wp\/v2\/tags?post=456477"}],"curies":[{"name":"wp","href":"https:\/\/api.w.org\/{rel}","templated":true}]}}