{"id":456552,"date":"2026-04-23T02:02:19","date_gmt":"2026-04-23T02:02:19","guid":{"rendered":"https:\/\/www.europesays.com\/it\/456552\/"},"modified":"2026-04-23T02:02:19","modified_gmt":"2026-04-23T02:02:19","slug":"eni-meloni-vince-la-partita-di-foggia-consob-salvini-freni-e-il-migliore","status":"publish","type":"post","link":"https:\/\/www.europesays.com\/it\/456552\/","title":{"rendered":"Eni, Meloni vince la partita Di Foggia. Consob, Salvini: &#8220;Freni \u00e8 il migliore&#8221;"},"content":{"rendered":"<p>La svolta arriva nel giro di poche ore e chiude una delle partite pi\u00f9 delicate sul tavolo del governo. Giuseppina Di Foggia (in foto) ha infatti manifestato la disponibilit\u00e0 a rinunciare all&#8217;indennit\u00e0 di fine rapporto da Terna, aprendo cos\u00ec la strada al suo approdo alla presidenza di Eni e disinnescando definitivamente la polemica sulla buonuscita da 7,3 milioni di euro. Una scelta che recepisce in pieno la linea dettata dall&#8217;esecutivo e che segna un punto politico per <a data-autogenerated=\"yes\" data-datalayer-click-event-target=\"internal\" href=\"https:\/\/www.ilgiornale.it\/persone\/giorgia-meloni-134874.html\" rel=\"nofollow noopener\" target=\"_blank\">Giorgia Meloni<\/a>.<\/p>\n<p>Non a caso, la premier era stata chiarissima ieri mattina. &#8220;Penso che la Di Foggia debba scegliere tra la presidenza dell&#8217;Eni e la buonuscita di Terna. Mi pare abbastanza semplice la questione. Questa \u00e8 una scelta di Di Foggia, in caso contrario valuteremo le nostre alternative&#8221;. Un ultimatum che, alla prova dei fatti, ha prodotto l&#8217;esito auspicato. La nota di Terna formalizza il passaggio, spiegando che l&#8217;amministratore delegato \u00e8 &#8220;pronta a sottoscrivere un accordo per la rinuncia all&#8217;indennit\u00e0 nel rispetto delle procedure e dei principi di corporate governance&#8221;.<\/p>\n<p>Il risultato si inserisce in una strategia pi\u00f9 ampia: chiudere rapidamente i dossier aperti e arrivare allo sprint finale della legislatura con un assetto solido e coerente. A questo proposito, il Consiglio dei ministri di oggi dovrebbe completare il mosaico dei sottosegretari, riempiendo caselle rimaste vacanti e riequilibrando i pesi all&#8217;interno della maggioranza. Un lavoro di cesello che punta a disinnescare tensioni senza alterare gli equilibri complessivi. In questo quadro, il nome dell&#8217;ex capogruppo alla Camera Paolo Barelli resta centrale per Forza Italia, con un possibile ingresso nell&#8217;esecutivo come sottosegretario ai Rapporti con il Parlamento, mentre sullo sfondo si muovono altre pedine come Sara Kelany alla Giustizia e Alessandro Amorese alla Cultura, in continuit\u00e0 con la linea di Fratelli d&#8217;Italia.<\/p>\n<p>Il nodo pi\u00f9 politico resta per\u00f2 quello delle authority, a partire dalla Consob. Qui le posizioni nella maggioranza non sono ancora del tutto allineate. &#8220;La partita della presidenza della Consob non la sto seguendo io, continuo a ritenere che Freni sia il profilo migliore, per\u00f2 \u00e8 mesi che lo stiamo ripetendo, altri hanno idee diverse, non ho capito cosa propongono&#8221;, ha osservato ieri <a data-autogenerated=\"yes\" data-datalayer-click-event-target=\"internal\" href=\"https:\/\/www.ilgiornale.it\/persone\/matteo-salvini-131330.html\" rel=\"nofollow noopener\" target=\"_blank\">Matteo Salvini<\/a>, difendendo apertamente la candidatura del sottosegretario all&#8217;Economia. Una posizione che evidenzia le resistenze, in particolare sul fronte azzurro, e che rende evidente come il tema sia anche un banco di prova dei rapporti interni alla coalizione.<\/p>\n<p>La stessa Meloni, tuttavia, ha mantenuto un profilo prudente. &#8220;Di Federico Freni alla presidenza della Consob non ne stiamo discutendo per ora&#8221;, ha tagliato corto, lasciando intendere che la soluzione dovr\u00e0 maturare dentro un equilibrio politico pi\u00f9 ampio. Non a caso, sulla vicenda \u00e8 in corso anche una valutazione tecnica, con il coinvolgimento dell&#8217;Avvocatura dello Stato (Freni \u00e8 attualmente commissario Consob e l&#8217;upgrade non \u00e8 previsto), a conferma della delicatezza del passaggio.<\/p>\n<p>Il\n<\/p>\n<p>filo che tiene insieme tutte queste partite \u00e8 la volont\u00e0 della premier di consolidare la maggioranza senza strappi. Le nomine diventano cos\u00ec uno strumento per rafforzare la coesione, tenendo conto delle diverse sensibilit\u00e0.<\/p>\n","protected":false},"excerpt":{"rendered":"La svolta arriva nel giro di poche ore e chiude una delle partite pi\u00f9 delicate sul tavolo del&hellip;\n","protected":false},"author":3,"featured_media":456553,"comment_status":"","ping_status":"","sticky":false,"template":"","format":"standard","meta":{"footnotes":"","_share_on_mastodon":"0"},"categories":[172],"tags":[178,177,2695,10468,126,1537,90,89,131,18534],"class_list":["post-456552","post","type-post","status-publish","format-standard","has-post-thumbnail","category-affari","tag-affari","tag-business","tag-consob","tag-eni","tag-giorgia-meloni","tag-it","tag-italia","tag-italy","tag-matteo-salvini","tag-nomine"],"share_on_mastodon":{"url":"https:\/\/pubeurope.com\/@it\/116451564579725934","error":""},"_links":{"self":[{"href":"https:\/\/www.europesays.com\/it\/wp-json\/wp\/v2\/posts\/456552","targetHints":{"allow":["GET"]}}],"collection":[{"href":"https:\/\/www.europesays.com\/it\/wp-json\/wp\/v2\/posts"}],"about":[{"href":"https:\/\/www.europesays.com\/it\/wp-json\/wp\/v2\/types\/post"}],"author":[{"embeddable":true,"href":"https:\/\/www.europesays.com\/it\/wp-json\/wp\/v2\/users\/3"}],"replies":[{"embeddable":true,"href":"https:\/\/www.europesays.com\/it\/wp-json\/wp\/v2\/comments?post=456552"}],"version-history":[{"count":0,"href":"https:\/\/www.europesays.com\/it\/wp-json\/wp\/v2\/posts\/456552\/revisions"}],"wp:featuredmedia":[{"embeddable":true,"href":"https:\/\/www.europesays.com\/it\/wp-json\/wp\/v2\/media\/456553"}],"wp:attachment":[{"href":"https:\/\/www.europesays.com\/it\/wp-json\/wp\/v2\/media?parent=456552"}],"wp:term":[{"taxonomy":"category","embeddable":true,"href":"https:\/\/www.europesays.com\/it\/wp-json\/wp\/v2\/categories?post=456552"},{"taxonomy":"post_tag","embeddable":true,"href":"https:\/\/www.europesays.com\/it\/wp-json\/wp\/v2\/tags?post=456552"}],"curies":[{"name":"wp","href":"https:\/\/api.w.org\/{rel}","templated":true}]}}