{"id":456610,"date":"2026-04-23T03:00:21","date_gmt":"2026-04-23T03:00:21","guid":{"rendered":"https:\/\/www.europesays.com\/it\/456610\/"},"modified":"2026-04-23T03:00:21","modified_gmt":"2026-04-23T03:00:21","slug":"governo-il-cdm-nomina-5-nuovi-sottosegretari-da-dellutri-a-baldoni-chi-sono","status":"publish","type":"post","link":"https:\/\/www.europesays.com\/it\/456610\/","title":{"rendered":"Governo, il CdM nomina 5 nuovi sottosegretari: da Dell&#8217;Utri a Baldoni. Chi sono"},"content":{"rendered":"<p>Il Consiglio del Ministri ha nominato cinque nuovi sottosegretari che andranno a coprire le caselle vacanti. A giurare davanti al presidente del Consiglio Giorgia Meloni, nella Sala dei Galeoni di Palazzo Chigi, sono stati Alberto Balboni (Fratelli d&#8217;Italia) che andr\u00e0 alla Giustizia, Paolo Barelli (Forza Italia) ai Rapporti con il Parlamento, Mara Bizzotto (Lega) al Ministero delle Imprese e del Made in Italy, Giampiero Cannella (FdI) alla Cultura e Massimo Dell&#8217;Utri (Noi Moderati) agli Esteri.<\/p>\n<p>\t\t \tChi sono i nuovi sottosegretari<\/p>\n<p>I sottosegretari sono nominati con decreto del presidente della Repubblica su proposta del presidente del Consiglio di concerto con il ministro interessato sentito il Consiglio dei ministri, poi giurano nelle mani del premier. Tra i nomi di Fratelli d&#8217;Italia scelti dalla premier figurano Balboni, attuale presidente della commissione Affari costituzionali del Senato che subentrer\u00e0 alla Giustizia al posto di Andrea Delmastro, e Giampiero Cannella, vicesindaco di Palermo, promosso al governo come sottosegretario alla Cultura. Barelli ricoprir\u00e0 il ruolo di sottosegratrio ai Rapporti con il Parlamento, Bizzotto sostituir\u00e0 il collega leghista Massimo Bitonci al Ministero delle Imprese e del Made in Italy e infine Dell&#8217;Utri andr\u00e0 alla Farnesina.<\/p>\n<p>Salvini: \u201cLe nomine dei\u00a0sottosegretari\u00a0sono condivise\u201d<\/p>\n<p>Le nome dei cinque sottosegretari sono \u201ccondivise\u201d. Lo ha detto il vicepremier e ministro delle Infrastrutture, Matteo Salvini. &#8220;Essendo io a Firenze, evidentemente non posso essere anche in Consiglio dei Ministri, per\u00f2 ci sono le nomine dei\u00a0sottosegretari\u00a0che sono condivise, quindi lo possono fare anche senza di me&#8221;, ha aggiunto, a margine di un sopralluogo al cantiere della nuova stazione ferroviaria Av di Firenze.\u00a0\u00a0<\/p>\n<p>\t\t\t<a class=\"c-inline-card j-inline-card c-inline-card--with-image\" href=\"https:\/\/tg24.sky.it\/politica\/video\/2026\/03\/24\/delmastro-cosa-e-successo-tappe-1085059\" rel=\"follow nofollow noopener\" data-intcmp=\"skytg24_articolo_approfondimenti_inline\" target=\"_blank\"><\/p>\n<p>\t\t\t         <img decoding=\"async\" crossorigin=\"anonymous\" alt=\"\" src=\"https:\/\/www.europesays.com\/it\/wp-content\/uploads\/2026\/04\/delmastro_foto.jpg\"  loading=\"lazy\"  bad-src=\"https:\/\/www.europesays.com\/it\/wp-content\/uploads\/2026\/04\/delmastro_foto.jpg\"\/><\/p>\n<p>\n\t\t\t         Vedi anche<br \/>\n\t\t\t         Dimissioni Delmastro, le tappe della vicenda sul sottosegretario\n\t\t\t      <\/p>\n<p>\t\t\t<\/a><\/p>\n","protected":false},"excerpt":{"rendered":"Il Consiglio del Ministri ha nominato cinque nuovi sottosegretari che andranno a coprire le caselle vacanti. A giurare&hellip;\n","protected":false},"author":3,"featured_media":456611,"comment_status":"","ping_status":"","sticky":false,"template":"","format":"standard","meta":{"footnotes":"","_share_on_mastodon":"0"},"categories":[6],"tags":[20694,14,55368,18423,8,1537,90,89,7,15,82,9,83,10,13,11,80,84,12,81,85],"class_list":["post-456610","post","type-post","status-publish","format-standard","has-post-thumbnail","category-ultime-notizie","tag-cdm","tag-cronaca","tag-fps","tag-governo","tag-headlines","tag-it","tag-italia","tag-italy","tag-news","tag-notizie","tag-notizie-di-cronaca","tag-notizie-principali","tag-notiziedicronaca","tag-notizieprincipali","tag-titoli","tag-ultime-notizie","tag-ultime-notizie-di-cronaca","tag-ultime-notizie-e-news-di-oggi","tag-ultimenotizie","tag-ultimenotiziedicronaca","tag-ultimenotizieenewsdioggi"],"share_on_mastodon":{"url":"https:\/\/pubeurope.com\/@it\/116451791723103733","error":""},"_links":{"self":[{"href":"https:\/\/www.europesays.com\/it\/wp-json\/wp\/v2\/posts\/456610","targetHints":{"allow":["GET"]}}],"collection":[{"href":"https:\/\/www.europesays.com\/it\/wp-json\/wp\/v2\/posts"}],"about":[{"href":"https:\/\/www.europesays.com\/it\/wp-json\/wp\/v2\/types\/post"}],"author":[{"embeddable":true,"href":"https:\/\/www.europesays.com\/it\/wp-json\/wp\/v2\/users\/3"}],"replies":[{"embeddable":true,"href":"https:\/\/www.europesays.com\/it\/wp-json\/wp\/v2\/comments?post=456610"}],"version-history":[{"count":0,"href":"https:\/\/www.europesays.com\/it\/wp-json\/wp\/v2\/posts\/456610\/revisions"}],"wp:featuredmedia":[{"embeddable":true,"href":"https:\/\/www.europesays.com\/it\/wp-json\/wp\/v2\/media\/456611"}],"wp:attachment":[{"href":"https:\/\/www.europesays.com\/it\/wp-json\/wp\/v2\/media?parent=456610"}],"wp:term":[{"taxonomy":"category","embeddable":true,"href":"https:\/\/www.europesays.com\/it\/wp-json\/wp\/v2\/categories?post=456610"},{"taxonomy":"post_tag","embeddable":true,"href":"https:\/\/www.europesays.com\/it\/wp-json\/wp\/v2\/tags?post=456610"}],"curies":[{"name":"wp","href":"https:\/\/api.w.org\/{rel}","templated":true}]}}