{"id":456835,"date":"2026-04-23T07:23:14","date_gmt":"2026-04-23T07:23:14","guid":{"rendered":"https:\/\/www.europesays.com\/it\/456835\/"},"modified":"2026-04-23T07:23:14","modified_gmt":"2026-04-23T07:23:14","slug":"abbiamo-pregato-per-questo-piccolo-miracolo","status":"publish","type":"post","link":"https:\/\/www.europesays.com\/it\/456835\/","title":{"rendered":"Abbiamo pregato per questo piccolo miracolo"},"content":{"rendered":"<p><strong>Eminem<\/strong> \u00e8 diventato nonno per la seconda volta. Ad annunciarlo \u00e8 stata la figlia maggiore, <strong>Alaina Marie Scott<\/strong>, che ha condiviso su Instagram un post carico di emozione, presentando al mondo la piccola Scottie Marie, nata dall\u2019amore con il marito Matt Moeller. Un lieto annuncio per il \u201cRap God\u201d, che dietro la sua immagine pubblica ha sempre celato un uomo che ha fatto della famiglia il suo porto sicuro.<\/p>\n<p>Il lieto annuncio di Alaina Marie Scott dopo un periodo difficile<\/p>\n<p>La piccola Scottie Marie \u00e8 venuta al mondo <strong>marted\u00ec 14 aprile<\/strong>, alle 19:03. Al di l\u00e0 dei numeri, per\u00f2, quel che colpisce \u00e8 il significato profondo della sua nascita. A distanza di una settimana, Alaina Marie Scott ha scelto di condividere su Instagram delle <strong>immagini dolcissime in bianco e nero<\/strong> e in cui si vede la piccola avvolta in una tutina bianca personalizzata, assicurandosi di proteggerne il volto con un cuoricino, cos\u00ec da preservarne la privacy.<\/p>\n<blockquote class=\"instagram-media\" data-instgrm-captioned=\"\" data-instgrm-permalink=\"https:\/\/www.instagram.com\/p\/DXadbk5Ebeh\/?utm_source=ig_embed&amp;utm_campaign=loading\" data-instgrm-version=\"14\" style=\" background:#FFF; border:0; border-radius:3px; box-shadow:0 0 1px 0 rgba(0,0,0,0.5),0 1px 10px 0 rgba(0,0,0,0.15); margin: 1px; max-width:100%; min-width:326px; padding:0; width:99.375%; width:-webkit-calc(100% - 2px); width:calc(100% - 2px);\"\/>\n<p>\u201cAbbiamo chiuso gli occhi ed \u00e8 passata una settimana da quando <strong>siamo diventati una famiglia<\/strong>, eppure in qualche modo sembra di amarla per tutta la vita \u2013 si legge a corredo del post -. Ogni giorno cambia leggermente ed \u00e8 straziante e riempie il cuore allo stesso tempo. Voglio solo che il tempo si fermi mentre mi immergo in ogni suo dettaglio\u201d.<\/p>\n<p>E ancora: \u201cConoscerla, amarla ed essere semplicemente sua madre \u00e8 un sentimento che non riuscir\u00f2 mai a esprimere a parole e vederlo creare un legame con lei [si riferisce al marito Matt Moeller, ndr] e amarla sta guarendo parti di me che non sapevo nemmeno di aver bisogno di guarire. <strong>Abbiamo pregato per questo piccolo miracolo<\/strong> e sono cos\u00ec dannatamente grato di tenere tra le mie braccia la mia Scottie. Grazie Dio\u201d.<\/p>\n<p>Il nome scelto dalla figlia di Eminem, non \u00e8 affatto casuale. Scottie Marie \u00e8, infatti, un <strong>omaggio alle \u201cScott sisters\u201d<\/strong>, il soprannome con cui amano chiamarsi Alaina stessa e le sorelle Hailie Jade e Stevie Laine: \u201cLe donne che hanno dato cos\u00ec tanto significato al mio nome e alla mia vita\u201d, ha scritto su Instagram.<\/p>\n<blockquote class=\"instagram-media\" data-instgrm-captioned=\"\" data-instgrm-permalink=\"https:\/\/www.instagram.com\/p\/DXNy36DEV-F\/?utm_source=ig_embed&amp;utm_campaign=loading\" data-instgrm-version=\"14\" style=\" background:#FFF; border:0; border-radius:3px; box-shadow:0 0 1px 0 rgba(0,0,0,0.5),0 1px 10px 0 rgba(0,0,0,0.15); margin: 1px; max-width:100%; min-width:326px; padding:0; width:99.375%; width:-webkit-calc(100% - 2px); width:calc(100% - 2px);\"\/>\n<p>Dietro questo \u201cpiccolo miracolo\u201d si nasconde un percorso irto di ostacoli. La figlia del rapper ha parlato apertamente delle <strong>difficolt\u00e0 incontrate nel concepire<\/strong> (il cosiddetto percorso TTC, Trying To Conceive), raccontando dei molti mesi trascorsi tra speranze e delusioni: \u201cNessuno ti prepara a quanto sia dura e allo stress emotivo che ti causa; ogni mese speri che sia la volta buona\u201d.<\/p>\n<p>Per superare i momenti di sconforto, Alaina e il marito Matt <strong>si sono affidati alla fede<\/strong> e alla \u201cmanifestazione\u201d tanto che, durante la costruzione della loro nuova casa, hanno scritto una preghiera direttamente sulle sue fondamenta, chiedendo la grazia di un bambino sano entro il 2025. Preghiera che \u00e8 stata esaudita.<\/p>\n<p>Un secondo \u201cmiracolo\u201d per Eminem<\/p>\n<p>Se la nascita della piccola Scottie Marie \u00e8 stata una gioia immensa per la sua mamma, anche Eminem ha ottimi motivi per festeggiare, non solo perch\u00e9 \u00e8 diventato nonno per la seconda volta (<a href=\"https:\/\/dilei.it\/vip\/eminem-nonno-omaggio-figlia\/1644073\/\" rel=\"nofollow noopener\" target=\"_blank\">Elliot Marshall \u00e8 nato nel marzo 2025 dalla figlia Hailie Jade<\/a>), ma anche per una <strong>coincidenza felice<\/strong>. Pochi giorni dopo il lieto evento, infatti, il rapper ha celebrato un altro \u201cmiracolo\u201d, i suoi primi<strong> 18 anni di totale sobriet\u00e0<\/strong>.<\/p>\n<p>Con un post condiviso su Instagram lo scorso 20 aprile, Marshall Mathers ha mostrato con orgoglio la sua moneta commemorativa, simbolo di un traguardo che significato soprattutto una cosa: <strong>poter vivere pienamente ogni istante della vita delle sue figlie<\/strong>. Le ha viste laurearsi, le ha accompagnate all\u2019altare e ora pu\u00f2 essere un nonno presente e lucido.<\/p>\n<p>\t\t\t\tScopri i personaggi in trend, le storie del momento e molto altro.<br \/>Dove? Sul <a href=\"https:\/\/whatsapp.com\/channel\/0029Vb68mVyHVvTWezDm7d0R\" target=\"_blank\" rel=\"noopener nofollow\">canale WhatsApp di DiLei!<\/a><\/p>\n<p>\t\t\t<a class=\"buttonCall\" href=\"https:\/\/whatsapp.com\/channel\/0029Vb68mVyHVvTWezDm7d0R\" target=\"_blank\" rel=\"noopener nofollow\" title=\"Seguici su WhatsApp\"><br \/>\n\t\t\t\tSeguici su WhatsApp<br \/>\n\t\t\t<\/a><\/p>\n<p>\t<script async src=\"\/\/www.instagram.com\/embed.js\"><\/script><\/p>\n","protected":false},"excerpt":{"rendered":"Eminem \u00e8 diventato nonno per la seconda volta. Ad annunciarlo \u00e8 stata la figlia maggiore, Alaina Marie Scott,&hellip;\n","protected":false},"author":3,"featured_media":456836,"comment_status":"","ping_status":"","sticky":false,"template":"","format":"standard","meta":{"footnotes":"","_share_on_mastodon":"0"},"categories":[1443],"tags":[33605,203,1909,204,1537,90,89,1538,1539,86],"class_list":["post-456835","post","type-post","status-publish","format-standard","has-post-thumbnail","category-musica","tag-eminem","tag-entertainment","tag-famiglia","tag-intrattenimento","tag-it","tag-italia","tag-italy","tag-music","tag-musica","tag-vip"],"share_on_mastodon":{"url":"https:\/\/pubeurope.com\/@it\/116452825907754432","error":""},"_links":{"self":[{"href":"https:\/\/www.europesays.com\/it\/wp-json\/wp\/v2\/posts\/456835","targetHints":{"allow":["GET"]}}],"collection":[{"href":"https:\/\/www.europesays.com\/it\/wp-json\/wp\/v2\/posts"}],"about":[{"href":"https:\/\/www.europesays.com\/it\/wp-json\/wp\/v2\/types\/post"}],"author":[{"embeddable":true,"href":"https:\/\/www.europesays.com\/it\/wp-json\/wp\/v2\/users\/3"}],"replies":[{"embeddable":true,"href":"https:\/\/www.europesays.com\/it\/wp-json\/wp\/v2\/comments?post=456835"}],"version-history":[{"count":0,"href":"https:\/\/www.europesays.com\/it\/wp-json\/wp\/v2\/posts\/456835\/revisions"}],"wp:featuredmedia":[{"embeddable":true,"href":"https:\/\/www.europesays.com\/it\/wp-json\/wp\/v2\/media\/456836"}],"wp:attachment":[{"href":"https:\/\/www.europesays.com\/it\/wp-json\/wp\/v2\/media?parent=456835"}],"wp:term":[{"taxonomy":"category","embeddable":true,"href":"https:\/\/www.europesays.com\/it\/wp-json\/wp\/v2\/categories?post=456835"},{"taxonomy":"post_tag","embeddable":true,"href":"https:\/\/www.europesays.com\/it\/wp-json\/wp\/v2\/tags?post=456835"}],"curies":[{"name":"wp","href":"https:\/\/api.w.org\/{rel}","templated":true}]}}