{"id":456958,"date":"2026-04-23T09:08:14","date_gmt":"2026-04-23T09:08:14","guid":{"rendered":"https:\/\/www.europesays.com\/it\/456958\/"},"modified":"2026-04-23T09:08:14","modified_gmt":"2026-04-23T09:08:14","slug":"kate-middleton-suo-figlio-louis-compie-8-anni-e-non-combina-piu-troppi-guai","status":"publish","type":"post","link":"https:\/\/www.europesays.com\/it\/456958\/","title":{"rendered":"Kate Middleton, suo figlio Louis compie 8 anni e non combina pi\u00f9 troppi guai"},"content":{"rendered":"<p><strong>Kate Middleton e William<\/strong> festeggiano gli otto anni del loro terzo figlio, il Principino <strong>Louis<\/strong>, che \u00e8 nato il <strong>23 aprile 2018,<\/strong> poco prima che suo zio Harry sposasse Meghan Markle.<\/p>\n<p>Kate Middleton, Louis \u00e8 sempre pi\u00f9 grande<\/p>\n<p>Anche il pi\u00f9 piccolo dei figli di <a href=\"https:\/\/dilei.it\/star-e-vip\/kate-middleton\/\" rel=\"nofollow noopener\" target=\"_blank\">Kate Middleton<\/a> e <a href=\"https:\/\/dilei.it\/star-e-vip\/william-d-inghilterra\/\" rel=\"nofollow noopener\" target=\"_blank\">William<\/a> cresce. Ormai ha otto anni e lo abbiamo visto <strong>molto cambiato<\/strong> qualche settimana fa durante la messa di Pasqua.<\/p>\n<p>Louis \u00e8 sempre stato <strong>il pi\u00f9 scatenato della famiglia.<\/strong> Suo fratello George e sua sorella Charlotte non hanno mai fatto tanti capricci quanti ne ha fatti lui. Ma crescendo, sembra davvero essersi dato una calmata. A Pasqua ha quasi deluso <a href=\"https:\/\/dilei.it\/reali\/kate-middleton-ultime-notizie-10-aprile-2026\/2257775\/\" rel=\"nofollow noopener\" target=\"_blank\">perch\u00e9 \u00e8 stato impeccabile<\/a> e non ha combinato<strong> una delle sue solite marachelle.<\/strong><\/p>\n<p>Louis infatti \u00e8 famoso per le sue <strong>espressioni buffe<\/strong> e per la sua <strong>insofferenza alle regole.<\/strong> D\u2019altro canto, \u00e8 normale in un bambino piccolo annoiarsi durante parate e lunghe cerimonie di cui spesso non comprende il significato. Sono stancanti anche per gli adulti, a maggior ragione quando si \u00e8 piccoli risultano inevitabilmente insopportabili.<\/p>\n<p>Ma Louis non \u00e8 esattamente un bambino \u201cnormale\u201d, nel senso che \u00e8 un personaggio pubblico e come figlio del futuro Re di Gran Bretagna <strong>ha dei doveri fin da piccolo.<\/strong> Lui ha cercato per\u00f2 di ribellarsi a queste imposizioni. Lo abbiamo visto mettere la mano sopra la bocca della mamma nel 2022, quando aveva appena 4 anni, e si \u00e8 sorbito la cerimonia per il giubileo della bisnonna Elisabetta, lo abbiamo visto agitarsi sul balcone di Buckingham Palace ed essere sgridato da sua sorella Charlotte e tapparsi le orecchie durante il volo degli aerei della RAF.<\/p>\n<p>Ma a Pasqua ha sorpreso tutti per<strong> il suo comportamento ineccepibile.<\/strong> Ha camminato tranquillamente accanto a mamma Kate e ha salutato con compostezza l\u2019arcivescovo. Insomma, anche Louis \u00e8 diventato grande e a otto anni certi atteggiamenti non sono pi\u00f9 permessi nemmeno a lui.<\/p>\n<p>Kate Middleton, i festeggiamenti per Louis<\/p>\n<p>Come sempre, William e Kate festeggiano il compleanno dei figli<strong> in forma strettamente privata.<\/strong> E quello di Louis non fa eccezione, anche se in occasione degli augusti genetliaci il Principe e la Principessa condividono nuovi ritratti per celebrare l\u2019importante giorno.<\/p>\n<p>Lady Middleton prepara dolcetti e torta con le sue mani, almeno cos\u00ec ha raccontato tempo fa e sicuramente avr\u00e0 organizzato <strong>un party con giochi all\u2019aperto<\/strong>, dato che il Forest Lodge \u00e8 dotato di un ampio parco.<\/p>\n<p>Anche se, generalmente, i festeggiamenti veri e propri di solito li lasciano per il weekend quando si trasferiscono nella <strong>casa di campagna nel Norfolk<\/strong>. Ma il prossimo sabato 25 aprile <a href=\"https:\/\/dilei.it\/reali\/kate-middleton-ultime-notizie-17-aprile-2026\/2275444\/\" rel=\"nofollow noopener\" target=\"_blank\">Kate \u00e8 impegnata con la Principessa Anna<\/a> in un\u2019importante ricorrenza, quindi difficilmente la famiglia si sposter\u00e0 ad Anmer Hall.<\/p>\n<p>Tra l\u2019altro, George, Charlotte e Louis sono <strong>tornati a scuola<\/strong> il 22 aprile dopo un mese di vacanza. Quindi avranno parecchio da studiare questo weekend. Louis non \u00e8 stato molto fortunato quest\u2019anno con le date. Adesso dovr\u00e0 aspettare il prossimo 4 luglio per liberarsi di quaderni e libri, quando cio\u00e8 finalmente ci saranno le vacanze estive che durano un po\u2019 di pi\u00f9.<\/p>\n<p>Kate Middleton, quando vedremo di nuovo Louis<\/p>\n<p>Ma prima della fine delle lezioni, avremo modo di vedere Louis in carne e ossa al <strong>Trooping the Colour<\/strong> che si terr\u00e0 il prossimo 13 giugno. Quella sar\u00e0 la prova definitiva per capire se il terzogenito di William e Kate si \u00e8 dato davvero una calmata.<\/p>\n<p>\u00c8 probabile inoltre che quest\u2019anno la Principessa del Galles lo porti per la prima volta ad assistere a una partita di tennis a <strong>Wimbledon<\/strong>. Ma non \u00e8 detto, potrebbe aspettare il 2027. Tutto dipender\u00e0 da Louis.<\/p>\n<p>\t\t\t\tScopri i personaggi in trend, le storie del momento e molto altro.<br \/>Dove? Sul <a href=\"https:\/\/whatsapp.com\/channel\/0029Vb68mVyHVvTWezDm7d0R\" target=\"_blank\" rel=\"noopener nofollow\">canale WhatsApp di DiLei!<\/a><\/p>\n<p>\t\t\t<a class=\"buttonCall\" href=\"https:\/\/whatsapp.com\/channel\/0029Vb68mVyHVvTWezDm7d0R\" target=\"_blank\" rel=\"noopener nofollow\" title=\"Seguici su WhatsApp\"><br \/>\n\t\t\t\tSeguici su WhatsApp<br \/>\n\t\t\t<\/a><\/p>\n","protected":false},"excerpt":{"rendered":"Kate Middleton e William festeggiano gli otto anni del loro terzo figlio, il Principino Louis, che \u00e8 nato&hellip;\n","protected":false},"author":3,"featured_media":456959,"comment_status":"","ping_status":"","sticky":false,"template":"","format":"standard","meta":{"footnotes":"","_share_on_mastodon":"0"},"categories":[1451],"tags":[1621,1620,203,19742,204,1537,90,89,1450,14165,144848,1447],"class_list":["post-456958","post","type-post","status-publish","format-standard","has-post-thumbnail","category-celebrita","tag-celebrita","tag-celebrities","tag-entertainment","tag-harry-dinghilterra","tag-intrattenimento","tag-it","tag-italia","tag-italy","tag-kate-middleton","tag-meghan-markle","tag-pasqua","tag-reali"],"share_on_mastodon":{"url":"https:\/\/pubeurope.com\/@it\/116453239114064076","error":""},"_links":{"self":[{"href":"https:\/\/www.europesays.com\/it\/wp-json\/wp\/v2\/posts\/456958","targetHints":{"allow":["GET"]}}],"collection":[{"href":"https:\/\/www.europesays.com\/it\/wp-json\/wp\/v2\/posts"}],"about":[{"href":"https:\/\/www.europesays.com\/it\/wp-json\/wp\/v2\/types\/post"}],"author":[{"embeddable":true,"href":"https:\/\/www.europesays.com\/it\/wp-json\/wp\/v2\/users\/3"}],"replies":[{"embeddable":true,"href":"https:\/\/www.europesays.com\/it\/wp-json\/wp\/v2\/comments?post=456958"}],"version-history":[{"count":0,"href":"https:\/\/www.europesays.com\/it\/wp-json\/wp\/v2\/posts\/456958\/revisions"}],"wp:featuredmedia":[{"embeddable":true,"href":"https:\/\/www.europesays.com\/it\/wp-json\/wp\/v2\/media\/456959"}],"wp:attachment":[{"href":"https:\/\/www.europesays.com\/it\/wp-json\/wp\/v2\/media?parent=456958"}],"wp:term":[{"taxonomy":"category","embeddable":true,"href":"https:\/\/www.europesays.com\/it\/wp-json\/wp\/v2\/categories?post=456958"},{"taxonomy":"post_tag","embeddable":true,"href":"https:\/\/www.europesays.com\/it\/wp-json\/wp\/v2\/tags?post=456958"}],"curies":[{"name":"wp","href":"https:\/\/api.w.org\/{rel}","templated":true}]}}