{"id":457460,"date":"2026-04-23T16:25:39","date_gmt":"2026-04-23T16:25:39","guid":{"rendered":"https:\/\/www.europesays.com\/it\/457460\/"},"modified":"2026-04-23T16:25:39","modified_gmt":"2026-04-23T16:25:39","slug":"rovigo-fa-strada-con-il-km-zero","status":"publish","type":"post","link":"https:\/\/www.europesays.com\/it\/457460\/","title":{"rendered":"Rovigo fa strada con il \u201cKm zero\u201d"},"content":{"rendered":"<p><strong>Tra il 2022 e il 2024 la provincia di Rovigo \u00e8 seconda solo a Padova per incremento dei farmers markets, il +20%, dopo il +67% di Padova.<\/strong> E\u2019 quello che emerge dall\u2019analisi pubblicata dall\u2019Osservatorio economico di Veneto Agricoltura, che ha preso in esame il fenomeno della vendita diretta da parte degli agricoltori e i suoi vari canali, con particolare attenzione al fenomeno dei farmers markets. Un fenomeno che, si rimarca \u201ccontinua a crescere in Veneto, con numeri che confermano il ruolo strategico della vendita diretta per il futuro dell\u2019agricoltura regionale: la vendita diretta coinvolge pi\u00f9 di 7mila aziende (quasi il 15% del totale), eterogenee per dimensione economica e offerta proposta (primeggiano gli ortaggi, seguiti da vino e frutta), e si avvale di diversi canali di distribuzione\u201d. E i farmers markets \u201cemergono come i pi\u00f9 dinamici e in ascesa\u201d.<\/p>\n<p>Nel 2024 la Regione Veneto ha rilevato 122 mercati degli agricoltori attivi, in crescita del 14% sul 2022 e addirittura di oltre il 170% nell\u2019ultimo quindicennio. <strong>Dal 2009, quando erano solo 44, i farmers markets sono cresciuti costantemente di anno in anno.<\/strong><\/p>\n<p><strong>Numeri che fanno gongolare Coldiretti,<\/strong> che parla di \u201cun risultato che affonda le radici nella visione pionieristica della Regione, prima in Italia ad adottare la legge sul cosiddetto \u2018Km Zero\u2019, aprendo la strada alla filiera corta e ai mercati di Campagna Amica, oggi modello diffuso a livello nazionale ed europeo\u201d.<\/p>\n<p><strong>La legge in questione \u00e8 stata approvata il 18 maggio 2001<\/strong> e a breve saranno 25 anni dalla sua promulgazione. Come rimarca il presidente di Coldiretti Veneto e Rovigo, Carlo Salvan \u201cuna norma fortemente voluta dalla Coldiretti e proposta dall\u2019allora ministro dell\u2019Agricoltura Alfonso Pecoraro Scanio che dalla sua emanazione ha rivoluzionato l\u2019agricoltura allargandone i confini dell\u2019attivit\u00e0 con nuove e creative opportunit\u00e0 imprenditoriali e professionali che hanno salvato oltre cinquantamila aziende agricole. Una sfida, contrastata da pi\u00f9 parti allora e criticata dai nostri detrattori che ci bollavano come folli, mentre eravamo solo come spesso accaduto visionari anticipatori dei tempi. Ora invece tutti parlano di un\u2019autentica svolta per il lavoro in campagna che oltre alla produzione ha introdotto la trasformazione dei prodotti fino alla vendita diretta, alle fattorie didattiche agli agriasilo, ma anche alle attivit\u00e0 ricreative, come l\u2019agricoltura sociale per l\u2019inserimento di disabili, detenuti e tossicodipendenti, la sistemazione di parchi, giardini e strade, fino all\u2019agribenessere, alla cura del paesaggio e alla produzione di energie rinnovabili, compresi gli agriturismi che hanno reso l\u2019Italia un punto di riferimento del turismo globale\u201d.<\/p>\n<p>Per Salvan si tratta di \u201cun vero e proprio spartiacque del nuovo modo di fare agricoltura. I mercati di Campagna Amica non sono solo luoghi di acquisto, ma presidi di socialit\u00e0, educazione alimentare e valorizzazione del territorio. Hanno cambiato gli stili di vita, riportando al centro stagionalit\u00e0, qualit\u00e0 e origine dei prodotti. <strong>Un modello che continua a crescere e a generare valore economico, ambientale e sociale\u201d.<\/strong><\/p>\n<p>A trainare il successo, si legge nell\u2019analisi di Veneto Agricoltura, <strong>\u201c\u00e8 soprattutto il rapporto diretto tra produttore e consumatore\u201d e \u201cfrutta e verdura restano i prodotti pi\u00f9 richiesti\u201d.<\/strong><\/p>\n<p>Accanto al commercio di prossimit\u00e0 nelle piazze e nei mercati coperti, si confermano rilevanti anche gli spacci aziendali, utilizzati da circa il 30% delle imprese agricole venete attive nella vendita diretta, <strong>mentre l\u2019e-commerce agroalimentare, pur in crescita, rappresenta ancora un canale complementare.<\/strong><\/p>\n","protected":false},"excerpt":{"rendered":"Tra il 2022 e il 2024 la provincia di Rovigo \u00e8 seconda solo a Padova per incremento dei&hellip;\n","protected":false},"author":3,"featured_media":457461,"comment_status":"","ping_status":"","sticky":false,"template":"","format":"standard","meta":{"footnotes":"","_share_on_mastodon":"0"},"categories":[1458],"tags":[9865,255982,23933,1537,90,89,8516,1840,245,244],"class_list":["post-457460","post","type-post","status-publish","format-standard","has-post-thumbnail","category-rugby","tag-agricoltura","tag-carlo-salvan","tag-coldiretti","tag-it","tag-italia","tag-italy","tag-rovigo","tag-rugby","tag-sport","tag-sports"],"share_on_mastodon":{"url":"https:\/\/pubeurope.com\/@it\/116454957290166234","error":""},"_links":{"self":[{"href":"https:\/\/www.europesays.com\/it\/wp-json\/wp\/v2\/posts\/457460","targetHints":{"allow":["GET"]}}],"collection":[{"href":"https:\/\/www.europesays.com\/it\/wp-json\/wp\/v2\/posts"}],"about":[{"href":"https:\/\/www.europesays.com\/it\/wp-json\/wp\/v2\/types\/post"}],"author":[{"embeddable":true,"href":"https:\/\/www.europesays.com\/it\/wp-json\/wp\/v2\/users\/3"}],"replies":[{"embeddable":true,"href":"https:\/\/www.europesays.com\/it\/wp-json\/wp\/v2\/comments?post=457460"}],"version-history":[{"count":0,"href":"https:\/\/www.europesays.com\/it\/wp-json\/wp\/v2\/posts\/457460\/revisions"}],"wp:featuredmedia":[{"embeddable":true,"href":"https:\/\/www.europesays.com\/it\/wp-json\/wp\/v2\/media\/457461"}],"wp:attachment":[{"href":"https:\/\/www.europesays.com\/it\/wp-json\/wp\/v2\/media?parent=457460"}],"wp:term":[{"taxonomy":"category","embeddable":true,"href":"https:\/\/www.europesays.com\/it\/wp-json\/wp\/v2\/categories?post=457460"},{"taxonomy":"post_tag","embeddable":true,"href":"https:\/\/www.europesays.com\/it\/wp-json\/wp\/v2\/tags?post=457460"}],"curies":[{"name":"wp","href":"https:\/\/api.w.org\/{rel}","templated":true}]}}