{"id":457867,"date":"2026-04-23T22:22:20","date_gmt":"2026-04-23T22:22:20","guid":{"rendered":"https:\/\/www.europesays.com\/it\/457867\/"},"modified":"2026-04-23T22:22:20","modified_gmt":"2026-04-23T22:22:20","slug":"liverpool-curtis-jones-rinnovo-sempre-piu-difficile-ecco-perche-puo-essere-unoccasione-per-linter","status":"publish","type":"post","link":"https:\/\/www.europesays.com\/it\/457867\/","title":{"rendered":"Liverpool-Curtis Jones, rinnovo sempre pi\u00f9 difficile: ecco perch\u00e9 pu\u00f2 essere un&#8217;occasione per l&#8217;Inter"},"content":{"rendered":"<p>Curtis Jones pu\u00f2 lasciare il Liverpool in estate: possibile occasione di mercato per i nerazzurri e non solo.<\/p>\n<p><b><strong>Curtis Jones<\/strong><\/b> potrebbe essere un nome per il prossimo calciomercato estivo delle italiane e, in particolare, dell&#8217;Inter. Il classe 2001 del Liverpool, infatti, non ha ancora rinnovato il suo contratto in scadenza il 30 giugno 2027 e s<b><strong>enza un prolungamento non \u00e8 da escludere un suo addio ai Reds in estate.<\/strong><\/b><\/p>\n<p>I nerazzurri ci avevano provato a gennaio, trovando anche l&#8217;accordo con il calciatore. <b><strong>Ma il Liverpool aveva detto no alla cessione in prestit<\/strong><\/b>o, anche a causa dei tanti infortuni che, in quel momento, aveva la squadra di Arne Slot.<\/p>\n<p>Le cose, per\u00f2, sono cambiate da fine gennaio e Jones ha avuto sempre meno spazio nei Reds, anche se ha giocato da titolare e rimanendo in campo fino alla fine il derby con l&#8217;Everton dell&#8217;ultima giornata. <b><strong>Questo poco spazio potrebbe portare a una separazione nella prossima sessione di trattative.<\/strong><\/b><\/p>\n","protected":false},"excerpt":{"rendered":"Curtis Jones pu\u00f2 lasciare il Liverpool in estate: possibile occasione di mercato per i nerazzurri e non solo.&hellip;\n","protected":false},"author":3,"featured_media":457868,"comment_status":"","ping_status":"","sticky":false,"template":"","format":"standard","meta":{"footnotes":"","_share_on_mastodon":"0"},"categories":[1452],"tags":[256220,721,353,1740,350,1537,90,89,3978,1739,245,244,355],"class_list":["post-457867","post","type-post","status-publish","format-standard","has-post-thumbnail","category-calcio","tag-c-jones","tag-calcio","tag-calciomercato","tag-football","tag-inter","tag-it","tag-italia","tag-italy","tag-liverpool","tag-soccer","tag-sport","tag-sports","tag-transfers"],"share_on_mastodon":{"url":"https:\/\/pubeurope.com\/@it\/116456361033377320","error":""},"_links":{"self":[{"href":"https:\/\/www.europesays.com\/it\/wp-json\/wp\/v2\/posts\/457867","targetHints":{"allow":["GET"]}}],"collection":[{"href":"https:\/\/www.europesays.com\/it\/wp-json\/wp\/v2\/posts"}],"about":[{"href":"https:\/\/www.europesays.com\/it\/wp-json\/wp\/v2\/types\/post"}],"author":[{"embeddable":true,"href":"https:\/\/www.europesays.com\/it\/wp-json\/wp\/v2\/users\/3"}],"replies":[{"embeddable":true,"href":"https:\/\/www.europesays.com\/it\/wp-json\/wp\/v2\/comments?post=457867"}],"version-history":[{"count":0,"href":"https:\/\/www.europesays.com\/it\/wp-json\/wp\/v2\/posts\/457867\/revisions"}],"wp:featuredmedia":[{"embeddable":true,"href":"https:\/\/www.europesays.com\/it\/wp-json\/wp\/v2\/media\/457868"}],"wp:attachment":[{"href":"https:\/\/www.europesays.com\/it\/wp-json\/wp\/v2\/media?parent=457867"}],"wp:term":[{"taxonomy":"category","embeddable":true,"href":"https:\/\/www.europesays.com\/it\/wp-json\/wp\/v2\/categories?post=457867"},{"taxonomy":"post_tag","embeddable":true,"href":"https:\/\/www.europesays.com\/it\/wp-json\/wp\/v2\/tags?post=457867"}],"curies":[{"name":"wp","href":"https:\/\/api.w.org\/{rel}","templated":true}]}}