{"id":457978,"date":"2026-04-23T23:56:19","date_gmt":"2026-04-23T23:56:19","guid":{"rendered":"https:\/\/www.europesays.com\/it\/457978\/"},"modified":"2026-04-23T23:56:19","modified_gmt":"2026-04-23T23:56:19","slug":"le-caratteristiche-dellasta-dei-bot-del-28-aprile-2026","status":"publish","type":"post","link":"https:\/\/www.europesays.com\/it\/457978\/","title":{"rendered":"Le caratteristiche dell&#8217;asta dei BOT del 28 aprile 2026"},"content":{"rendered":"<p><img decoding=\"async\" style=\"float: left;\" src=\"https:\/\/www.europesays.com\/it\/wp-content\/uploads\/2025\/12\/mef_2.jpeg\" alt=\"mef_2\" width=\"200\" \/>Il Ministero dell\u2019Economia e delle Finanze ha comunicato che marted\u00ec 28 aprile 2026 sar\u00e0 effettuata l\u2019<strong>asta di due BOT<\/strong> con le seguenti caratteristiche:<\/p>\n<p>\u00a0<\/p>\n<ul>&#13;<\/p>\n<li><strong>Tranche<\/strong>: terza (riapertura \u2013 vita residua 2 mesi)<\/li>\n<p>&#13;<\/p>\n<li><strong>Codice ISIN<\/strong>: IT0005704454<\/li>\n<p>&#13;<\/p>\n<li><strong>Emissione<\/strong>: 14 aprile 2026<\/li>\n<p>&#13;<\/p>\n<li><strong>Scadenza<\/strong>: 14 luglio 2026<\/li>\n<p>&#13;<\/p>\n<li><strong>Importo offerto<\/strong>: 2,5 miliardi di euro<\/li>\n<p>&#13;<\/p>\n<li><strong>Durata giorni<\/strong>: 75<\/li>\n<p>&#13;<\/p>\n<li><strong>Data di regolamento<\/strong>: 30 aprile 2026<\/li>\n<p>&#13;\n<\/ul>\n<p>\u00a0<\/p>\n<ul>&#13;<\/p>\n<li><strong>Tranche<\/strong>: terza (riapertura \u2013 vita residua 5 mesi)<\/li>\n<p>&#13;<\/p>\n<li><strong>Codice ISIN<\/strong>: IT0005702656<\/li>\n<p>&#13;<\/p>\n<li><strong>Emissione<\/strong>: 31 marzo 2026<\/li>\n<p>&#13;<\/p>\n<li><strong>Scadenza<\/strong>: 30 settembre 2026<\/li>\n<p>&#13;<\/p>\n<li><strong>Importo offerto<\/strong>: 2 miliardi di euro<\/li>\n<p>&#13;<\/p>\n<li><strong>Durata giorni<\/strong>: 153<\/li>\n<p>&#13;<\/p>\n<li><strong>Data di regolamento<\/strong>: 30 aprile 2026<\/li>\n<p>&#13;\n<\/ul>\n<p>\u00a0<\/p>\n<p>I BOT sono posti all&#8217;asta con il sistema di collocamento dell&#8217;asta competitiva, con richieste degli operatori espresse in termini di rendimento.<\/p>\n<p>I titoli possono essere sottoscritti per un importo minimo di mille euro.<\/p>\n<p>L&#8217;offerta del collocamento supplementare \u00e8 stabilita nella misura del 10% dell&#8217;ammontare nominale offerto nell&#8217;asta ordinaria, determinato in base ai criteri indicati nel decreto di emissione.<\/p>\n<p>\u00a0<\/p>\n<p>Il Ministero dell\u2019Economia e delle Finanze ha ricordato che il 30 aprile 2026 non vengono a scadere BOT.<\/p>\n<p>Al 14 aprile 2026 la circolazione dei BOT era pari a 137.335,885 milioni di euro: 2.540,605 trimestrali, 28.945,28 milioni di euro semestrali e 105.850 milioni di euro annuali.<\/p>\n<p>\u00a0<\/p>\n<p>Questo  scritto \u00e8 redatto a solo scopo informativo, pu\u00f2 essere modificato  in  qualsiasi momento e NON pu\u00f2 essere considerato sollecitazione  al  pubblico risparmio. &#13;<br \/>\n Il sito web non garantisce la correttezza e non si assume la responsabilit\u00e0 in merito all\u2019uso delle informazioni ivi riportate.<\/p>\n","protected":false},"excerpt":{"rendered":"Il Ministero dell\u2019Economia e delle Finanze ha comunicato che marted\u00ec 28 aprile 2026 sar\u00e0 effettuata l\u2019asta di due&hellip;\n","protected":false},"author":3,"featured_media":275055,"comment_status":"","ping_status":"","sticky":false,"template":"","format":"standard","meta":{"footnotes":"","_share_on_mastodon":"0"},"categories":[172],"tags":[178,38890,26525,177,1537,90,89],"class_list":["post-457978","post","type-post","status-publish","format-standard","has-post-thumbnail","category-affari","tag-affari","tag-asta-bot","tag-bot","tag-business","tag-it","tag-italia","tag-italy"],"share_on_mastodon":{"url":"https:\/\/pubeurope.com\/@it\/116456730622379503","error":""},"_links":{"self":[{"href":"https:\/\/www.europesays.com\/it\/wp-json\/wp\/v2\/posts\/457978","targetHints":{"allow":["GET"]}}],"collection":[{"href":"https:\/\/www.europesays.com\/it\/wp-json\/wp\/v2\/posts"}],"about":[{"href":"https:\/\/www.europesays.com\/it\/wp-json\/wp\/v2\/types\/post"}],"author":[{"embeddable":true,"href":"https:\/\/www.europesays.com\/it\/wp-json\/wp\/v2\/users\/3"}],"replies":[{"embeddable":true,"href":"https:\/\/www.europesays.com\/it\/wp-json\/wp\/v2\/comments?post=457978"}],"version-history":[{"count":0,"href":"https:\/\/www.europesays.com\/it\/wp-json\/wp\/v2\/posts\/457978\/revisions"}],"wp:featuredmedia":[{"embeddable":true,"href":"https:\/\/www.europesays.com\/it\/wp-json\/wp\/v2\/media\/275055"}],"wp:attachment":[{"href":"https:\/\/www.europesays.com\/it\/wp-json\/wp\/v2\/media?parent=457978"}],"wp:term":[{"taxonomy":"category","embeddable":true,"href":"https:\/\/www.europesays.com\/it\/wp-json\/wp\/v2\/categories?post=457978"},{"taxonomy":"post_tag","embeddable":true,"href":"https:\/\/www.europesays.com\/it\/wp-json\/wp\/v2\/tags?post=457978"}],"curies":[{"name":"wp","href":"https:\/\/api.w.org\/{rel}","templated":true}]}}