{"id":458017,"date":"2026-04-24T00:33:22","date_gmt":"2026-04-24T00:33:22","guid":{"rendered":"https:\/\/www.europesays.com\/it\/458017\/"},"modified":"2026-04-24T00:33:22","modified_gmt":"2026-04-24T00:33:22","slug":"con-elena-perinelli-completato-il-reparto-schiacciatrici-per-la-stagione-2026-2027","status":"publish","type":"post","link":"https:\/\/www.europesays.com\/it\/458017\/","title":{"rendered":"con Elena Perinelli completato il reparto schiacciatrici per la stagione 2026-2027"},"content":{"rendered":"<p>La Igor Volley completa il reparto delle schiacciatrici per la stagione 2026-2027. Sar\u00e0 Elena Perinelli a occupare l&#8217;ultimo slot disponibile nel roster delle &#8220;bande&#8221;, raggiungendo le gi\u00e0 confermate Alsmeier, Herbots e Tolok. L&#8217;atleta varesina ha siglato con il club azzurro un accordo della durata di un anno, con scadenza fissata al giugno 2027.<\/p>\n<p>&#8220;Non \u00e8 la prima volta che seguiamo Elena, atleta che ha 31 anni ma ne ha passati pi\u00f9 della met\u00e0 di fatto in campo in serie A e che per questo pu\u00f2 mettere sul piatto esperienza con pochi eguali &#8211; ha commentato il direttore generale della Igor Enrico Marchioni -. Giocatrice solida e di equilibrio, ha dei punti di forza che possono rivelarsi un&#8217;importante arma tattica da utilizzare in momenti specifici e ha accettato con entusiasmo di sposare il nostro progetto, fattore che sicuramente ha un peso importante. Confidiamo molto nel contributo che potr\u00e0 dare alla squadra nel corso di una stagione che speriamo possa essere piena di partite importanti&#8221;.<\/p>\n<p>Una carriera tra Italia ed estero<\/p>\n<p>Classe 1995, Perinelli vanta un&#8217;esperienza di sedici stagioni nel professionismo. Il suo percorso \u00e8 iniziato giovanissima nel 2010 a Villa Cortese, per poi proseguire in diverse piazze storiche della pallavolo italiana come a Modena, Scandicci, Firenze, Club Italia, Chieri (cinque stagioni con la vittoria, nella prima, del campionato di A2), Casalmaggiore, Pinerolo e Perugia. Nel mezzo, nella parte finale del 2024-2025, l&#8217;unica esperienza all&#8217;estero, in Turchia, all\u2019Aras Kargo di Izmir.<\/p>\n<p>Il nuovo innesto della Igor Volley ha vestito in pi\u00f9 occasioni la maglia azzurra della nazionale. Nel suo palmar\u00e8s internazionale spicca in particolare la medaglia d&#8217;argento conquistata durante le universiadi del 2019.\u00a0<\/p>\n<p>&#8220;Sono molto contenta di poter far parte di questo progetto &#8211; ha commentato Perinelli &#8211; e di giocare per un club e una squadra di altissimo livello e di grandi ambizioni. Mi aspetta un&#8217;esperienza totalmente diversa rispetto a quelle fin qui vissute ma sono pronta a mettermi al servizio delle compagne e sono curiosa di scoprire cosa mi aspetta. Per la mia scelta \u00e8 stata determinante la possibilit\u00e0 di lavorare ogni giorno con compagne e uno staff di alto livello, cosa che mi permetter\u00e0 di imparare e crescere. Anche poter giocare al Pala Igor, che da avversaria ho sempre apprezzato, ha sicuramente un peso importante: conosco quanto possa crearsi una bella atmosfera l\u00ec e quanto questo possa aiutare la squadra in campo&#8221;.<\/p>\n<p>Continua a leggere su<a href=\"https:\/\/www.novaratoday.it\/\" rel=\"nofollow noopener\" target=\"_blank\"> NovaraToday<\/a><br \/>Seguici anche su <a href=\"https:\/\/www.facebook.com\/NovaraToday\" rel=\"nofollow noopener\" target=\"_blank\">Facebook<\/a> e sul nostro <a href=\"https:\/\/whatsapp.com\/channel\/0029VaJT53w3GJOx508Djf12\" rel=\"nofollow noopener\" target=\"_blank\">canale WhatsApp<\/a><\/p>\n<p>  &#13;<br \/>\n&#13;<br \/>\n  &lt;!?php if ( SF_DOMAIN == &#8216;citynews-bruxellestoday&#8217; || SF_DOMAIN == &#8216;citynews-cagliaritoday&#8217; || SF_DOMAIN == &#8216;citynews-sassaritoday&#8217; || SF_DOMAIN == &#8216;citynews-tarantotoday&#8217; || SF_DOMAIN == &#8216;citynews-viterbotoday&#8217; || SF_DOMAIN == &#8216;citynews-ferraratoday&#8217; ): ?&gt;&#13;<br \/>\n    &#13;<br \/>\n  &lt;!?php endif; ?&gt;&#13;<br \/>\n  &#13;<br \/>\n&#13;<br \/>\n            &#13;<br \/>\n            &#13;<\/p>\n<p>         &#13;<br \/>\n  &#13;<br \/>\n    &#13;<br \/>\n      &#13;<br \/>\n    &#13;<br \/>\n    <strong>2<\/strong> minuti di lettura   &#13;<\/p>\n","protected":false},"excerpt":{"rendered":"La Igor Volley completa il reparto delle schiacciatrici per la stagione 2026-2027. Sar\u00e0 Elena Perinelli a occupare l&#8217;ultimo&hellip;\n","protected":false},"author":3,"featured_media":458018,"comment_status":"","ping_status":"","sticky":false,"template":"","format":"standard","meta":{"footnotes":"","_share_on_mastodon":"0"},"categories":[1474],"tags":[245592,1537,90,89,2347,256286,245,244,1869],"class_list":["post-458017","post","type-post","status-publish","format-standard","has-post-thumbnail","category-volley","tag-igor-volley","tag-it","tag-italia","tag-italy","tag-pallavolo","tag-seria-a1","tag-sport","tag-sports","tag-volley"],"share_on_mastodon":{"url":"https:\/\/pubeurope.com\/@it\/116456875924028832","error":""},"_links":{"self":[{"href":"https:\/\/www.europesays.com\/it\/wp-json\/wp\/v2\/posts\/458017","targetHints":{"allow":["GET"]}}],"collection":[{"href":"https:\/\/www.europesays.com\/it\/wp-json\/wp\/v2\/posts"}],"about":[{"href":"https:\/\/www.europesays.com\/it\/wp-json\/wp\/v2\/types\/post"}],"author":[{"embeddable":true,"href":"https:\/\/www.europesays.com\/it\/wp-json\/wp\/v2\/users\/3"}],"replies":[{"embeddable":true,"href":"https:\/\/www.europesays.com\/it\/wp-json\/wp\/v2\/comments?post=458017"}],"version-history":[{"count":0,"href":"https:\/\/www.europesays.com\/it\/wp-json\/wp\/v2\/posts\/458017\/revisions"}],"wp:featuredmedia":[{"embeddable":true,"href":"https:\/\/www.europesays.com\/it\/wp-json\/wp\/v2\/media\/458018"}],"wp:attachment":[{"href":"https:\/\/www.europesays.com\/it\/wp-json\/wp\/v2\/media?parent=458017"}],"wp:term":[{"taxonomy":"category","embeddable":true,"href":"https:\/\/www.europesays.com\/it\/wp-json\/wp\/v2\/categories?post=458017"},{"taxonomy":"post_tag","embeddable":true,"href":"https:\/\/www.europesays.com\/it\/wp-json\/wp\/v2\/tags?post=458017"}],"curies":[{"name":"wp","href":"https:\/\/api.w.org\/{rel}","templated":true}]}}