{"id":458338,"date":"2026-04-24T06:41:12","date_gmt":"2026-04-24T06:41:12","guid":{"rendered":"https:\/\/www.europesays.com\/it\/458338\/"},"modified":"2026-04-24T06:41:12","modified_gmt":"2026-04-24T06:41:12","slug":"perche-ranieri-si-e-dimesso-dalla-roma-la-guerra-con-gasperini-su-mercato-medici-e-comunicazione-la-scelta-dei-friedkin-e-ora-il-ds-massara","status":"publish","type":"post","link":"https:\/\/www.europesays.com\/it\/458338\/","title":{"rendered":"Perch\u00e9 Ranieri si \u00e8 dimesso dalla Roma: la guerra con Gasperini su mercato, medici e comunicazione. La scelta dei Friedkin. E ora il ds Massara?"},"content":{"rendered":"<p>    di<br \/>\n    Davide Stoppini<\/p>\n<p class=\"summary-art is-line-h-12\">Claudio Ranieri ha incontrato la famiglia Friedkin e si \u00e8 discusso di tutti gli aspetti legati alla separazione. Lascia sul tavolo un contratto da 1,5 milioni fino al 2027<\/p>\n<p class=\"chapter-paragraph\">A Roma per tutti da sempre Claudio \u00e8 er fettina, soprannome dovuto a pap\u00e0 Mario, storico macellaio. La fettina \u00e8 un taglio sottile di carne, si sa. Ma qui di sottile poco c\u2019\u00e8 stato, il taglio \u00e8 netto e pure doloroso. <a href=\"https:\/\/roma.corriere.it\/notizie\/sport\/26_aprile_23\/ranieri-verso-l-uscita-dalla-roma-dopo-lo-scontro-con-gasperini-cba78e9e-b499-4944-8082-2d1e59e16xlk.shtml\" title=\"Ranieri verso l&#039;uscita dalla Roma dopo lo scontro con Gasperini\" target=\"_blank\" rel=\"nofollow noopener\">Ranieri non \u00e8 pi\u00f9 il senior advisor della famiglia Friedkin<\/a>, ruolo che aveva preso in carico l\u2019estate scorsa, subito dopo aver riposto nell\u2019armadio il vestito di allenatore.\u00a0<\/p>\n<p class=\"chapter-paragraph\">La sua prima mossa, la scelta di <b>Gian Piero Gasperini<\/b> come suo successore, \u00e8 stata quella che ora lo porta al divorzio. La convivenza tra i due non era pi\u00f9 possibile, nonostante i tentativi della propriet\u00e0 di ricucire. Tra mercoled\u00ec e ieri la situazione \u00e8 precipitata, fino a spingere i Friedkin a intervenire. \u00c8 accaduto ieri pomeriggio, dopo <b>una riunione<\/b> tra lo stesso Ranieri e la propriet\u00e0 collegata da remoto dagli Usa, durante la quale si sono discusse le modalit\u00e0 della separazione e anche gli aspetti legali. L\u2019ufficialit\u00e0, attesa per ore (e con relativo giallo per una intervista alla Rai dello stesso dirigente), arriver\u00e0 solo oggi.    &#13;<br \/>\n&#13;<br \/>\n&#13;<br \/>\n&#13;<br \/>\n&#13;<br \/>\n&#13;<br \/>\n&#13;<br \/>\n&#13;<br \/>\n&#13;<br \/>\n&#13;<br \/>\n&#13;<br \/>\n&#13;<br \/>\n&#13;<br \/>\n&#13;<br \/>\n&#13;<br \/>\n&#13;<br \/>\n&#13;<br \/>\n&#13;<br \/>\n&#13;<br \/>\n&#13;<br \/>\n&#13;<br \/>\n&#13;<br \/>\n&#13;<br \/>\n&#13;<br \/>\n&#13;<br \/>\n&#13;<br \/>\n&#13;<br \/>\n&#13;<br \/>\n&#13;<br \/>\n&#13;<br \/>\n&#13;<br \/>\n&#13;<br \/>\n&#13;<br \/>\n&#13;<br \/>\n&#13;<br \/>\n&#13;<br \/>\n&#13;<br \/>\n&#13;<br \/>\n&#13;<br \/>\n&#13;<br \/>\n&#13;<br \/>\n&#13;<br \/>\n&#13;<br \/>\n&#13;<br \/>\n&#13;<br \/>\n&#13;<br \/>\n&#13;<br \/>\n&#13;<br \/>\n&#13;<br \/>\n&#13;<br \/>\n&#13;<br \/>\n&#13;<br \/>\n&#13;\n<\/p>\n<p class=\"chapter-paragraph\">Ranieri<b> lascia sul tavolo un contratto da 1,5 milioni<\/b> di euro fino al 2027. Soprattutto, il suo addio mette in una posizione di grande forza Gasperini, che sar\u00e0 il riferimento della Roma che verr\u00e0. Di fatto, con l\u2019intervento pubblico prima della partita con il Pisa del 10 aprile, Ranieri aveva posto un <b>aut aut ai Friedkin<\/b>. E da quel bivio \u00e8 uscito perdente. Tecnicamente si tratta di dimissioni, in realt\u00e0 \u00e8 una <b>separazione amara<\/b>. \u00abSe mi continuer\u00e0 a piacere questo ruolo, io sar\u00f2 qui \u2014 disse \u2014. <a href=\"https:\/\/www.corriere.it\/sport\/calcio\/serie-a\/26_aprile_10\/roma-pisa-risultato-096e7164-066e-4bf9-9996-edbc8afb6xlk.shtml\" title=\"Roma-Pisa 3-0: tripletta di Malen, Gasperini a -1 dal quarto posto. Ranieri attacca l&#039;allenatore\" target=\"_blank\" rel=\"nofollow noopener\">Se non sar\u00f2 interpellato me ne andr\u00f2, non faccio il garante di nessuno<\/a>\u00bb. Eccoci qui, allora.<\/p>\n<p class=\"chapter-paragraph\">La<b> Guerra dei Roses dentro Trigoria<\/b>, dunque, \u00e8 vinta da Gasperini. Che \u00e8 entrato in rotta di collisione con Ranieri fin dalla scorsa estate: i due si sono scontrati su ogni tema, dal mercato alla presenza a Trigoria, dallo staff medico ai fisioterapisti fino alla comunicazione, probabilmente anche sulle previsioni meteo ma qui non ci sono certezze. <a href=\"https:\/\/www.corriere.it\/sport\/calcio\/26_aprile_10\/scontro-ranieri-gasperini-roma-9b6ea4a0-caae-4b97-a7e9-f533b033dxlk.shtml\" title=\"Scontro Ranieri-Gasperini: \u00abIo consulente della Roma, non suo. Lui ha approvato ogni acquisto: troppo facile dare colpe al mercato\u00bb\" target=\"_blank\" rel=\"nofollow noopener\">Il crollo della Roma<\/a> in campionato \u2014 nel girone di ritorno gli stessi punti di Lazio e Fiorentina, 22 \u2014 ha aggiunto benzina sul fuoco. Nell\u2019incendio rischia di restare coinvolto il ds Ricky Massara, legato a Ranieri: con il club ha un contratto fino al 2028 ma \u00e8 probabile un suo addio, con Cristiano Giuntoli candidato numero uno per la successione.<\/p>\n<p class=\"chapter-paragraph\">Della Roma Ranieri \u00e8 stato giocatore prima, allenatore poi, infine dirigente. Ieri mattina, nel Salone d\u2019Onore del Coni, aveva detto: \u00abRestiamo tutti uniti per un unico scopo\u00bb. Mai distanza tra parole e fatti fu pi\u00f9 grande. Proprio <b>al Coni Ranieri aveva parlottato con Giovanni Malag\u00f2<\/b>: chiss\u00e0 che non sia uscito l\u2019argomento Nazionale. Strana la vita: dieci mesi fa Claudio disse no all\u2019azzurro, scegliendo di restare senior advisor. Chiss\u00e0, magari dalla Figc arriva una nuova chiamata per un ruolo di direttore tecnico.<\/p>\n<p class=\"is-last-update\" datetime=\"2026-04-23T22:57:03+02:00\">24 aprile 2026<\/p>\n<p class=\"is-copyright\">\n            \u00a9 RIPRODUZIONE RISERVATA\n        <\/p>\n","protected":false},"excerpt":{"rendered":"di Davide Stoppini Claudio Ranieri ha incontrato la famiglia Friedkin e si \u00e8 discusso di tutti gli aspetti&hellip;\n","protected":false},"author":3,"featured_media":458339,"comment_status":"","ping_status":"","sticky":false,"template":"","format":"standard","meta":{"footnotes":"","_share_on_mastodon":"0"},"categories":[176],"tags":[2983,20908,1960,4675,9978,5369,4123,11693,14565,6693,2283,10407,7210,1533,1909,256418,256419,30413,5301,77,1537,90,89,2735,256420,256421,5291,1412,14154,30414,14751,987,138,1360,2420,245,244],"class_list":["post-458338","post","type-post","status-publish","format-standard","has-post-thumbnail","category-sport","tag-addio","tag-advisor","tag-allenatore","tag-aspetti","tag-aut","tag-chissa","tag-claudio","tag-comunicazione","tag-coni","tag-contratto","tag-dirigente","tag-disse","tag-ds","tag-estate","tag-famiglia","tag-famiglia-friedkin","tag-fettina","tag-friedkin","tag-gasperini","tag-guerra","tag-it","tag-italia","tag-italy","tag-lascia","tag-lascia-tavolo","tag-lascia-tavolo-contratto","tag-massara","tag-mercato","tag-proprieta","tag-ranieri","tag-restare","tag-roma","tag-ruolo","tag-scelta","tag-separazione","tag-sport","tag-sports"],"share_on_mastodon":{"url":"","error":"Validation failed: Text character limit of 500 exceeded"},"_links":{"self":[{"href":"https:\/\/www.europesays.com\/it\/wp-json\/wp\/v2\/posts\/458338","targetHints":{"allow":["GET"]}}],"collection":[{"href":"https:\/\/www.europesays.com\/it\/wp-json\/wp\/v2\/posts"}],"about":[{"href":"https:\/\/www.europesays.com\/it\/wp-json\/wp\/v2\/types\/post"}],"author":[{"embeddable":true,"href":"https:\/\/www.europesays.com\/it\/wp-json\/wp\/v2\/users\/3"}],"replies":[{"embeddable":true,"href":"https:\/\/www.europesays.com\/it\/wp-json\/wp\/v2\/comments?post=458338"}],"version-history":[{"count":0,"href":"https:\/\/www.europesays.com\/it\/wp-json\/wp\/v2\/posts\/458338\/revisions"}],"wp:featuredmedia":[{"embeddable":true,"href":"https:\/\/www.europesays.com\/it\/wp-json\/wp\/v2\/media\/458339"}],"wp:attachment":[{"href":"https:\/\/www.europesays.com\/it\/wp-json\/wp\/v2\/media?parent=458338"}],"wp:term":[{"taxonomy":"category","embeddable":true,"href":"https:\/\/www.europesays.com\/it\/wp-json\/wp\/v2\/categories?post=458338"},{"taxonomy":"post_tag","embeddable":true,"href":"https:\/\/www.europesays.com\/it\/wp-json\/wp\/v2\/tags?post=458338"}],"curies":[{"name":"wp","href":"https:\/\/api.w.org\/{rel}","templated":true}]}}