{"id":458929,"date":"2026-04-24T15:20:14","date_gmt":"2026-04-24T15:20:14","guid":{"rendered":"https:\/\/www.europesays.com\/it\/458929\/"},"modified":"2026-04-24T15:20:14","modified_gmt":"2026-04-24T15:20:14","slug":"soldati-ucraini-lasciati-al-fronte-senza-cibo-per-mesi-licenziati-due-comandanti","status":"publish","type":"post","link":"https:\/\/www.europesays.com\/it\/458929\/","title":{"rendered":"Soldati ucraini \u00ablasciati al fronte senza cibo per mesi\u00bb: licenziati due comandanti"},"content":{"rendered":"<p>    di<br \/>\n    Redazione Online<\/p>\n<p class=\"summary-art is-line-h-12\">Denutriti e pelle e ossa, cos\u00ec si sono ridotti alcuni militari ucraini abbandonati senza viveri. La denuncia sui social della moglie di un soldato che ha pubblicato le immagini degli uomini diventati scheletrici<\/p>\n<p class=\"chapter-paragraph\">Da uomini muscolosi di 80-90 chili a scheletri pelle e ossa di circa 50 chili.\u00a0\u00c8 successo a un gruppo di <b>soldati ucraini che si sono trovati sulla linea del fronte senza acqua n\u00e9 cibo per mesi<\/b>. Costretti a bere acqua piovana o neve sciolta. Sul campo di battaglia senza avere di che mangiare e di conseguenza senza forze per poter difendere il territorio. Affamati. <b>Per questo motivo due comandanti dello stato Maggiore, tra cui un alto funzionario<\/b>, sono stati <b>rimossi dagli incarichi<\/b>, appena la notizia ha iniziato a diffondersi sui social.\u00a0<\/p>\n<p class=\"chapter-paragraph\"><a href=\"https:\/\/www.corriere.it\/esteri\/diretta-live\/26_aprile_24\/guerra-ucraina-russia-le-notizie-in-diretta-via-libera-finale-al-prestito-ue-da-90-miliardi-a-kiev-von-der-leyen-prima-tranche.shtml\" title=\"Guerra Ucraina-Russia, le notizie in diretta | Via libera finale al prestito Ue da 90 miliardi a Kiev. Mosca: \u00abItalia fornitore attivo di armi all&#039;Ucraina\u00bb. Meloni: \u00ab\u00c8 Putin che deve fare passi avanti, non noi\u00bb\" rel=\"nofollow noopener\" target=\"_blank\">Ucraina, la guerra in diretta<\/a>    &#13;<br \/>\n&#13;<br \/>\n&#13;<br \/>\n&#13;<br \/>\n&#13;<br \/>\n&#13;<br \/>\n&#13;<br \/>\n&#13;<br \/>\n&#13;<br \/>\n&#13;<br \/>\n&#13;<br \/>\n&#13;<br \/>\n&#13;<br \/>\n&#13;<br \/>\n&#13;<br \/>\n&#13;<br \/>\n&#13;<br \/>\n&#13;<br \/>\n&#13;<br \/>\n&#13;<br \/>\n&#13;<br \/>\n&#13;<br \/>\n&#13;<br \/>\n&#13;<br \/>\n&#13;<br \/>\n&#13;<br \/>\n&#13;<br \/>\n&#13;<br \/>\n&#13;<br \/>\n&#13;<br \/>\n&#13;<br \/>\n&#13;<br \/>\n&#13;<br \/>\n&#13;<br \/>\n&#13;<br \/>\n&#13;<br \/>\n&#13;<br \/>\n&#13;<br \/>\n&#13;<br \/>\n&#13;<br \/>\n&#13;<br \/>\n&#13;<br \/>\n&#13;<br \/>\n&#13;<br \/>\n&#13;<br \/>\n&#13;<br \/>\n&#13;<br \/>\n&#13;<br \/>\n&#13;<br \/>\n&#13;<br \/>\n&#13;<br \/>\n&#13;<br \/>\n&#13;\n<\/p>\n<p class=\"chapter-paragraph\">Lo scandalo \u00e8 scoppiato dopo che<b> la moglie di uno dei soldati, Anastasiia Silchuk<\/b>, ha pubblicato sui social le immagini dei militari visibilmente deperiti, senza pi\u00f9 muscoli. Nelle immagini si vedono quattro uomini pallidi e malnutriti, con costole prominenti e braccia esili.\u00a0<\/p>\n<p class=\"chapter-paragraph\">Secondo quanto riferito dai loro familiari <b>i soldati hanno trascorso otto mesi a difendere una striscia di territorio sempre pi\u00f9 ridotta<\/b> sulla riva sinistra del fiume Oskil, vicino alla citt\u00e0 di Kupiansk, nell&#8217;Ucraina nord-orientale dove i rifornimenti di <b>cibo e medicinali possono essere trasportati solo tramite droni<\/b>.<\/p>\n<p class=\"chapter-paragraph\">Dopo una consegna, ha raccontato la moglie del soldato, non sono arrivati altri viveri per 10 giorni. \u00ab<b>Il periodo pi\u00f9 lungo in cui sono rimasti senza cibo \u00e8 stato di 17 giorni<\/b>. Nessuno li ascoltava alla radio, o forse nessuno voleva ascoltarli. Mio marito gridava e implorava, dicendo che non c&#8217;era n\u00e9 cibo n\u00e9 acqua\u00bb, ha affermato Silchuk. Questa vicenda \u00e8 successa ai soldati della 14esima brigata meccanizzata. \u00abStavano perdendo i sensi per la fame\u00bb, ha detto Ivanna Poberezhnyuk il cui padre \u00e8 stato evacuato dall&#8217;avamposto. Ma un episodio simile, di soldati lasciati senza cibo, ha riguardato anche un gruppo di uomini del secondo battaglione di stanza a Kharkiv.\u00a0<\/p>\n<p class=\"chapter-paragraph\">Una volta venuta alla luce la vicenda, le forze ucraine hanno cercato di mettere una toppa. <b>La brigata ha ammesso che c&#8217;erano problemi logistici<\/b> e ha affermato che le consegne erano possibili solo per via aerea perch\u00e9 la loro <b>posizione era estremamente vicina alle linee nemiche<\/b>. \u00abTutto viene fatto con i droni. I russi prestano la massima attenzione alle consegne di cibo, munizioni e carburante e ne intercettano e abbattono il pi\u00f9 possibile\u00bb, ha dichiarato un portavoce. \u00abA volte non sono tanto interessati al nostro equipaggiamento militare quanto alla logistica, in realt\u00e0\u00bb.<\/p>\n<p class=\"chapter-paragraph\">Negli ultimi mesi l&#8217;Ucraina ha utilizzato sempre pi\u00f9 robot terrestri per inviare rifornimenti nelle zone esposte e per evacuare i soldati feriti. <b>Nel settore di Kupiansk, la Russia ha distrutto i ponti<\/b> sul fiume Oskil, nel tentativo di isolare le forze ucraine sulla riva sinistra.\u00a0<\/p>\n<p class=\"chapter-paragraph\"><b>Da quando la questione \u00e8 venuta alla luce, la situazione \u00e8 migliorata, ha detto Silchuk<\/b> al Guardian. \u00abC&#8217;\u00e8 un nuovo comandante. Ci ha telefonato e ha detto che la situazione si sta risolvendo. Ed \u00e8 vero. Mio marito mi ha scritto che ha appena mangiato pi\u00f9 di quanto abbia mangiato negli ultimi otto mesi\u00bb, ha detto.<\/p>\n<p class=\"is-last-update\" datetime=\"2026-04-24T16:26:55+02:00\">24 aprile 2026 ( modifica il 24 aprile 2026 | 16:26)<\/p>\n<p class=\"is-copyright\">\n            \u00a9 RIPRODUZIONE RISERVATA\n        <\/p>\n","protected":false},"excerpt":{"rendered":"di Redazione Online Denutriti e pelle e ossa, cos\u00ec si sono ridotti alcuni militari ucraini abbandonati senza viveri.&hellip;\n","protected":false},"author":3,"featured_media":458930,"comment_status":"","ping_status":"","sticky":false,"template":"","format":"standard","meta":{"footnotes":"","_share_on_mastodon":"0"},"categories":[160],"tags":[412,797,2201,292,5697,844,35359,7238,14,164,165,1279,4467,12993,256726,769,84417,1346,12272,84412,21493,18494,32431,7242,888,1229,256727,166,1354,256728,7,15,256729,256725,1686,6443,4485,11,167,12,168,4412,161,162,163],"class_list":["post-458929","post","type-post","status-publish","format-standard","has-post-thumbnail","category-mondo","tag-acqua","tag-affermato","tag-appena","tag-brigata","tag-chili","tag-cibo","tag-comandanti","tag-consegne","tag-cronaca","tag-dal-mondo","tag-dalmondo","tag-difendere","tag-droni","tag-fiume","tag-fiume-oskil","tag-forze","tag-forze-ucraine","tag-fronte","tag-immagini","tag-kupiansk","tag-lasciati","tag-luce","tag-mangiato","tag-marito","tag-militari","tag-moglie","tag-moglie-soldato","tag-mondo","tag-ne","tag-ne-cibo","tag-news","tag-notizie","tag-oskil","tag-silchuk","tag-social","tag-soldati","tag-ucraini","tag-ultime-notizie","tag-ultime-notizie-di-mondo","tag-ultimenotizie","tag-ultimenotiziedimondo","tag-uomini","tag-world","tag-world-news","tag-worldnews"],"share_on_mastodon":{"url":"","error":""},"_links":{"self":[{"href":"https:\/\/www.europesays.com\/it\/wp-json\/wp\/v2\/posts\/458929","targetHints":{"allow":["GET"]}}],"collection":[{"href":"https:\/\/www.europesays.com\/it\/wp-json\/wp\/v2\/posts"}],"about":[{"href":"https:\/\/www.europesays.com\/it\/wp-json\/wp\/v2\/types\/post"}],"author":[{"embeddable":true,"href":"https:\/\/www.europesays.com\/it\/wp-json\/wp\/v2\/users\/3"}],"replies":[{"embeddable":true,"href":"https:\/\/www.europesays.com\/it\/wp-json\/wp\/v2\/comments?post=458929"}],"version-history":[{"count":0,"href":"https:\/\/www.europesays.com\/it\/wp-json\/wp\/v2\/posts\/458929\/revisions"}],"wp:featuredmedia":[{"embeddable":true,"href":"https:\/\/www.europesays.com\/it\/wp-json\/wp\/v2\/media\/458930"}],"wp:attachment":[{"href":"https:\/\/www.europesays.com\/it\/wp-json\/wp\/v2\/media?parent=458929"}],"wp:term":[{"taxonomy":"category","embeddable":true,"href":"https:\/\/www.europesays.com\/it\/wp-json\/wp\/v2\/categories?post=458929"},{"taxonomy":"post_tag","embeddable":true,"href":"https:\/\/www.europesays.com\/it\/wp-json\/wp\/v2\/tags?post=458929"}],"curies":[{"name":"wp","href":"https:\/\/api.w.org\/{rel}","templated":true}]}}