{"id":458956,"date":"2026-04-24T15:44:16","date_gmt":"2026-04-24T15:44:16","guid":{"rendered":"https:\/\/www.europesays.com\/it\/458956\/"},"modified":"2026-04-24T15:44:16","modified_gmt":"2026-04-24T15:44:16","slug":"il-caso-francesca-manzini-e-gli-altri-perche-ai-comici-andrebbero-vietati-i-reality","status":"publish","type":"post","link":"https:\/\/www.europesays.com\/it\/458956\/","title":{"rendered":"Il &#8216;caso&#8217; Francesca Manzini e gli altri. Perch\u00e9 ai comici andrebbero vietati i reality"},"content":{"rendered":"<p>&#13;<br \/>\n      &#13;<br \/>\n&#13;<br \/>\n       &#13;<br \/>\n      &#13;<br \/>\n      &#13;<br \/>\n        &#13;<br \/>\n        &#13;<br \/>\n&#13;<br \/>\n&#13;<br \/>\n&#13;<br \/>\nCondividi  &#13;<br \/>\n    &#13;<br \/>\n  &#13;<br \/>\n        &#13;<br \/>\n              &#13;<br \/>\n      &#13;<br \/>\n      &#13;<br \/>\n&#13;<br \/>\n      &#13;<br \/>\n      &#13;<br \/>\n       &#13;<br \/>\n       &#13;<\/p>\n<p>Se incrociate un vip per la strada e non reagisce come vi aspettavate, al massimo tornate a casa con la convinzione che sia burbero, lunatico e maleducato. Se invece l\u2019incontro \u00e8 con un comico e dall\u2019altra parte non ci sono sorrisi e battute, il commento \u00e8 uno e soltanto uno: \u2018Ammazza quanto \u00e8 triste. Che delusione\u2019.<\/p>\n<p>Non esistono \u2018giornate no\u2019, non esiste la possibilit\u00e0 di avere mille pensieri e tormenti che ti balenano per la testa. Il personaggio famoso, dal vivo, deve essere identico a quello che ammiri in tv. E se per mestiere fai ridere la gente? Peggio ancora. Come un Tot\u00f2 che doveva essere Tot\u00f2 pure fuori dal set, si pretende che lo show prosegua ininterrottamente in una sorta di flusso senza sosta.<\/p>\n<p>Vietare i reality ai comici<\/p>\n<p>Motivo per cui in televisione andrebbe vietata per legge la partecipazione dei comici ai reality. Questi, per definizione, devono portare leggerezza e se entri in una casa, dove sei osservato ventiquattr\u2019ore su ventiquattro per uno, tre, cinque mesi, non puoi fallire l\u2019obiettivo.<\/p>\n<p>Insomma, il comico deve essere una maschera. Perennemente. Guai a togliersela, guai a mostrare il vero volto, guai ad essere semplicemente se stessi.<\/p>\n<p>Ecco allora che il reality diventa il contesto meno opportuno. Che sia una reclusione forzata dentro la casa del \u201cGf Vip\u201d o un\u2019avventura senza comfort sull\u2019\u201dIsola\u201d, il comico non pu\u00f2 presentarsi mai in \u2018borghese\u2019.<\/p>\n<p>In tanti negli ultimi anni sono caduti nella trappola: Maurizio Battista, Valentina Persia, Omar Fantini, Simone Barbato, Roberto Ciufoli, Gegia. Fino ad arrivare ai recenti casi di Dario Cassini (che apparve anche all\u2019&#8221;Isola&#8221; nel 2024) e Francesca Manzini.<\/p>\n<p>Soprattutto quest\u2019ultima da qualche tempo \u00e8 al centro di ampie discussioni per via di sfoghi immortalati inevitabilmente dalle telecamere. In un faccia a faccia con Raimondo Todaro, la Manzini si \u00e8 rivolta al ballerino in lacrime: \u201cSecondo te sono brutta? Sono un cesso?\u201d. Una fragilit\u00e0 psicologica che tuttavia cozza con l\u2019immagine proposta all\u2019esterno e che, si suppone, dovr\u00e0 presto tornare a pubblicizzare.<\/p>\n<p>Ci sono poi le liti, i dissapori, parole sbagliate che ti escono male e di cui sei costretto a chiedere scusa, oltre a tutto quello che un reality \u2013 che ti ordina di metterti a nudo \u2013 si porta dietro.<\/p>\n<p>Ma un comico che litiga disturba pi\u00f9 di un affondo generato da un\u2019influencer o un\u2019ex velina. Un comico polemico e pignolo irrita pi\u00f9 di un conduttore antipatico. Perch\u00e9 il comico \u00e8 il suo personaggio, sempre e comunque.<\/p>\n<p>L&#8217;eccezione di Nino Formicola<\/p>\n<p>Non tutte le vicende sono uguali, sia chiaro. Qualcuno il reality l\u2019ha persino vinto. E\u2019 il caso di Nino Formicola, che trionf\u00f2 all\u2019&#8221;Isola&#8221; del 2018 non per chiss\u00e0 quali sketch messi in campo, bens\u00ec per una costante narrazione che fece leva sul dramma della morte della storica spalla (Andrea Brambilla) e sulla difficolt\u00e0 di reinventarsi nel mondo dello spettacolo. Vicende di cui, tra l\u2019altro, gli spettatori erano gi\u00e0 al corrente.<\/p>\n<p>A quel punto per\u00f2 sei altro, non pi\u00f9 il comico puro. Far ridere per mestiere \u00e8 dura. Perch\u00e9 il pubblico non ti concede intervalli. E ti chieder\u00e0 sempre di essere quella che imita la Blasi, la Ferilli e la Venier.<\/p>\n<p>       &#13;<br \/>\n        &#13;<br \/>\n&#13;<br \/>\n&#13;<br \/>\n  &#13;<br \/>\n  &#13;<br \/>\n&#13;<br \/>\n  &lt;!?php if ( SF_DOMAIN == &#8216;citynews-bruxellestoday&#8217; || SF_DOMAIN == &#8216;citynews-cagliaritoday&#8217; || SF_DOMAIN == &#8216;citynews-sassaritoday&#8217; || SF_DOMAIN == &#8216;citynews-tarantotoday&#8217; || SF_DOMAIN == &#8216;citynews-viterbotoday&#8217; || SF_DOMAIN == &#8216;citynews-ferraratoday&#8217; ): ?&gt;&#13;<br \/>\n    &#13;<br \/>\n  &lt;!?php endif; ?&gt;&#13;<br \/>\n  &#13;<br \/>\n&#13;<br \/>\n&#13;<br \/>\n               &#13;<br \/>\n      &#13;<br \/>\n\t\t\t\t&#13;<br \/>\n&#13;<br \/>\n      &#13;<br \/>\n   &#13;<br \/>\n&#13;<br \/>\n      &#13;<br \/>\n                  &#13;<br \/>\n      &#13;<br \/>\n&#13;<\/p>\n","protected":false},"excerpt":{"rendered":"&#13; &#13; &#13; &#13; &#13; &#13; &#13; &#13; &#13; &#13; &#13; Condividi &#13; &#13; &#13; &#13; &#13; &#13;&hellip;\n","protected":false},"author":3,"featured_media":458957,"comment_status":"","ping_status":"","sticky":false,"template":"","format":"standard","meta":{"footnotes":"","_share_on_mastodon":"0"},"categories":[174],"tags":[689,5477,203,176546,19131,204,14322,1537,90,89,688,19432],"class_list":["post-458956","post","type-post","status-publish","format-standard","has-post-thumbnail","category-intrattenimento","tag-blog","tag-comici","tag-entertainment","tag-francesca-manzini","tag-grande-fratello-vip","tag-intrattenimento","tag-isola-dei-famosi","tag-it","tag-italia","tag-italy","tag-opinioni","tag-reality"],"share_on_mastodon":{"url":"https:\/\/pubeurope.com\/@it\/116460458522088195","error":""},"_links":{"self":[{"href":"https:\/\/www.europesays.com\/it\/wp-json\/wp\/v2\/posts\/458956","targetHints":{"allow":["GET"]}}],"collection":[{"href":"https:\/\/www.europesays.com\/it\/wp-json\/wp\/v2\/posts"}],"about":[{"href":"https:\/\/www.europesays.com\/it\/wp-json\/wp\/v2\/types\/post"}],"author":[{"embeddable":true,"href":"https:\/\/www.europesays.com\/it\/wp-json\/wp\/v2\/users\/3"}],"replies":[{"embeddable":true,"href":"https:\/\/www.europesays.com\/it\/wp-json\/wp\/v2\/comments?post=458956"}],"version-history":[{"count":0,"href":"https:\/\/www.europesays.com\/it\/wp-json\/wp\/v2\/posts\/458956\/revisions"}],"wp:featuredmedia":[{"embeddable":true,"href":"https:\/\/www.europesays.com\/it\/wp-json\/wp\/v2\/media\/458957"}],"wp:attachment":[{"href":"https:\/\/www.europesays.com\/it\/wp-json\/wp\/v2\/media?parent=458956"}],"wp:term":[{"taxonomy":"category","embeddable":true,"href":"https:\/\/www.europesays.com\/it\/wp-json\/wp\/v2\/categories?post=458956"},{"taxonomy":"post_tag","embeddable":true,"href":"https:\/\/www.europesays.com\/it\/wp-json\/wp\/v2\/tags?post=458956"}],"curies":[{"name":"wp","href":"https:\/\/api.w.org\/{rel}","templated":true}]}}