{"id":459106,"date":"2026-04-24T17:52:34","date_gmt":"2026-04-24T17:52:34","guid":{"rendered":"https:\/\/www.europesays.com\/it\/459106\/"},"modified":"2026-04-24T17:52:34","modified_gmt":"2026-04-24T17:52:34","slug":"fotografia-e-bellezza-con-sharon-nella-citta-fantasma","status":"publish","type":"post","link":"https:\/\/www.europesays.com\/it\/459106\/","title":{"rendered":"Fotografia e bellezza con Sharon nella citt\u00e0 fantasma"},"content":{"rendered":"<p>Moda, bellezza e arte della fotografia protagoniste nella citt\u00e0 fantasma di Consonno con <a href=\"https:\/\/www.leccotoday.it\/attualita\/sharon-cimino-moda-tv.html\" rel=\"nofollow noopener\" target=\"_blank\">Sharon Cimino<\/a>. La modella di Abbadia Lariana, conosciuta anche per il suo lavoro di ambulante e per la partecipazione a film e trasmissioni tv, \u00e8 stata protagonista di un set fotografico allestito in uno scenario davvero insolito e particolare &#8211; ma senza dubbio originale e accattivante &#8211; per gli scatti del fotografo monzese Francesco Nicotra.\u00a0<\/p>\n<p>Si tratta appunto della ex Las Vegas della Brianza sulle colline di Olginate, tra il minareto e scorci cadenti che hanno reso Consonno unica nel suo genere e ben nota anche oltre i confini locali.<\/p>\n<p><img decoding=\"async\" src=\"https:\/\/www.europesays.com\/it\/wp-content\/uploads\/2026\/04\/sharon-cimino-a-consonno.jpg\" alt=\"Sharon Cimino a Consonno.\" title=\"Sharon Cimino a Consonno.\"\/><\/p>\n<p>\u201cPer me si \u00e8 trattato di un palco nuovo, fuori dai canoni abituali dove ci troviamo a sfilare solitamente sotto le luci di potenti fari camminando su dei red carpet, o comunque in scenari creati ad hoc &#8211; commenta Sharon &#8211; Comunque anche a Consonno \u00e8 stato bello. Mi \u00e8 piaciuto e mi sono trovata bene, con immagini curate in ogni dettaglio&#8221;.<\/p>\n<p><img decoding=\"async\" src=\"https:\/\/www.europesays.com\/it\/wp-content\/uploads\/2026\/04\/sharon-cimino-a-consonno-2.jpg\" alt=\"Sharon Cimino a Consonno. (2)\" title=\"Sharon Cimino a Consonno. (2)\"\/><\/p>\n<p>Affermazioni, queste, che giungerebbero gradite al Conte Mario Bagno: fu proprio lui, piemontese, nel lontano 1962, a scegliere questo angolo di Olginate per edificare una citt\u00e0 dalle mille e una notte. Il giornale \u201cLa Stampa\u201d arriv\u00f2 a definirla la \u201cDisneyland lombarda\u201d.\u00a0<\/p>\n<p>Un sogno non di lunga durata, ma comunque diventato celebre in quella che da diversi anni \u00e8 tornata alla notoriet\u00e0 come citt\u00e0 fantasma. Grazie all&#8217;obiettivo e alla sensibilit\u00e0 fotografica dell&#8217;esecutore, unita alla bellezza di Sharon nel muoversi e posare tra i resti di un passato suggestivo, oggi Consonno rivive in questi scatti che stanno gi\u00e0 catturando l&#8217;attenzione del pubblico.<\/p>\n<p>(Si ringrazia Alberto Bottani per la collaborazione)<\/p>\n<p><img decoding=\"async\" src=\"https:\/\/www.europesays.com\/it\/wp-content\/uploads\/2026\/04\/sharon-cimino-a-consonno-3.jpg\" alt=\"Sharon Cimino a Consonno. (3)\" title=\"Sharon Cimino a Consonno. (3)\"\/><\/p>\n<p>  &#13;<br \/>\n&#13;<br \/>\n  &lt;!?php if ( SF_DOMAIN == &#8216;citynews-bruxellestoday&#8217; || SF_DOMAIN == &#8216;citynews-cagliaritoday&#8217; || SF_DOMAIN == &#8216;citynews-sassaritoday&#8217; || SF_DOMAIN == &#8216;citynews-tarantotoday&#8217; || SF_DOMAIN == &#8216;citynews-viterbotoday&#8217; || SF_DOMAIN == &#8216;citynews-ferraratoday&#8217; ): ?&gt;&#13;<br \/>\n    &#13;<br \/>\n  &lt;!?php endif; ?&gt;&#13;<br \/>\n  &#13;<br \/>\n&#13;<br \/>\n        &#13;<br \/>\n        &#13;<\/p>\n","protected":false},"excerpt":{"rendered":"Moda, bellezza e arte della fotografia protagoniste nella citt\u00e0 fantasma di Consonno con Sharon Cimino. La modella di&hellip;\n","protected":false},"author":3,"featured_media":459107,"comment_status":"","ping_status":"","sticky":false,"template":"","format":"standard","meta":{"footnotes":"","_share_on_mastodon":"0"},"categories":[1446],"tags":[1615,1613,1614,1611,1610,256820,256819,1612,203,4663,204,1537,90,89,256821,2933],"class_list":["post-459106","post","type-post","status-publish","format-standard","has-post-thumbnail","category-arte-e-design","tag-arte","tag-arte-e-design","tag-arteedesign","tag-arts","tag-arts-and-design","tag-citta-fantasma","tag-consonno","tag-design","tag-entertainment","tag-fotografia","tag-intrattenimento","tag-it","tag-italia","tag-italy","tag-set-fotografici","tag-sharon"],"share_on_mastodon":{"url":"https:\/\/pubeurope.com\/@it\/116460961665041299","error":""},"_links":{"self":[{"href":"https:\/\/www.europesays.com\/it\/wp-json\/wp\/v2\/posts\/459106","targetHints":{"allow":["GET"]}}],"collection":[{"href":"https:\/\/www.europesays.com\/it\/wp-json\/wp\/v2\/posts"}],"about":[{"href":"https:\/\/www.europesays.com\/it\/wp-json\/wp\/v2\/types\/post"}],"author":[{"embeddable":true,"href":"https:\/\/www.europesays.com\/it\/wp-json\/wp\/v2\/users\/3"}],"replies":[{"embeddable":true,"href":"https:\/\/www.europesays.com\/it\/wp-json\/wp\/v2\/comments?post=459106"}],"version-history":[{"count":0,"href":"https:\/\/www.europesays.com\/it\/wp-json\/wp\/v2\/posts\/459106\/revisions"}],"wp:featuredmedia":[{"embeddable":true,"href":"https:\/\/www.europesays.com\/it\/wp-json\/wp\/v2\/media\/459107"}],"wp:attachment":[{"href":"https:\/\/www.europesays.com\/it\/wp-json\/wp\/v2\/media?parent=459106"}],"wp:term":[{"taxonomy":"category","embeddable":true,"href":"https:\/\/www.europesays.com\/it\/wp-json\/wp\/v2\/categories?post=459106"},{"taxonomy":"post_tag","embeddable":true,"href":"https:\/\/www.europesays.com\/it\/wp-json\/wp\/v2\/tags?post=459106"}],"curies":[{"name":"wp","href":"https:\/\/api.w.org\/{rel}","templated":true}]}}