{"id":459366,"date":"2026-04-24T21:33:16","date_gmt":"2026-04-24T21:33:16","guid":{"rendered":"https:\/\/www.europesays.com\/it\/459366\/"},"modified":"2026-04-24T21:33:16","modified_gmt":"2026-04-24T21:33:16","slug":"jerez-prove-alex-marquez-vola-e-precede-diggia-e-bezzecchi-acosta-in-q1","status":"publish","type":"post","link":"https:\/\/www.europesays.com\/it\/459366\/","title":{"rendered":"Jerez, Prove: Alex Marquez vola e precede Diggia e Bezzecchi, Acosta in Q1"},"content":{"rendered":"<p>Jerez avr\u00e0 sempre un sapore speciale per <a href=\"https:\/\/it.motorsport.com\/driver\/alex-marquez\/163635\/\" target=\"_blank\" rel=\"noopener nofollow\">Alex Marquez<\/a>, essendo la pista che gli ha regalato la prima vittoria in carriera in MotoGP, e lo ha ribadito forte e chiaro oggi. Il pilota del <a href=\"https:\/\/it.motorsport.com\/team\/gresini-moto2\/2362\/\" target=\"_blank\" rel=\"noopener nofollow\">Gresini Racing<\/a> ha infatti sbaragliato la concorrenza nelle Pre-Qualifiche del Gran Premio di Spagna: pur senza arrivare a far segnare il nuovo record del tracciato andaluso con il suo 1&#8217;35&#8243;704, ha fatto decisamente il vuoto alle sue spalle.<\/p>\n<p>Basta guardare quanto \u00e8 distante il pi\u00f9 vicino degli inseguitori, che \u00e8 stato <a href=\"https:\/\/it.motorsport.com\/driver\/fabio-di-giannantonio\/177448\/\" target=\"_blank\" rel=\"noopener nofollow\">Fabio Di Giannantonio<\/a> con l&#8217;altra Ducati della Pertamina Enduro VR46. Dopo essere stato il pi\u00f9 veloce in mattinata, il pilota romano non ha potuto niente di fronte alla zampata dello spagnolo, sul quale alla fine ha pagato un ritardo di 333 millesimi.<\/p>\n<p>In terza posizione c&#8217;\u00e8 il leader del Mondiale <a href=\"https:\/\/it.motorsport.com\/driver\/marco-bezzecchi\/177443\/\" target=\"_blank\" rel=\"noopener nofollow\">Marco Bezzecchi<\/a>. Su questa pista lui a la sua Aprilia sono parsi leggermente meno brillanti rispetto alle uscite precedenti, o almeno non cos\u00ec dominanti, ma alla fine sono riusciti a risalire la china, chiudendo comunque a mezzo secondo da un Alex Marquez che ha fatto decisamente una gran differenza.<\/p>\n<p>In generale comunque le RS-GP sono riuscite a chiudere piuttosto bene la giornata, staccando tutte il pass per la Q2. Quelle griffate Trackhouse, per l&#8217;occasione in livrea nera e gialla, hanno chiuso al quinto ed al settimo posto, rispettivamente con <a href=\"https:\/\/it.motorsport.com\/driver\/ai-ogura\/471464\/\" target=\"_blank\" rel=\"noopener nofollow\">Ai Ogura<\/a> e <a href=\"https:\/\/it.motorsport.com\/driver\/raul-fernandez\/443087\/\" target=\"_blank\" rel=\"noopener nofollow\">Raul Fernandez<\/a>. Ma nella top 10, nonostante una caduta senza conseguenze alla curva 13, c&#8217;\u00e8 anche <a href=\"https:\/\/it.motorsport.com\/driver\/jorge-martin\/164619\/\" target=\"_blank\" rel=\"noopener nofollow\">Jorge Martin<\/a>. Questa non \u00e8 mai stata una pista particolarmente amata da &#8220;Martinator&#8221;, che non \u00e8 mai salito sul podio qui, ma comunque si \u00e8 infilato in nona posizione in 1&#8217;36&#8243;301.<\/p>\n<p>E nelle prime nove posizioni ci sono solamente moto italiane, perch\u00e9 ad alternarsi alle Aprilia sono le altre Ducati, con <a href=\"https:\/\/it.motorsport.com\/driver\/marc-marquez\/159980\/\" target=\"_blank\" rel=\"noopener nofollow\">Marc Marquez<\/a> che nel finale \u00e8 riuscito a risalire al quarto posto in 1&#8217;36&#8243;227 dopo aver tribolato pi\u00f9 del previsto per\u00f2, come certifica il suo gap di 523 millesimi dal fratello.\u00a0<\/p>\n<p>Stesso discorso che vale anche per Pecco Bagnaia, autore anche di una scivolata alla curva 1 al primo giro del turno, che lo ha lasciato con una sola moto per tutto il resto della sessione. Per come si stavano mettendo le cose, viste anche le sue difficolt\u00e0 a fermare la moto in staccata, il sesto tempo a poco pi\u00f9 di mezzo secondo pu\u00f2 essere visto anche come una boccata d&#8217;ossigeno per il piemontese.<\/p>\n<p>In ottava posizione poi troviamo <a href=\"https:\/\/it.motorsport.com\/driver\/fermin-aldeguer\/945238\/\" target=\"_blank\" rel=\"noopener nofollow\">Fermin Aldeguer<\/a>. Pur non essendo ancora al 100% recuperato dall&#8217;infortunio al femore dell&#8217;inverno, alla fine il pilota del Gresini Racing riesce sempre a metterci una pezza, a differenza di <a href=\"https:\/\/it.motorsport.com\/driver\/franco-morbidelli\/314760\/\" target=\"_blank\" rel=\"noopener nofollow\">Franco Morbidelli<\/a>, che \u00e8 l&#8217;unico ducatista che domani dovr\u00e0 passare dalla Q1 dopo aver chiuso solo 14\u00b0.<\/p>\n<p>Un bravo invece se lo merita <a href=\"https:\/\/it.motorsport.com\/driver\/enea-bastianini-2-1445006891\/164612\/\" target=\"_blank\" rel=\"noopener nofollow\">Enea Bastianini<\/a>, che \u00e8 l&#8217;unico &#8220;intruso&#8221; tra le moto italiane con la sua KTM. Il pilota riminese ha ottenuto proprio in extremis il decimo tempo in 1&#8217;36&#8243;359, beffando per una manciata di millesimi un terzetto di Honda: <a href=\"https:\/\/it.motorsport.com\/driver\/joan-mir\/289394\/\" target=\"_blank\" rel=\"noopener nofollow\">Joan Mir<\/a>, <a href=\"https:\/\/it.motorsport.com\/driver\/johann-zarco\/163420\/\" target=\"_blank\" rel=\"noopener nofollow\">Johann Zarco<\/a> e <a href=\"https:\/\/it.motorsport.com\/driver\/luca-marini\/314649\/\" target=\"_blank\" rel=\"noopener nofollow\">Luca Marini<\/a> si ritrovano infatti a dover affrontare la Q1 dopo essere stati saldamente nella top 10 praticamente per quasi tutto il turno.<\/p>\n<p>La sorpresa in negativo della giornata \u00e8 <a href=\"https:\/\/it.motorsport.com\/driver\/pedro-acosta\/458181\/\" target=\"_blank\" rel=\"noopener nofollow\">Pedro Acosta<\/a>. Complice anche un grande brivido alla curva 6 nel suo giro migliore, quando \u00e8 rimasto in piedi davvero per miracolo, il pilota della KTM non \u00e8 riuscito a fare meglio del 15\u00b0 tempo e domani quindi anche lui si ritrover\u00e0 a dover fare una grande Q1 per evitare di scattare dalle retrovie e complicare troppo i suoi sogni iridati.\u00a0<\/p>\n<p>Ancora una volta sono molto attardate le Yamaha, che occupano cinque delle ultime sette posizioni, visto che questa volta in pista c&#8217;\u00e8 anche il collaudatore <a href=\"https:\/\/it.motorsport.com\/driver\/augusto-fernandez\/256415\/\" target=\"_blank\" rel=\"noopener nofollow\">Augusto Fernandez<\/a>, che \u00e8 ultimo e ha perso la sfida tra tester con l&#8217;uomo Aprilia <a href=\"https:\/\/it.motorsport.com\/driver\/lorenzo-savadori\/175840\/\" target=\"_blank\" rel=\"noopener nofollow\">Lorenzo Savadori<\/a>. La migliore delle M1 V4 \u00e8 stata quella di\u00a0<a href=\"https:\/\/it.motorsport.com\/driver\/fabio-quartararo\/164609\/\" target=\"_blank\" rel=\"noopener nofollow\">Fabio Quartararo<\/a>, che per\u00f2 non \u00e8 andato oltre al 17\u00b0 tempo con oltre un secondo di ritardo. La buona notizia, se si vuole vedere il bicchiere mezzo pieno, \u00e8 che <a href=\"https:\/\/it.motorsport.com\/driver\/toprak-razgatlioglu\/177801\/\" target=\"_blank\" rel=\"noopener nofollow\">Toprak Razgatlioglu<\/a> \u00e8 solo a poco pi\u00f9 di un decimo dal francese.<\/p>\n<p>La classifica delle Pre-Qualifiche<br \/>\nTutte le statistiche<\/p>\n<p>            Vogliamo la vostra opinione!<\/p>\n<p class=\"mt-auto\">Cosa vorresti vedere su Motorsport.com?<\/p>\n<p>            <a href=\"#\" class=\"ms-link text-link font-bold\">Partecipate al nostro sondaggio di 5 minuti.<\/a><\/p>\n<p class=\"mt-1 text-body\">&#8211; Il team di Motorsport.com<\/p>\n","protected":false},"excerpt":{"rendered":"Jerez avr\u00e0 sempre un sapore speciale per Alex Marquez, essendo la pista che gli ha regalato la prima&hellip;\n","protected":false},"author":3,"featured_media":459367,"comment_status":"","ping_status":"","sticky":false,"template":"","format":"standard","meta":{"footnotes":"","_share_on_mastodon":"0"},"categories":[176],"tags":[256900,3677,254437,16833,12234,1537,90,89,3005,1785,256257,1836,256899,6059,245,244,12828],"class_list":["post-459366","post","type-post","status-publish","format-standard","has-post-thumbnail","category-sport","tag-acosta-in-q1","tag-alex-marquez","tag-circuito-de-jerez","tag-fabio-di-giannantonio","tag-gresini-racing","tag-it","tag-italia","tag-italy","tag-marco-bezzecchi","tag-motogp","tag-motogp-jerez","tag-pedro-acosta","tag-prove-alex-marquez-vola-e-precede-diggia-e-bezzecchi","tag-spagna","tag-sport","tag-sports","tag-team-vr46"],"share_on_mastodon":{"url":"https:\/\/pubeurope.com\/@it\/116461830612390906","error":""},"_links":{"self":[{"href":"https:\/\/www.europesays.com\/it\/wp-json\/wp\/v2\/posts\/459366","targetHints":{"allow":["GET"]}}],"collection":[{"href":"https:\/\/www.europesays.com\/it\/wp-json\/wp\/v2\/posts"}],"about":[{"href":"https:\/\/www.europesays.com\/it\/wp-json\/wp\/v2\/types\/post"}],"author":[{"embeddable":true,"href":"https:\/\/www.europesays.com\/it\/wp-json\/wp\/v2\/users\/3"}],"replies":[{"embeddable":true,"href":"https:\/\/www.europesays.com\/it\/wp-json\/wp\/v2\/comments?post=459366"}],"version-history":[{"count":0,"href":"https:\/\/www.europesays.com\/it\/wp-json\/wp\/v2\/posts\/459366\/revisions"}],"wp:featuredmedia":[{"embeddable":true,"href":"https:\/\/www.europesays.com\/it\/wp-json\/wp\/v2\/media\/459367"}],"wp:attachment":[{"href":"https:\/\/www.europesays.com\/it\/wp-json\/wp\/v2\/media?parent=459366"}],"wp:term":[{"taxonomy":"category","embeddable":true,"href":"https:\/\/www.europesays.com\/it\/wp-json\/wp\/v2\/categories?post=459366"},{"taxonomy":"post_tag","embeddable":true,"href":"https:\/\/www.europesays.com\/it\/wp-json\/wp\/v2\/tags?post=459366"}],"curies":[{"name":"wp","href":"https:\/\/api.w.org\/{rel}","templated":true}]}}