{"id":459443,"date":"2026-04-24T22:33:14","date_gmt":"2026-04-24T22:33:14","guid":{"rendered":"https:\/\/www.europesays.com\/it\/459443\/"},"modified":"2026-04-24T22:33:14","modified_gmt":"2026-04-24T22:33:14","slug":"padova-bimbo-di-9-mesi-salvato-al-telefono-da-un-operatore-del-118-non-respirava-piu-aveva-ingerito-un-giocattolo-abbiamo-aiutato-la-mamma-a-fare-le-manovre","status":"publish","type":"post","link":"https:\/\/www.europesays.com\/it\/459443\/","title":{"rendered":"Padova, bimbo di 9 mesi salvato al telefono da un operatore del 118: \u00abNon respirava pi\u00f9, aveva ingerito un giocattolo, abbiamo aiutato la mamma a fare le manovre\u00bb"},"content":{"rendered":"<p>    di<br \/>\n    Redazione Online<\/p>\n<p class=\"summary-art is-line-h-12\">L&#8217;infermiere della centrale operativa ha mantenuto la calma guidando i genitori nelle operazioni. Il presidente della Regione Stefani: \u00abUna notizia che scalda il cuore e che conferma la qualit\u00e0 della nostra sanit\u00e0 di emergenza\u00bb<\/p>\n<p class=\"chapter-paragraph\">Lo hanno salvato al telefono,<b> guidando a voce una mamma<\/b> alle prese con il principio di<a href=\"https:\/\/corrieredelveneto.corriere.it\/notizie\/treviso\/cronaca\/24_marzo_25\/bambino-rischia-di-soffocare-con-una-caramella-a-salvarlo-un-diciottenne-di-passaggio-ma-non-chiamatemi-eroe-91a62cd2-2a16-4ccb-9180-d7d87f361xlk.shtml\" rel=\"nofollow noopener\" target=\"_blank\"> soffocamento<\/a> del figlio neonato.\u00a0\u00c8 accaduto<b> a Padova<\/b>, con i tecnici della centrale operativa del Suem 118.\u2028   L&#8217;\u00abangelo\u00bb della situazione \u00e8 Gianluca Trevisan, un infermiere della Centrale Operativa dell&#8217;Azienda Ospedale Universit\u00e0 Padova, diretta da Andrea Paoli: il paramedico ha guidato al telefono la mamma nelle manovre di disostruzione pediatriche, in attesa dell&#8217;arrivo dell&#8217;ambulanza.<\/p>\n<p>    Rischio soffocamento<\/p>\n<p class=\"chapter-paragraph\">Il piccolo aveva <b>ingerito accidentalmente un gioco in casa <\/b>e non riusciva pi\u00f9 a respirare. L&#8217;infermiere della centrale operativa del Suem ha mantenuto la calma e, con voce ferma e rassicurante, ha guidato passo dopo passo la mamma nell&#8217;esecuzione delle manovre di <b>disostruzione pediatrica.<\/b><br \/>Seguendo le istruzioni ricevute in tempo reale, <b>la madre \u00e8 riuscita a liberare le vie aeree <\/b>del piccolo prima ancora dell&#8217;arrivo dei soccorsi. Quando il mezzo del 118 \u00e8 giunto sul posto, il bambino <b>respirava gi\u00e0 autonomamente ed era fuori pericolo<\/b>.\u2028\u00a0    &#13;<br \/>\n&#13;<br \/>\n&#13;<br \/>\n&#13;<br \/>\n&#13;<br \/>\n&#13;<br \/>\n&#13;<br \/>\n&#13;<br \/>\n&#13;<br \/>\n&#13;<br \/>\n&#13;<br \/>\n&#13;<br \/>\n&#13;<br \/>\n&#13;<br \/>\n&#13;<br \/>\n&#13;<br \/>\n&#13;<br \/>\n&#13;<br \/>\n&#13;<br \/>\n&#13;<br \/>\n&#13;<br \/>\n&#13;<br \/>\n&#13;<br \/>\n&#13;<br \/>\n&#13;<br \/>\n&#13;<br \/>\n&#13;<br \/>\n&#13;<br \/>\n&#13;<br \/>\n&#13;<br \/>\n&#13;<br \/>\n&#13;<br \/>\n&#13;<br \/>\n&#13;<br \/>\n&#13;<br \/>\n&#13;<br \/>\n&#13;<br \/>\n&#13;<br \/>\n&#13;<br \/>\n&#13;<br \/>\n&#13;<br \/>\n&#13;<br \/>\n&#13;<br \/>\n&#13;<br \/>\n&#13;<br \/>\n&#13;<br \/>\n&#13;<br \/>\n&#13;<br \/>\n&#13;<br \/>\n&#13;<br \/>\n&#13;<br \/>\n&#13;<br \/>\n&#13;\n<\/p>\n<p>    Le parole del presidente della Regione<\/p>\n<p class=\"chapter-paragraph\">\u00abUna notizia che scalda il cuore e che conferma la qualit\u00e0 della nostra sanit\u00e0 di emergenza &#8211; ha commentato il <b>presidente della Regione Veneto Alberto Stefani <\/b>-. Il Veneto \u00e8 orgoglioso di entrambi, madre e infermiere. Episodi come questo confermano <b>il valore del nostro sistema di emergenza-urgenza<\/b> e, soprattutto, delle persone che lo rendono straordinario ogni giorno. Il mio ringraziamento va all&#8217;infermiere Trevisan, al dottor Paoli e a tutta l&#8217;\u00e9quipe del Suem 118 di Padova. Al piccolo e alla sua famiglia rivolgo il mio pi\u00f9 affettuoso abbraccio. Oggi vince la vita e questo \u00e8 il Veneto di cui siamo fieri\u00bb.<\/p>\n<p class=\"is-mr-t-20 is-mr-b-20\"><b><br \/>\n                                    <a href=\"https:\/\/corrieredelveneto.corriere.it\/padova\/?intcmp=Notizielocali_nd_010623_corriere_ss_padova\" target=\"_blank\" rel=\"nofollow noopener\">Vai a tutte le notizie di Padova<\/a><br \/>\n                        <\/b><\/p>\n<p class=\"chapter-paragraph\"><b><a href=\"https:\/\/www.corriere.it\/newsletter\/?theme=39&amp;intcmp=NL-artic_nd_060624_corriere_ss_veneto\" target=\"_blank\" rel=\"nofollow noopener\">Iscriviti alla newsletter del Corriere del Veneto<\/a><\/b><\/p>\n<p class=\"is-last-update\" datetime=\"2026-04-24T21:56:21+02:00\">24 aprile 2026 ( modifica il 24 aprile 2026 | 21:56)<\/p>\n<p class=\"is-copyright\">\n            \u00a9 RIPRODUZIONE RISERVATA\n        <\/p>\n","protected":false},"excerpt":{"rendered":"di Redazione Online L&#8217;infermiere della centrale operativa ha mantenuto la calma guidando i genitori nelle operazioni. Il presidente&hellip;\n","protected":false},"author":3,"featured_media":459444,"comment_status":"","ping_status":"","sticky":false,"template":"","format":"standard","meta":{"footnotes":"","_share_on_mastodon":"0"},"categories":[79],"tags":[1262,1362,925,164928,256944,14,93,94,450,14823,256942,256943,1537,90,89,4002,15603,7,15,51543,9839,7386,135,22494,111,161523,5485,11,84,91,12,85,92,108],"class_list":["post-459443","post","type-post","status-publish","format-standard","has-post-thumbnail","category-italia","tag-arrivo","tag-calma","tag-centrale","tag-centrale-operativa","tag-centrale-operativa-suem","tag-cronaca","tag-cronaca-italiana","tag-cronacaitaliana","tag-emergenza","tag-infermiere","tag-infermiere-centrale","tag-infermiere-centrale-operativa","tag-it","tag-italia","tag-italy","tag-mamma","tag-manovre","tag-news","tag-notizie","tag-operativa","tag-padova","tag-piccolo","tag-presidente","tag-presidente-regione","tag-regione","tag-suem","tag-telefono","tag-ultime-notizie","tag-ultime-notizie-e-news-di-oggi","tag-ultime-notizie-italia","tag-ultimenotizie","tag-ultimenotizieenewsdioggi","tag-ultimenotizieitalia","tag-veneto"],"share_on_mastodon":{"url":"","error":"Validation failed: Text character limit of 500 exceeded"},"_links":{"self":[{"href":"https:\/\/www.europesays.com\/it\/wp-json\/wp\/v2\/posts\/459443","targetHints":{"allow":["GET"]}}],"collection":[{"href":"https:\/\/www.europesays.com\/it\/wp-json\/wp\/v2\/posts"}],"about":[{"href":"https:\/\/www.europesays.com\/it\/wp-json\/wp\/v2\/types\/post"}],"author":[{"embeddable":true,"href":"https:\/\/www.europesays.com\/it\/wp-json\/wp\/v2\/users\/3"}],"replies":[{"embeddable":true,"href":"https:\/\/www.europesays.com\/it\/wp-json\/wp\/v2\/comments?post=459443"}],"version-history":[{"count":0,"href":"https:\/\/www.europesays.com\/it\/wp-json\/wp\/v2\/posts\/459443\/revisions"}],"wp:featuredmedia":[{"embeddable":true,"href":"https:\/\/www.europesays.com\/it\/wp-json\/wp\/v2\/media\/459444"}],"wp:attachment":[{"href":"https:\/\/www.europesays.com\/it\/wp-json\/wp\/v2\/media?parent=459443"}],"wp:term":[{"taxonomy":"category","embeddable":true,"href":"https:\/\/www.europesays.com\/it\/wp-json\/wp\/v2\/categories?post=459443"},{"taxonomy":"post_tag","embeddable":true,"href":"https:\/\/www.europesays.com\/it\/wp-json\/wp\/v2\/tags?post=459443"}],"curies":[{"name":"wp","href":"https:\/\/api.w.org\/{rel}","templated":true}]}}