{"id":459801,"date":"2026-04-25T04:48:22","date_gmt":"2026-04-25T04:48:22","guid":{"rendered":"https:\/\/www.europesays.com\/it\/459801\/"},"modified":"2026-04-25T04:48:22","modified_gmt":"2026-04-25T04:48:22","slug":"troppe-telefonate-indesiderate-richiesta-di-intervento-urgente-contro-il-telemarketing-aggressivo-la-guida","status":"publish","type":"post","link":"https:\/\/www.europesays.com\/it\/459801\/","title":{"rendered":"Troppe telefonate indesiderate, richiesta di intervento urgente contro il telemarketing aggressivo &#8211; La Guida"},"content":{"rendered":"<p>L\u2019associazione Insieme ha scritto all\u2019Agcom e ai Parlamentari del territorio (il senatore <strong>Giorgio Bergesio<\/strong>, gli onorevoli <strong>Chiara Gribaudo, Enrico Costa, Monica Ciaburro e Marcello Coppo<\/strong>) per chiedere un intervento per far fronte al fenomeno del telemarketing aggressivo che colpisce sempre di pi\u00f9 gli italiani.<\/p>\n<p>\u201cLe statistiche dice il presidente, Marcello Cavallo \u2013 evidenziano una media, sottostimata, di 1<strong>4 chiamate indesiderate al mese<\/strong> per ogni cittadino italiano (media nazionale) che portano il totale a <strong>quasi 10 miliardi di chiamate moleste all\u2019anno<\/strong>, di cui il 56% a scopo fraudolento (phishing, contratti non richiesti, truffe). L\u2019Italia \u00e8 tra i Paesi europei pi\u00f9 colpiti insieme a Francia e Spagna segno che altri hanno trovato modo di difendersi con modalit\u00e0 che si auspica possano essere replicate nel nostro Paese. Siamo consapevoli dell\u2019impegno profuso recentemente dai nostri parlamentari nel contrastare la diffusione di pratiche di telemarketing aggressivo e di vere e proprie molestie telefoniche da parte dei gestori di servizi e di call center. Malgrado ci\u00f2, il fenomeno \u00e8 ancora ben lontano dall\u2019essere stato risolto stante l\u2019abilit\u00e0 degli operatori del settore di bypassare anche le restrizioni pi\u00f9 rigide. L\u2019Associazione Insieme \u00e8 oltremodo consapevole che le Forze dell\u2019Ordine e le Istituzioni sono impegnate a contrastarlo, ma non pu\u00f2 esimersi dal dare voce a quella platea sempre pi\u00f9 vasta di \u201cinvisibili\u201d che non sono nella condizione di poter rappresentare direttamente il disagio quotidiano in cui vivono e si chiedono se, effettivamente, si stiano adottando tutti i rimedi possibili per stroncare una pratica sempre pi\u00f9 odiosa\u201d.<\/p>\n<p>Conclude Cavallo: \u201cNon vogliamo fare polemica: abbiamo chiesto ai rappresentanti in Parlamento e all\u2019AGCOM di valutare con urgenza un <strong>elenco di proposte puntuali<\/strong>, per cercare di fronteggiare maggiormente il fenomeno. Confidiamo che la nostra segnalazione venga presa in considerazione e possa essere utile nell\u2019espletamento delle loro funzioni\u201d.<\/p>\n","protected":false},"excerpt":{"rendered":"L\u2019associazione Insieme ha scritto all\u2019Agcom e ai Parlamentari del territorio (il senatore Giorgio Bergesio, gli onorevoli Chiara Gribaudo,&hellip;\n","protected":false},"author":3,"featured_media":459802,"comment_status":"","ping_status":"","sticky":false,"template":"","format":"standard","meta":{"footnotes":"","_share_on_mastodon":"0"},"categories":[173],"tags":[1537,90,89,257117,195,198,199,197,200,201,194,196,257118,26656],"class_list":["post-459801","post","type-post","status-publish","format-standard","has-post-thumbnail","category-scienza-e-tecnologia","tag-it","tag-italia","tag-italy","tag-marcello-cavallo","tag-science","tag-science-and-technology","tag-scienceandtechnology","tag-scienza","tag-scienza-e-tecnologia","tag-scienzaetecnologia","tag-technology","tag-tecnologia","tag-telefonate-indesiderate","tag-telemarketing"],"share_on_mastodon":{"url":"https:\/\/pubeurope.com\/@it\/116463541125288350","error":""},"_links":{"self":[{"href":"https:\/\/www.europesays.com\/it\/wp-json\/wp\/v2\/posts\/459801","targetHints":{"allow":["GET"]}}],"collection":[{"href":"https:\/\/www.europesays.com\/it\/wp-json\/wp\/v2\/posts"}],"about":[{"href":"https:\/\/www.europesays.com\/it\/wp-json\/wp\/v2\/types\/post"}],"author":[{"embeddable":true,"href":"https:\/\/www.europesays.com\/it\/wp-json\/wp\/v2\/users\/3"}],"replies":[{"embeddable":true,"href":"https:\/\/www.europesays.com\/it\/wp-json\/wp\/v2\/comments?post=459801"}],"version-history":[{"count":0,"href":"https:\/\/www.europesays.com\/it\/wp-json\/wp\/v2\/posts\/459801\/revisions"}],"wp:featuredmedia":[{"embeddable":true,"href":"https:\/\/www.europesays.com\/it\/wp-json\/wp\/v2\/media\/459802"}],"wp:attachment":[{"href":"https:\/\/www.europesays.com\/it\/wp-json\/wp\/v2\/media?parent=459801"}],"wp:term":[{"taxonomy":"category","embeddable":true,"href":"https:\/\/www.europesays.com\/it\/wp-json\/wp\/v2\/categories?post=459801"},{"taxonomy":"post_tag","embeddable":true,"href":"https:\/\/www.europesays.com\/it\/wp-json\/wp\/v2\/tags?post=459801"}],"curies":[{"name":"wp","href":"https:\/\/api.w.org\/{rel}","templated":true}]}}