{"id":459968,"date":"2026-04-25T07:20:19","date_gmt":"2026-04-25T07:20:19","guid":{"rendered":"https:\/\/www.europesays.com\/it\/459968\/"},"modified":"2026-04-25T07:20:19","modified_gmt":"2026-04-25T07:20:19","slug":"milan-su-sorloth-e-goretzka-le-trattative","status":"publish","type":"post","link":"https:\/\/www.europesays.com\/it\/459968\/","title":{"rendered":"Milan su Sorloth e Goretzka: le trattative"},"content":{"rendered":"<p>                                Il centravanti dell&#8217;Atletico e il centrocampista del Bayern hanno espresso il proprio gradimento al trasferimento in rossonero. Per il primo serve un&#8217;offerta da circa 20 milioni, per il tedesco invece&#8230;<\/p>\n<p>            <a class=\"image is-50x50\" href=\"https:\/\/www.gazzetta.it\/redazione\/andrea-ramazzotti\/\" rel=\"nofollow noopener\" target=\"_blank\"><br \/>\n                <img decoding=\"async\" class=\"is-rounded\" src=\"https:\/\/www.europesays.com\/it\/wp-content\/uploads\/2025\/11\/andrea_ramazzotti_avatar.png\" alt=\"Andrea Ramazzotti\"\/><br \/>\n            <\/a><\/p>\n<p>Giornalista<\/p>\n<p>                    25 aprile 2026 (modifica alle 08:31)  &#8211; MILANO<\/p>\n<p class=\"paragraph\" spellcheck=\"true\">I frequenti incontri per programmare il futuro tra l\u2019ad Furlani, il ds Tare e il tecnico Allegri hanno  fatto partire la costruzione del Milan 2026-27. Le grandi manovre inizieranno quando la qualificazione alla prossima Champions sar\u00e0 ufficiale: a Milanello e in via Aldo Rossi nessuno considera la conquista di uno dei primi quattro posti cosa gi\u00e0 fatta. Ecco perch\u00e9 l\u2019attenzione \u00e8 focalizzata sulla gara di domani sera con la Juventus e poi sulle ultime quattro giornate. Parallelamente, per\u00f2, va avanti il lavoro sugli obiettivi e il Diavolo si sta portando avanti. Come? Sondando il terreno. In quest\u2019ottica   importanti sono le risposte ricevute con l\u2019apertura al trasferimento a Milano di Alexander Sorloth, in questo momento il candidato forte a diventare il centravanti&#8230; da Champions del nuovo Milan, e di Leon Goretzka, il centrocampista che dovrebbe rendere pi\u00f9 forte e pi\u00f9 completa la mediana della prossima stagione. Per entrambi non \u00e8 ancora il tempo dell\u2019ottimismo sfrenato per vari motivi, sia pratici sia formali: 1) per Sorloth va raggiunto un accordo sul cartellino con Atletico Madrid, che la prossima settimana avr\u00e0 la semifinale di Champions e in questo momento i colchoneros hanno pensieri diversi rispetto a trattare la partenza del loro centravanti; 2) per Goretzka, che dal 30 giugno sar\u00e0 libero a parametro zero, occorre non mettere troppa pressione al diretto interessato (che un\u2019indicazione forte sulla sua volont\u00e0 di trasferirsi a Milano l\u2019ha data) n\u00e9 turbare il Bayern Monaco, come l\u2019Atletico impegnato nelle semifinali di Champions.<\/p>\n<p>        Sorloth dice s\u00ec\u2014 \u00a0<\/p>\n<p class=\"paragraph\" spellcheck=\"true\">La situazione del norvegese \u00e8 chiara: a inizio stagione era la terza scelta per il ruolo di centravanti (nel 4-4-1-1) dietro Alvarez e Griezmann. Con il passare della stagione si \u00e8 guadagnato spazio segnando con grande frequenza, ma delle 48 presenze, \u201csolo\u201d 24 sono dal 1\u2019. Un segnale chiaro: non ha le caratteristiche ideali per il calcio di Simeone che decider\u00e0 a fine stagione il proprio futuro, ma che in questo momento \u00e8 pi\u00f9 \u201cdentro\u201d che fuori dal progetto dell\u2019Atletico. E con il Cholo ancora in panchina, l\u00e0 davanti potrebbero restare solo Alvarez (pur corteggiato da top club europei \u00e8 considerato un punto fermo) e Lookman, arrivato a gennaio dall\u2019Atalanta. Griezmann invece \u00e8 destinato alla Mls. E Sorloth ha intenzione di chiedere la cessione. Ecco perch\u00e9  il Milan si \u00e8 portato avanti incassando il via libera del vichingo al trasferimento in Serie A e, al momento opportuno, tratter\u00e0 l\u2019acquisto del cartellino  con il club di Madrid. Le cui richieste vanno ascoltate e potrebbero condizionare in un senso o nell\u2019alto l\u2019affare. Il Milan non \u00e8 disposto a svenarsi per un centravanti che a dicembre compir\u00e0 31 anni e che nel 2024 \u00e8 stato pagato 32 milioni. Venti milioni pi\u00f9 bonus pu\u00f2 essere l\u2019offerta iniziale perch\u00e9 la societ\u00e0 di Cardinale vuole tenersi  la possibilit\u00e0 di alzare, ma   non troppo, la cifra. Il tutto preferibilmente prima del Mondiale, perch\u00e9 se oltre Oceano Alexander facesse bene, il numero delle pretendenti aumenterebbe pericolosamente. Le candidature di Nicolas Jackson e Dusan Vlahovic, dunque, vanno tenute presenti e (magari) saranno affiancate da altri profili che possono saltar fuori con il passare delle settimane di mercato. Di certo per\u00f2 Sorloth si sente pronto per un\u2019avventura in Italia, in particolare al Milan dove sarebbe titolare e protagonista. Cosa che non accade a Madrid. Sarebbe il quarto norvegese dopo Per Bredesen, Steinar Nielsen e Jens Petter Hauge.<\/p>\n<p><a class=\"is-partner-link\" href=\"http:\/\/www.dazn.com\/gazzetta\" rel=\"nofollow noopener\" target=\"_blank\">Sei cliente diretto DAZN? Per te Gazzetta Digital Edition senza costi aggiuntivi.<\/a><\/p>\n<p>        Classe Goretzka\u2014 \u00a0<\/p>\n<p class=\"paragraph\" spellcheck=\"true\">E poi c\u2019\u00e8 Goretzka con i cui agenti i contatti sono stati intensificati anche negli ultimi giorni. Non avr\u00e0 pi\u00f9 il passo di qualche anno fa, quando era letale negli inserimenti, ma ha una qualit\u00e0 da Champions   e un\u2019esperienza che far\u00e0 comodo la prossima stagione. Per lui \u00e8 pronto un contratto di tre anni pi\u00f9 opzione per un\u2019ulteriore stagione. Leon ha dato il via libera, ma ha chiesto al Milan di fargli prima concludere la stagione. Potrebbe arrivargli un\u2019offerta migliore nelle prossime settimane? Vietato escluderlo perch\u00e9 le pretendenti per il tedesco sono numerose  e infatti a Casa Milan, pur mantenendo l\u2019ottimismo, non danno l\u2019operazione per fatta. La sensazione per\u00f2 \u00e8 quella di aver mosso i passi giusti anche perch\u00e9 pure Allegri si \u00e8 speso per avere il calciatore e l\u2019appeal di un tecnico come Max \u00e8 stato importante per orientare Goretzka verso la Serie A. Vuole definire il suo futuro prima di partire per il Mondiale ovvero dopo la fine della Bundesliga o dopo la finale di Champions (se la formazione di Kompany la raggiunger\u00e0), ma prima del raduno della Germania di Nagelsmann. Il nuovo Milan prende forma. Meglio se lo far\u00e0 in fretta, per bruciare la  concorrenza.<\/p>\n<p class=\"is-copyright\">\u00a9 RIPRODUZIONE RISERVATA<\/p>\n","protected":false},"excerpt":{"rendered":"Il centravanti dell&#8217;Atletico e il centrocampista del Bayern hanno espresso il proprio gradimento al trasferimento in rossonero. Per&hellip;\n","protected":false},"author":3,"featured_media":459969,"comment_status":"","ping_status":"","sticky":false,"template":"","format":"standard","meta":{"footnotes":"","_share_on_mastodon":"0"},"categories":[1452],"tags":[19104,257190,257191,579,257192,3429,3076,44301,5358,8486,721,2859,12837,3153,1969,554,7216,1740,3440,140627,132760,1537,90,89,18021,2504,5382,553,28,1353,2807,1413,9877,3530,3485,10422,165100,1917,8159,35591,4804,9611,1821,8910,2434,1739,127860,245,244,577,3375,8233,8527,7257,4969],"class_list":["post-459968","post","type-post","status-publish","format-standard","has-post-thumbnail","category-calcio","tag-accade","tag-accade-madrid","tag-accade-madrid-quarto","tag-accordo","tag-accordo-cartellino","tag-alexander","tag-allegri","tag-alvarez","tag-atletico","tag-bayern","tag-calcio","tag-cartellino","tag-centravanti","tag-centrocampista","tag-champions","tag-club","tag-fatta","tag-football","tag-forte","tag-goretzka","tag-griezmann","tag-it","tag-italia","tag-italy","tag-leon","tag-libera","tag-madrid","tag-milan","tag-milano","tag-mondiale","tag-norvegese","tag-offerta","tag-ottimismo","tag-partire","tag-passare","tag-potrebbero","tag-pretendenti","tag-pronto","tag-prossima","tag-prossima-stagione","tag-pur","tag-rossonero","tag-serie","tag-settimane","tag-si","tag-soccer","tag-sorloth","tag-sport","tag-sports","tag-stagione","tag-tecnico","tag-tedesco","tag-trasferimento","tag-vanno","tag-vuole"],"share_on_mastodon":{"url":"","error":"Validation failed: Text character limit of 500 exceeded"},"_links":{"self":[{"href":"https:\/\/www.europesays.com\/it\/wp-json\/wp\/v2\/posts\/459968","targetHints":{"allow":["GET"]}}],"collection":[{"href":"https:\/\/www.europesays.com\/it\/wp-json\/wp\/v2\/posts"}],"about":[{"href":"https:\/\/www.europesays.com\/it\/wp-json\/wp\/v2\/types\/post"}],"author":[{"embeddable":true,"href":"https:\/\/www.europesays.com\/it\/wp-json\/wp\/v2\/users\/3"}],"replies":[{"embeddable":true,"href":"https:\/\/www.europesays.com\/it\/wp-json\/wp\/v2\/comments?post=459968"}],"version-history":[{"count":0,"href":"https:\/\/www.europesays.com\/it\/wp-json\/wp\/v2\/posts\/459968\/revisions"}],"wp:featuredmedia":[{"embeddable":true,"href":"https:\/\/www.europesays.com\/it\/wp-json\/wp\/v2\/media\/459969"}],"wp:attachment":[{"href":"https:\/\/www.europesays.com\/it\/wp-json\/wp\/v2\/media?parent=459968"}],"wp:term":[{"taxonomy":"category","embeddable":true,"href":"https:\/\/www.europesays.com\/it\/wp-json\/wp\/v2\/categories?post=459968"},{"taxonomy":"post_tag","embeddable":true,"href":"https:\/\/www.europesays.com\/it\/wp-json\/wp\/v2\/tags?post=459968"}],"curies":[{"name":"wp","href":"https:\/\/api.w.org\/{rel}","templated":true}]}}