{"id":460034,"date":"2026-04-25T08:16:17","date_gmt":"2026-04-25T08:16:17","guid":{"rendered":"https:\/\/www.europesays.com\/it\/460034\/"},"modified":"2026-04-25T08:16:17","modified_gmt":"2026-04-25T08:16:17","slug":"tutto-e-partito-dal-klimt-portato-in-terraferma","status":"publish","type":"post","link":"https:\/\/www.europesays.com\/it\/460034\/","title":{"rendered":"\u00abTutto \u00e8 partito dal Klimt portato in terraferma\u00bb"},"content":{"rendered":"<p>La sfida era stata lanciata tre anni fa, quella di ricavare all&#8217;interno del Candiani un nuovo museo tutto dedicato all&#8217;arte contemporanea. Ci sono voluti <strong>5 milioni di investimento<\/strong>, tra lavori e allestimento, che per la collezione permanente ha potuto attingere ai ricchi depositi della galleria internazionale d&#8217;arte moderna di Ca&#8217; Pesaro, ma anche a una serie di recenti donazioni.<\/p>\n<p>    &#13;<\/p>\n<p>APPROFONDIMENTI<\/p>\n<p>&#13;<\/p>\n<p>                            &#13;<br \/>\n                                            &#13;<br \/>\n                            <a href=\"https:\/\/www.ilgazzettino.it\/nordest\/treviso\/santa_bona_nuove_palazzine_green_prezzi_accessibili-9492423.html\" rel=\"nofollow noopener\" target=\"_blank\">&#13;<br \/>\n                                                                <img decoding=\"async\" src=\"https:\/\/www.europesays.com\/it\/wp-content\/uploads\/2026\/04\/9492423_24112240_santa_bona_nuove_palazzine_green_prezzi_accessibili.jpg\"\/>&#13;<br \/>\n                            <\/a>&#13;<br \/>\n                        &#13;<br \/>\n                                        &#13;<\/p>\n<p>        &#13;<\/p>\n<p>Ora il Muvec, Casa della Contemporaneit\u00e0, \u00e8 pronto, con la sua <strong>torre metallica e la pensilina color aragosta<\/strong> che conducono all&#8217;accesso dei due piani dedicati. <strong>Vuole diventare un punto di riferimento<\/strong> per la Mestre del contemporaneo.<\/p>\n<p>Ieri il taglio del nastro per le autorit\u00e0, portate in visita al secondo piano, quello occupato dalla collezione permanente, che nel fine settimana sar\u00e0 aperto a tutti. Mentre oggi riapre anche il terzo piano, riservato alle tradizionali esposizioni, che fino al <strong>7 giugno ospiter\u00e0 la decima edizione del premio Mestre di pittura<\/strong>.<\/p>\n<p>Il distretto della cultura <\/p>\n<p>Clima di festa (e un po&#8217; elettorale) in un piazzale affollato, con l&#8217;assessore regionale, <a href=\"https:\/\/www.ilgazzettino.it\/t\/valeria-mantovan\" rel=\"nofollow noopener\" target=\"_blank\">Valeria Mantovan<\/a>, a complimentarsi per l&#8217;operazione: \u00abQuando la cultura fa un passo avanti, arretra il degrado\u00bb. E il sindaco <a href=\"https:\/\/www.ilgazzettino.it\/t\/luigi-brugnaro\" rel=\"nofollow noopener\" target=\"_blank\">Luigi Brugnaro<\/a> a rivendicare i meriti per il rilancio del Candiani. \u00abQuesto centro \u00e8 nato male. Quando sono arrivato, abbiamo dovuto ricomprare il cinema. Il resto era senza senso. Cos\u00ec abbiamo puntato sull&#8217;arte e cominciato con le mostre\u00bb ha raccontato, riandando a quei giorni del <strong>2015<\/strong>, quando propose di vendere la Giuditta di <a href=\"https:\/\/www.ilgazzettino.it\/t\/klimt\" rel=\"nofollow noopener\" target=\"_blank\">Klimt<\/a>, capolavoro della collezione di Ca&#8217; Pesaro, per ripianare i debiti del Comune. \u00abEra un bluff &#8211; ha ammesso -, ma cos\u00ec \u00e8 nata l&#8217;idea delle mostre al Candiani. <strong>Abbiamo portato il Klimt a Mestre ed \u00e8 stato un successo<\/strong>\u00bb.<\/p>\n<p>Brugnaro \u00e8 tornato a insistere sull&#8217;importanza del <strong>distretto culturale di terraferma<\/strong>, citando investimenti recenti, come l&#8217;Emeroteca, la Vez o Forte Marghera. E operazioni in corso, come la De Amicis e il Palaplip. Reduce dal consiglio d&#8217;amministrazione della Biennale, ha riferito come anche la Fondazione di Ca&#8217; Giustinian punti su Mestre. \u00abAbbiamo aggiunto come focus della Biennale gli investimenti in terraferma. Oltre a Forte Marghera, anche il centro di musica elettronica di Bissuola, dove hanno fatto tanto e devono fare ancora. <strong>Partiranno presto i lavori per il bar sul parco<\/strong>\u00bb.<\/p>\n<p>La casa del contemporaneo <\/p>\n<p>Sulla trasformazione degli spazi del Candiani si sono soffermati i vertici della Fondazione Musei civici di Venezia. \u00abPer noi \u00e8 stata una grande sfida &#8211; ha sottolineato la presidente, Mariacristina Gribaudi &#8211; E questo non \u00e8 un punto d&#8217;arrivo, ma l&#8217;inizio di un percorso. Muvec vuole essere un museo aperto, una casa della comunit\u00e0, un luogo per le nuove generazioni\u00bb.<\/p>\n<p>Di sfida ha parlato anche il segretario organizzativo di Muve, Mattia Agnetti. \u00abSi trattava di creare uno spazio nuovo, intervenendo sull&#8217;esistente. Abbiamo creato un luogo che pu\u00f2 dialogare con le pi\u00f9 importanti <strong>collezioni d&#8217;arte contemporanea europee<\/strong>\u00bb. In questo senso sono stati rivisti gli impianti (\u00abAdeguati ad ospitare i capolavori\u00bb), cos\u00ec come \u00e8 stata studiato l&#8217;aspetto della sicurezza, con <strong>telecamere, sistemi anti intrusione, vigilanza h24<\/strong>.<\/p>\n<p>Visita e selfie <\/p>\n<p>Il compito di accompagnare il sindaco e gli altri ospiti per un primo giro tra le opere, \u00e8 toccato alla responsabile dell&#8217;area Muve a Mestre, Elisabetta Barisoni. \u00abInaugurare un museo capita una volta nella vita\u00bb ha premesso, emozionata. Mentre Brugnaro le chiedeva le quotazioni. \u00abE questo quanto vale? Qui abbiamo le guardie giorno e notte\u00bb. Poi davanti a una scultura di Viani: \u00abCon lui ho fatto un esame all&#8217;universit\u00e0\u00bb. Ricordi e selfie, nelle sale gremite.<\/p>\n<p>Ad aggiungersi al gruppo anche l&#8217;assessore-candidato, Simone Venturini, oltre ai consiglieri di maggioranza, reduci dall&#8217;ultimo Consiglio comunale dell&#8217;era Brugnaro. Per tutti foto con il sindaco in scadenza. \u00abMi mancano <strong>30 giorni<\/strong>\u00bb.<\/p>\n","protected":false},"excerpt":{"rendered":"La sfida era stata lanciata tre anni fa, quella di ricavare all&#8217;interno del Candiani un nuovo museo tutto&hellip;\n","protected":false},"author":3,"featured_media":460035,"comment_status":"","ping_status":"","sticky":false,"template":"","format":"standard","meta":{"footnotes":"","_share_on_mastodon":"0"},"categories":[1446],"tags":[1615,1613,1614,1611,1610,1612,203,204,1537,90,89,107102,86692,19190],"class_list":["post-460034","post","type-post","status-publish","format-standard","has-post-thumbnail","category-arte-e-design","tag-arte","tag-arte-e-design","tag-arteedesign","tag-arts","tag-arts-and-design","tag-design","tag-entertainment","tag-intrattenimento","tag-it","tag-italia","tag-italy","tag-klimt","tag-luigi-brugnaro","tag-valeria-mantovan"],"share_on_mastodon":{"url":"https:\/\/pubeurope.com\/@it\/116464359415620201","error":""},"_links":{"self":[{"href":"https:\/\/www.europesays.com\/it\/wp-json\/wp\/v2\/posts\/460034","targetHints":{"allow":["GET"]}}],"collection":[{"href":"https:\/\/www.europesays.com\/it\/wp-json\/wp\/v2\/posts"}],"about":[{"href":"https:\/\/www.europesays.com\/it\/wp-json\/wp\/v2\/types\/post"}],"author":[{"embeddable":true,"href":"https:\/\/www.europesays.com\/it\/wp-json\/wp\/v2\/users\/3"}],"replies":[{"embeddable":true,"href":"https:\/\/www.europesays.com\/it\/wp-json\/wp\/v2\/comments?post=460034"}],"version-history":[{"count":0,"href":"https:\/\/www.europesays.com\/it\/wp-json\/wp\/v2\/posts\/460034\/revisions"}],"wp:featuredmedia":[{"embeddable":true,"href":"https:\/\/www.europesays.com\/it\/wp-json\/wp\/v2\/media\/460035"}],"wp:attachment":[{"href":"https:\/\/www.europesays.com\/it\/wp-json\/wp\/v2\/media?parent=460034"}],"wp:term":[{"taxonomy":"category","embeddable":true,"href":"https:\/\/www.europesays.com\/it\/wp-json\/wp\/v2\/categories?post=460034"},{"taxonomy":"post_tag","embeddable":true,"href":"https:\/\/www.europesays.com\/it\/wp-json\/wp\/v2\/tags?post=460034"}],"curies":[{"name":"wp","href":"https:\/\/api.w.org\/{rel}","templated":true}]}}