{"id":460036,"date":"2026-04-25T08:18:15","date_gmt":"2026-04-25T08:18:15","guid":{"rendered":"https:\/\/www.europesays.com\/it\/460036\/"},"modified":"2026-04-25T08:18:15","modified_gmt":"2026-04-25T08:18:15","slug":"la-prima-serata-che-inizia-alle-2200-e-il-punto-di-non-ritorno-non-solo-della-tv","status":"publish","type":"post","link":"https:\/\/www.europesays.com\/it\/460036\/","title":{"rendered":"La prima serata che inizia alle 22:00 \u00e8 il punto di non ritorno (non solo della tv)"},"content":{"rendered":"<p>&#13;<br \/>\n      &#13;<br \/>\n&#13;<br \/>\n       &#13;<br \/>\n      &#13;<br \/>\n      &#13;<br \/>\n        &#13;<br \/>\n        &#13;<br \/>\n&#13;<br \/>\n&#13;<br \/>\n&#13;<br \/>\nCondividi  &#13;<br \/>\n    &#13;<br \/>\n  &#13;<br \/>\n        &#13;<br \/>\n              &#13;<br \/>\n      &#13;<br \/>\n      &#13;<br \/>\n&#13;<br \/>\n      &#13;<br \/>\n      &#13;<br \/>\n       &#13;<br \/>\n       &#13;<\/p>\n<p>&#8220;Ridateci la prima serata. Salviamo il sonno degli italiani&#8221;. \u00c8 l&#8217;appello lanciato un paio di settimane fa da Carlo Degli Esposti, produttore del Commissario Montalbano e ora presidente della repubblica di chi va a dormire presto. Ma anche a un orario decente. Perch\u00e9, diciamoci la verit\u00e0, da ormai un bel po&#8217; di mesi a questa parte si deve tirare tardi per finire di vedere una fiction o un programma televisivo di nostro interesse. A unirsi al coro sono stati diversi volti noti della tv, da Fiorello a Claudio Amendola &#8211; che si \u00e8 scusato con il pubblico dei Cesaroni per il tardo orario di inizio della prima puntata, che segnava l&#8217;atteso ritorno della fiction cult &#8211; ma anche Cristiana Capotondi e <a href=\"https:\/\/www.today.it\/tv\/news\/luciana-littizzetto-orari-prima-serata-appello.html\" rel=\"nofollow noopener\" target=\"_blank\">Luciana Littizzetto<\/a> a &#8220;Che tempo che fa&#8221;, unico programma che alle otto di sera, la domenica, \u00e8 gi\u00e0 in onda.<\/p>\n<p>Sulle reti ammiraglie di Rai e Mediaset, invece, bisogna ormai aspettare le dieci. Una decina di minuti prima su Rai 1, mentre Canale 5 non anticipa mai le 22. Risultato? Fiction e trasmissioni non registrano pi\u00f9 gli ascolti di una volta, penalizzate dall&#8217;orario di messa in onda.<\/p>\n<p>Il funerale del prime time<\/p>\n<p>Poco importa se a fare i numeri ci pensano i programmi di access prime time. Dal punto di vista editoriale &#8211; ma sarebbe meglio dire imprenditoriale &#8211; \u00e8 la pace dei sensi. A che serve aspettare la prima serata, che implica altri tipi di investimento &#8211; e anche di rischio -, se con un&#8217;ora e mezza dopo il tg si riesce a portare a casa lo stesso risultato (se non migliore)? \u00c8 come chiudere cassa in anticipo, registrando guadagni maggiori.<\/p>\n<p>&#8220;Affari tuoi&#8221; su Rai 1 e &#8220;La ruota della fortuna&#8221; su Canale 5 incassano, in media, 10 milioni di spettatori a serata, che si dividono quasi equamente, in un costante <a href=\"https:\/\/www.today.it\/tv\/news\/ascolti-tv-9-settembre-affari-tuoi-ruota-fortuna.html\" rel=\"nofollow noopener\" target=\"_blank\">braccio di ferro<\/a>. Ascolti esorbitanti che il prime time, anche se anticipato, non farebbe comunque pi\u00f9 &#8211; salvo rare eccezioni, come Sanremo -, indebolito dalle piattaforme di streaming. Un declino evidente.<\/p>\n<p>Allungare i game show \u00e8 oggettivamente la soluzione pi\u00f9 intelligente dal punto di vista del profitto. Sono loro, oggi, a trainare il carrozzone. Ascolti, pubblicit\u00e0, soldi. L&#8217;equazione \u00e8 semplice e, quando un solo programma funziona per un&#8217;intera stagione, non servono sforzi per arrivare al risultato. Del resto una tv che non sperimenta, che ritira fuori <a href=\"https:\/\/www.today.it\/tv\/canzonissima-fedez.html\" rel=\"nofollow noopener\" target=\"_blank\">titoli del passato<\/a> provando la carta dell&#8217;usato sicuro, dimostra di non voler andare oltre a certe dinamiche. Tanto che i confronti politici adesso si fanno nei podcast e l&#8217;intrattenimento sui social.<\/p>\n<p>Il punto di non ritorno<\/p>\n<p>Niente di diverso rispetto all&#8217;informazione online, schiava dei click e dell&#8217;algoritmo, o ai supermercati aperti h 24 e i centri commerciali che chiudono cinque giorni all&#8217;anno. La logica del profitto continua a battere quella umana, rendendoci spettatori a reti unificate di un cambiamento mediatico e sociale ormai sfuggito di mano. Forse si stava davvero meglio quando si andava a letto dopo Carosello.<\/p>\n<p>       &#13;<br \/>\n        &#13;<br \/>\n&#13;<br \/>\n&#13;<br \/>\n  &#13;<br \/>\n  &#13;<br \/>\n&#13;<br \/>\n  &lt;!?php if ( SF_DOMAIN == &#8216;citynews-bruxellestoday&#8217; || SF_DOMAIN == &#8216;citynews-cagliaritoday&#8217; || SF_DOMAIN == &#8216;citynews-sassaritoday&#8217; || SF_DOMAIN == &#8216;citynews-tarantotoday&#8217; || SF_DOMAIN == &#8216;citynews-viterbotoday&#8217; || SF_DOMAIN == &#8216;citynews-ferraratoday&#8217; ): ?&gt;&#13;<br \/>\n    &#13;<br \/>\n  &lt;!?php endif; ?&gt;&#13;<br \/>\n  &#13;<br \/>\n&#13;<br \/>\n&#13;<br \/>\n               &#13;<br \/>\n      &#13;<br \/>\n\t\t\t\t&#13;<br \/>\n&#13;<br \/>\n      &#13;<br \/>\n   &#13;<br \/>\n&#13;<br \/>\n      &#13;<br \/>\n                  &#13;<br \/>\n      &#13;<br \/>\n&#13;<\/p>\n","protected":false},"excerpt":{"rendered":"&#13; &#13; &#13; &#13; &#13; &#13; &#13; &#13; &#13; &#13; &#13; Condividi &#13; &#13; &#13; &#13; &#13; &#13;&hellip;\n","protected":false},"author":3,"featured_media":460037,"comment_status":"","ping_status":"","sticky":false,"template":"","format":"standard","meta":{"footnotes":"","_share_on_mastodon":"0"},"categories":[1444],"tags":[6756,689,203,204,1537,90,89,688,257236,253],"class_list":["post-460036","post","type-post","status-publish","format-standard","has-post-thumbnail","category-tv","tag-prima-serata","tag-blog","tag-entertainment","tag-intrattenimento","tag-it","tag-italia","tag-italy","tag-opinioni","tag-prima-serata-comincia-tardi","tag-tv"],"share_on_mastodon":{"url":"https:\/\/pubeurope.com\/@it\/116464366910090131","error":""},"_links":{"self":[{"href":"https:\/\/www.europesays.com\/it\/wp-json\/wp\/v2\/posts\/460036","targetHints":{"allow":["GET"]}}],"collection":[{"href":"https:\/\/www.europesays.com\/it\/wp-json\/wp\/v2\/posts"}],"about":[{"href":"https:\/\/www.europesays.com\/it\/wp-json\/wp\/v2\/types\/post"}],"author":[{"embeddable":true,"href":"https:\/\/www.europesays.com\/it\/wp-json\/wp\/v2\/users\/3"}],"replies":[{"embeddable":true,"href":"https:\/\/www.europesays.com\/it\/wp-json\/wp\/v2\/comments?post=460036"}],"version-history":[{"count":0,"href":"https:\/\/www.europesays.com\/it\/wp-json\/wp\/v2\/posts\/460036\/revisions"}],"wp:featuredmedia":[{"embeddable":true,"href":"https:\/\/www.europesays.com\/it\/wp-json\/wp\/v2\/media\/460037"}],"wp:attachment":[{"href":"https:\/\/www.europesays.com\/it\/wp-json\/wp\/v2\/media?parent=460036"}],"wp:term":[{"taxonomy":"category","embeddable":true,"href":"https:\/\/www.europesays.com\/it\/wp-json\/wp\/v2\/categories?post=460036"},{"taxonomy":"post_tag","embeddable":true,"href":"https:\/\/www.europesays.com\/it\/wp-json\/wp\/v2\/tags?post=460036"}],"curies":[{"name":"wp","href":"https:\/\/api.w.org\/{rel}","templated":true}]}}