{"id":460197,"date":"2026-04-25T10:35:12","date_gmt":"2026-04-25T10:35:12","guid":{"rendered":"https:\/\/www.europesays.com\/it\/460197\/"},"modified":"2026-04-25T10:35:12","modified_gmt":"2026-04-25T10:35:12","slug":"jack-nicholson-ricompare-in-pubblico-in-una-rara-foto-condivisa-dalla-figlia-lorraine-per-il-suo-compleanno","status":"publish","type":"post","link":"https:\/\/www.europesays.com\/it\/460197\/","title":{"rendered":"Jack Nicholson ricompare in pubblico in una rara foto condivisa dalla figlia Lorraine per il suo compleanno"},"content":{"rendered":"<p>L&#8217;ultima volta in cui avevamo visto in pubblico <a href=\"https:\/\/www.vanityfair.it\/gallery\/jack-nicholson-riappare-in-pubblico-partita-lakers-come-sta-demenza\" rel=\"nofollow noopener\" target=\"_blank\"><strong>Jack Nicholson<\/strong><\/a> (dopo anni di assenza) era stata nel febbraio 2025, quando l&#8217;attore &#8211; di cui da tempo <a href=\"https:\/\/www.vanityfair.it\/article\/jack-nicholson-demenza-senile-isolamento-preoccupazione-amici\" rel=\"nofollow noopener\" target=\"_blank\">si dice che soffra di demenza senile<\/a> e che abbia deciso di condurre una vita da recluso nella sua villa a Los Angeles &#8211; era stato <a href=\"https:\/\/www.vanityfair.it\/article\/jack-nicholson-rarissima-apparizione-pubblico-50-anni-saturday-night-live\" rel=\"nofollow noopener\" target=\"_blank\">ospite, a sorpresa, del Saturday Night Live<\/a> durante la serata che aveva celebrato i 50 anni del leggendario programma. E <strong>aveva introdotto l\u2019esibizione musicale di Adam Sandler<\/strong>, che una volta imbracciata la chitarra, prima di eseguire il brano 50 Years, aveva voluto sottolineare la rarissima apparizione del divo: \u00abFacciamola sentire a Jack, tesoro! <strong>Jack \u00e8 tra noi stasera!<\/strong>\u00bb.<\/p>\n<p>Nicholson, come avevano raccontato i video che circolavano sui social, durante la breve apparizione era apparso in <strong>buone condizioni<\/strong>. Contraddicendo, almeno all&#8217;apparenza, quello che da anni si vocifera sul suo stato di salute. Ad esempio un suo amico nel 2021 aveva detto a RadarOnLine: \u00abJack ed io siamo amici da anni e lui non esce pi\u00f9 di casa&#8230; La comunit\u00e0 di Mulholland Drive (dove vive il divo, ndr) \u00e8 piuttosto unita e sono tutti preoccupati per lui. <strong>Fisicamente sta bene, ma la sua mente \u00e8 andata<\/strong>\u00bb.<\/p>\n<p>Altre fonti, tempo fa, hanno spiegato che <strong>Lorraine e Ray<\/strong>, i due figli avuti da Rebecca Broussard, sono \u00abl&#8217;unico contatto dell&#8217;attore col mondo\u00bb. Il tre volte premio Oscar \u00e8 padre di ben <a href=\"https:\/\/www.vanityfair.it\/article\/jack-nicholson-riappare-dopo-18-mesi-sei-figli-vita-privata\" rel=\"nofollow noopener\" target=\"_blank\">sei figli avuti da cinque donne diverse<\/a>, ma solo con Lorraine e Ray avrebbe contatti frequenti. Dall&#8217;<strong>ex moglie Sandra Knight<\/strong> Nicholson ha avuto <strong>Jennifer<\/strong>, 61 anni, mentre <strong>Honey<\/strong>, 43 anni, \u00e8 frutto della relazione con la modella Winnie Hollman. L&#8217;attrice <strong>Susan Anspach<\/strong> ha inoltre affermato che Jack \u00e8 il padre di suo figlio <strong>Caleb Goddard<\/strong>, 54 anni. Nicholson ha negato pubblicamente la paternit\u00e0, ma Caleb ha detto a People che l&#8217;attore, in privato, lo riconosce come suo figlio. Infine c&#8217;\u00e8 la trentunenne <strong>Tessa<\/strong>, avuta da Jennine Gourin, che non \u00e8 mai stata riconosciuta pubblicamente da Nicholson e che, nel 2023, ha dichiarato di non parlare col padre da anni.<\/p>\n","protected":false},"excerpt":{"rendered":"L&#8217;ultima volta in cui avevamo visto in pubblico Jack Nicholson (dopo anni di assenza) era stata nel febbraio&hellip;\n","protected":false},"author":3,"featured_media":460198,"comment_status":"","ping_status":"","sticky":false,"template":"","format":"standard","meta":{"footnotes":"","_share_on_mastodon":"0"},"categories":[1442],"tags":[203,454,204,1537,90,89,40904,1521],"class_list":["post-460197","post","type-post","status-publish","format-standard","has-post-thumbnail","category-film","tag-entertainment","tag-film","tag-intrattenimento","tag-it","tag-italia","tag-italy","tag-jack-nicholson","tag-movies"],"share_on_mastodon":{"url":"https:\/\/pubeurope.com\/@it\/116464905631295224","error":""},"_links":{"self":[{"href":"https:\/\/www.europesays.com\/it\/wp-json\/wp\/v2\/posts\/460197","targetHints":{"allow":["GET"]}}],"collection":[{"href":"https:\/\/www.europesays.com\/it\/wp-json\/wp\/v2\/posts"}],"about":[{"href":"https:\/\/www.europesays.com\/it\/wp-json\/wp\/v2\/types\/post"}],"author":[{"embeddable":true,"href":"https:\/\/www.europesays.com\/it\/wp-json\/wp\/v2\/users\/3"}],"replies":[{"embeddable":true,"href":"https:\/\/www.europesays.com\/it\/wp-json\/wp\/v2\/comments?post=460197"}],"version-history":[{"count":0,"href":"https:\/\/www.europesays.com\/it\/wp-json\/wp\/v2\/posts\/460197\/revisions"}],"wp:featuredmedia":[{"embeddable":true,"href":"https:\/\/www.europesays.com\/it\/wp-json\/wp\/v2\/media\/460198"}],"wp:attachment":[{"href":"https:\/\/www.europesays.com\/it\/wp-json\/wp\/v2\/media?parent=460197"}],"wp:term":[{"taxonomy":"category","embeddable":true,"href":"https:\/\/www.europesays.com\/it\/wp-json\/wp\/v2\/categories?post=460197"},{"taxonomy":"post_tag","embeddable":true,"href":"https:\/\/www.europesays.com\/it\/wp-json\/wp\/v2\/tags?post=460197"}],"curies":[{"name":"wp","href":"https:\/\/api.w.org\/{rel}","templated":true}]}}