{"id":460333,"date":"2026-04-25T12:46:15","date_gmt":"2026-04-25T12:46:15","guid":{"rendered":"https:\/\/www.europesays.com\/it\/460333\/"},"modified":"2026-04-25T12:46:15","modified_gmt":"2026-04-25T12:46:15","slug":"la-piscina-privata-la-camera-delle-sorelline-la-lampada-iconica","status":"publish","type":"post","link":"https:\/\/www.europesays.com\/it\/460333\/","title":{"rendered":"la piscina privata, la camera delle sorelline, la lampada iconica"},"content":{"rendered":"<p>La famiglia di <strong><a href=\"https:\/\/www.leggo.it\/t\/federica-pellegrini\" rel=\"nofollow noopener\" target=\"_blank\">Federica Pellegrini<\/a> <\/strong>e <strong><a href=\"https:\/\/www.leggo.it\/t\/matteo-giunta\" rel=\"nofollow noopener\" target=\"_blank\">Matteo Giunta<\/a><\/strong> si \u00e8 ufficialmente allargata. Lo scorso 2 aprile, la &#8220;Divina&#8221; e il suo compagno di vita hanno dato il benvenuto alla piccola <strong>Rachele<\/strong>, diventando genitori per la seconda volta. Quella che era la splendida villetta di <strong><a href=\"https:\/\/www.leggo.it\/t\/verona-\" rel=\"nofollow noopener\" target=\"_blank\">Verona<\/a><\/strong> per tre, ora si trasforma in un nido per quattro, dove ogni spazio viene ripensato per accogliere la nuova arrivata insieme alla primogenita Matilde e ai tre inseparabili bulldog francesi. La casa, gi\u00e0 carica di successi e stile, si prepara cos\u00ec a una nuova quotidianit\u00e0 fatta di giochi raddoppiati e nuovi equilibri familiari.<\/p>\n<p> Chi sono i due campioni <\/p>\n<p>Federica Pellegrini nasce il 5 agosto 1988 a Mirano, in provincia di Venezia. Figlia di Cinzia Lionello, grande appassionata di nuoto, e di Roberto Pellegrini, invece barman in un prestigioso albergo, si avvicina all\u2019acqua fin da bambina. Ed \u00e8 proprio la mamma a iscriverla nel \u201895 ai corsi avanzati della piscina della societ\u00e0 Serenissima, alla Gazzera. La carriera di Pellegrini prende il volo a soli 16 anni, quando conquista la medaglia d\u2019argento nei 200 stile libero alle Olimpiadi di Atene 2004. Un traguardo che ha segnato la storia del nuoto italiano, in quanto \u00e8 la pi\u00f9 giovane a salire su un podio olimpico individuale.<\/p>\n<p>Da quel momento inizia un percorso straordinario costellato di successi, tanto da essere soprannominata \u201cLa Divina\u201d. Accanto a lei c\u2019\u00e8 il suo allenatore e futuro marito, Matteo Giunta. L\u2019atleta nasce a Pesaro il 7 maggio 1982. Nel 2013 inizia ad allenare Pellegrini e nel 2018 riceve la Palma d\u2019Oro del CONI, importante onorificenza con cui vengono insigniti per merito tecnico i preparatori atletici pi\u00f9 stimati e riconosciuti. <\/p>\n","protected":false},"excerpt":{"rendered":"La famiglia di Federica Pellegrini e Matteo Giunta si \u00e8 ufficialmente allargata. Lo scorso 2 aprile, la &#8220;Divina&#8221;&hellip;\n","protected":false},"author":3,"featured_media":460334,"comment_status":"","ping_status":"","sticky":false,"template":"","format":"standard","meta":{"footnotes":"","_share_on_mastodon":"0"},"categories":[1451],"tags":[1621,1620,203,16127,204,1537,90,89,123376],"class_list":["post-460333","post","type-post","status-publish","format-standard","has-post-thumbnail","category-celebrita","tag-celebrita","tag-celebrities","tag-entertainment","tag-federica-pellegrini","tag-intrattenimento","tag-it","tag-italia","tag-italy","tag-matteo-giunta"],"share_on_mastodon":{"url":"https:\/\/pubeurope.com\/@it\/116465420597211832","error":""},"_links":{"self":[{"href":"https:\/\/www.europesays.com\/it\/wp-json\/wp\/v2\/posts\/460333","targetHints":{"allow":["GET"]}}],"collection":[{"href":"https:\/\/www.europesays.com\/it\/wp-json\/wp\/v2\/posts"}],"about":[{"href":"https:\/\/www.europesays.com\/it\/wp-json\/wp\/v2\/types\/post"}],"author":[{"embeddable":true,"href":"https:\/\/www.europesays.com\/it\/wp-json\/wp\/v2\/users\/3"}],"replies":[{"embeddable":true,"href":"https:\/\/www.europesays.com\/it\/wp-json\/wp\/v2\/comments?post=460333"}],"version-history":[{"count":0,"href":"https:\/\/www.europesays.com\/it\/wp-json\/wp\/v2\/posts\/460333\/revisions"}],"wp:featuredmedia":[{"embeddable":true,"href":"https:\/\/www.europesays.com\/it\/wp-json\/wp\/v2\/media\/460334"}],"wp:attachment":[{"href":"https:\/\/www.europesays.com\/it\/wp-json\/wp\/v2\/media?parent=460333"}],"wp:term":[{"taxonomy":"category","embeddable":true,"href":"https:\/\/www.europesays.com\/it\/wp-json\/wp\/v2\/categories?post=460333"},{"taxonomy":"post_tag","embeddable":true,"href":"https:\/\/www.europesays.com\/it\/wp-json\/wp\/v2\/tags?post=460333"}],"curies":[{"name":"wp","href":"https:\/\/api.w.org\/{rel}","templated":true}]}}