{"id":460625,"date":"2026-04-25T17:22:24","date_gmt":"2026-04-25T17:22:24","guid":{"rendered":"https:\/\/www.europesays.com\/it\/460625\/"},"modified":"2026-04-25T17:22:24","modified_gmt":"2026-04-25T17:22:24","slug":"clerici-vittorio-ecco-cosa-mi-ha-insegnato-stare-con-lui-torino-cronaca","status":"publish","type":"post","link":"https:\/\/www.europesays.com\/it\/460625\/","title":{"rendered":"Clerici: \u00abVittorio? Ecco cosa mi ha insegnato stare con lui\u00bb &#8211; Torino Cronaca"},"content":{"rendered":"<p>Nessuno si salva da solo, Antonella Clerici lo sa bene. Perch\u00e9 la sua ultima intervista al settimanale \u201cChi\u201d \u00e8 un concentrato di tutto il suo mondo, a partire dagli affetti ma compresi i limiti che in parte ancora oggi non ha superato. \u00abForse le persone mi vedono molto sicura &#8211; spiega la conduttrice milanese &#8211; ma non sanno che ho anche delle paure, delle insicurezze. Ho paura, per esempio, di prendere l\u2019aereo, soffro di claustrofobia, quindi anche il treno mi mette un po\u2019 di ansia. Poi sono ipocondriaca e sono imbranata nelle cose quotidiane\u00bb.<\/p>\n<p> Powered by <a target=\"_blank\" href=\"https:\/\/evolutiongroup.digital\/\" rel=\"nofollow noopener\"> <img decoding=\"async\" src=\"https:\/\/evolutiongroup.digital\/wp-content\/themes\/evolution_group\/assets\/static\/logo\/logo-evolutiongroup-black.svg\" alt=\"powered by evolution group\"\/> <\/a> <\/p>\n<p>Cos\u00ec si appoggia su chi le sta vicino. Come Vittorio Garrone, suo grande amore da oltre un decennio, l\u2019uomo che le ha fatto riscoprire sensazioni sopite: \u00abCome tutte le donne ho molto sofferto, ero un po\u2019 quella dei drammi sentimentali, una \u201cdrama queen\u201d. Ma, alla fine, anche le cadute sono servite per incontrare una persona come Vittorio che mi ha insegnato a vivere un rapporto alla pari. A non aver paura che, quando il tuo uomo esce di casa, ti metta le corna\u00bb. Di nozze per\u00f2 non parla: \u00abPer me in un rapporto l\u2019uomo deve sapere che posso andarmene quando voglio, e lui anche. Questa libert\u00e0 di non avere vincoli anche economici mi piace. Qualcuno potrebbe dire: \u201cSposa un Garrone\u201d, ma anche in quello sono atipica. Ragiono con la mia testa. Il motivo per cui sto con Vittorio \u00e8 che mi fa stare bene, ma esistiamo a prescindere dall\u2019altro\u00bb, ha specificato la conduttrice.<\/p>\n<p>Per molti anni famiglia sono stati suo padre e la figlia: \u00abMio pap\u00e0 \u00e8 sempre stato molto dolce. Io e mia sorella siamo sempre le sue bambine e guai a chi gliele tocca, ma ci ha insegnato a essere indipendenti, ed \u00e8 quello che cerco di fare con mia figlia, Maelle. Ha preso da me una certa sensibilit\u00e0. Quando i professori mi dicono che \u00e8 molto gentile e che si prende cura degli altri, per me \u00e8 impagabile\u00bb.<\/p>\n<p>E lei si piace cos\u00ec com\u2019\u00e8: \u00abNon bisogna forzare la propria natura, perch\u00e9 poi si vede. La mia icona di bellezza assoluta \u00e8 Monica Bellucci, da sempre. Tutt\u2019oggi la guardo, pi\u00f9 o meno ha la mia et\u00e0, e la trovo bellissima\u00bb.<\/p>\n","protected":false},"excerpt":{"rendered":"Nessuno si salva da solo, Antonella Clerici lo sa bene. Perch\u00e9 la sua ultima intervista al settimanale \u201cChi\u201d&hellip;\n","protected":false},"author":3,"featured_media":460626,"comment_status":"","ping_status":"","sticky":false,"template":"","format":"standard","meta":{"footnotes":"","_share_on_mastodon":"0"},"categories":[1444],"tags":[1391,18205,10411,257585,257584,203,1282,204,1537,90,89,257583,28,11496,253,63185],"class_list":["post-460625","post","type-post","status-publish","format-standard","has-post-thumbnail","category-tv","tag-ansia","tag-antonella-clerici","tag-chi","tag-claustrofobia","tag-drama-queen","tag-entertainment","tag-intervista","tag-intrattenimento","tag-it","tag-italia","tag-italy","tag-maelle","tag-milano","tag-monica-bellucci","tag-tv","tag-vittorio-garrone"],"share_on_mastodon":{"url":"https:\/\/pubeurope.com\/@it\/116466506258145541","error":""},"_links":{"self":[{"href":"https:\/\/www.europesays.com\/it\/wp-json\/wp\/v2\/posts\/460625","targetHints":{"allow":["GET"]}}],"collection":[{"href":"https:\/\/www.europesays.com\/it\/wp-json\/wp\/v2\/posts"}],"about":[{"href":"https:\/\/www.europesays.com\/it\/wp-json\/wp\/v2\/types\/post"}],"author":[{"embeddable":true,"href":"https:\/\/www.europesays.com\/it\/wp-json\/wp\/v2\/users\/3"}],"replies":[{"embeddable":true,"href":"https:\/\/www.europesays.com\/it\/wp-json\/wp\/v2\/comments?post=460625"}],"version-history":[{"count":0,"href":"https:\/\/www.europesays.com\/it\/wp-json\/wp\/v2\/posts\/460625\/revisions"}],"wp:featuredmedia":[{"embeddable":true,"href":"https:\/\/www.europesays.com\/it\/wp-json\/wp\/v2\/media\/460626"}],"wp:attachment":[{"href":"https:\/\/www.europesays.com\/it\/wp-json\/wp\/v2\/media?parent=460625"}],"wp:term":[{"taxonomy":"category","embeddable":true,"href":"https:\/\/www.europesays.com\/it\/wp-json\/wp\/v2\/categories?post=460625"},{"taxonomy":"post_tag","embeddable":true,"href":"https:\/\/www.europesays.com\/it\/wp-json\/wp\/v2\/tags?post=460625"}],"curies":[{"name":"wp","href":"https:\/\/api.w.org\/{rel}","templated":true}]}}