{"id":460793,"date":"2026-04-25T19:47:16","date_gmt":"2026-04-25T19:47:16","guid":{"rendered":"https:\/\/www.europesays.com\/it\/460793\/"},"modified":"2026-04-25T19:47:16","modified_gmt":"2026-04-25T19:47:16","slug":"rocchi-indagato-per-frode-sportiva-inchiesta-arbitri","status":"publish","type":"post","link":"https:\/\/www.europesays.com\/it\/460793\/","title":{"rendered":"Rocchi indagato per frode sportiva: inchiesta arbitri"},"content":{"rendered":"<p>Il <strong>supervisore Var Andrea Gervasoni <\/strong>\u00e8 indagato in \\&#8221;concorso con altre persone\\&#8221; per frode sportiva nell&#8217;inchiesta della Procura di Milano. Nell&#8217;<strong>avviso di garanzia letto dall&#8217;agenzia AGI<\/strong> che gli \u00e8 stato notificato ieri sera, si legge che \\&#8221;durante lo svolgimento della partita Salernitana-Modena con la concessione del calcio di rigore a favore della squadra emiliana da parte del direttore di gara Antonio Giuia incalzava e sollecitava l&#8217;addetto Var Luigi Nasca affinche&#8217; questi richiamasse Giuia all&#8221;on field review&#8217; ai fini della decisione iniziale sull&#8217;episodio di gioco\\&#8221;.<strong> I fatti risalgono all&#8217;8 marzo 2025<\/strong>.\u00a0&#8220;,&#8221;postId&#8221;:&#8221;5c467199-c501-4801-825b-692136a0e524&#8243;,&#8221;postLink&#8221;:{&#8220;title&#8221;:&#8221;&#8221;,&#8221;url&#8221;:&#8221;&#8221;,&#8221;imageSrc&#8221;:&#8221;&#8221;}},{&#8220;timestamp&#8221;:&#8221;2026-04-25T19:29:59.205Z&#8221;,&#8221;timestampUtcIt&#8221;:&#8221;2026-04-25T21:29:59+0200&#8243;,&#8221;altBackground&#8221;:false,&#8221;title&#8221;:&#8221;Rocchi: \\&#8221;Mi autosospendo, torner\u00f2 pi\u00f9 forte di prima\\&#8221; &#8220;,&#8221;content&#8221;:&#8221;<\/p>\n<p>\\&#8221;In merito alla vicenda odierna, in accordo con l&#8217;Aia e per il bene del gruppo CAN che deve poter operare nella massima serenit\u00e0, ho deciso di autosospendermi, con decorrenza immediata, dal ruolo di responsabile Can\\&#8221;.<strong> L&#8217;annuncio di Gianluca Rocchi arriva con una dichiarazione all&#8217;ANSA.<\/strong> \\&#8221;Questa scelta, sofferta, difficile ma condivisa con la mia \u00a0famiglia \u00a0&#8211; prosegue il designatore arbitrale, indagato dalla procura di Milano per concorso in frode sportiva -, vuole permettere un corretto decorso della fase giudiziale, da cui <strong>sono certo uscir\u00f2 indenne e pi\u00f9 forte di prima<\/strong>\\&#8221;.\u00a0<\/p>\n<p>\\n&#8221;,&#8221;postId&#8221;:&#8221;2ab1c622-9638-4414-9349-8f88ac0e498c&#8221;,&#8221;postLink&#8221;:{&#8220;title&#8221;:&#8221;&#8221;,&#8221;url&#8221;:&#8221;&#8221;,&#8221;imageSrc&#8221;:&#8221;&#8221;}},{&#8220;timestamp&#8221;:&#8221;2026-04-25T19:18:32.042Z&#8221;,&#8221;timestampUtcIt&#8221;:&#8221;2026-04-25T21:18:32+0200&#8243;,&#8221;video&#8221;:{&#8220;videoId&#8221;:&#8221;1092965&#8243;,&#8221;videoPageUrl&#8221;:&#8221;https:\/\/video.sky.it\/sport\/calcio\/serie-a\/video\/rocchi-indagato-il-commento-di-paolo-condo-1092965&#8243;},&#8221;altBackground&#8221;:true,&#8221;title&#8221;:&#8221;Rocchi indagato, il commento di Paolo Cond\u00f2&#8221;,&#8221;postId&#8221;:&#8221;01a3e4fb-8992-4152-81ed-da5f15d10efe&#8221;,&#8221;postLink&#8221;:{&#8220;title&#8221;:&#8221;&#8221;,&#8221;url&#8221;:&#8221;&#8221;,&#8221;imageSrc&#8221;:&#8221;&#8221;}},{&#8220;timestamp&#8221;:&#8221;2026-04-25T18:15:00.298Z&#8221;,&#8221;timestampUtcIt&#8221;:&#8221;2026-04-25T20:15:00+0200&#8243;,&#8221;altBackground&#8221;:false,&#8221;title&#8221;:&#8221;Procura Figc chieda atti a Procura Milano&#8221;,&#8221;content&#8221;:&#8221;<\/p>\n<p><strong>Secondo fonti Figc<\/strong>, la procura federale ha chiesto stamattina gli atti al pm milanese, prima ancora della sollecitazione della Procura generale del Coni (la massima autorit\u00e0 inquirente dello sport). Le stesse fonti spiegano che<strong> l&#8217;archiviazione riguardava l&#8217;unico punto dell&#8217;esposto arrivato in procura &#8211; Udinese-Parma<\/strong> &#8211; e avvenne con l&#8217;ok della Procura Coni. Ma non gli altri due (le designazioni di due gare dell\u2019Inter)<\/p>\n<p>&#8220;,&#8221;postId&#8221;:&#8221;48d2e104-04ac-4718-9e12-90e45b485d48&#8243;,&#8221;postLink&#8221;:{&#8220;title&#8221;:&#8221;&#8221;,&#8221;url&#8221;:&#8221;&#8221;,&#8221;imageSrc&#8221;:&#8221;&#8221;}},{&#8220;timestamp&#8221;:&#8221;2026-04-25T17:30:56.561Z&#8221;,&#8221;timestampUtcIt&#8221;:&#8221;2026-04-25T19:30:56+0200&#8243;,&#8221;altBackground&#8221;:false,&#8221;title&#8221;:&#8221;Ansa: Procura generale dello sport chiede relazione a quella Figc&#8221;,&#8221;content&#8221;:&#8221;<\/p>\n<p>Il capo della Procura generale dello Sport <strong>Ugo Taucer <\/strong>ha appena chiesto a <strong>Giuseppe Chin\u00e8<\/strong>, r<strong>esponsabile della Procura della Federcalcio che archivi\u00f2 gli atti trasmessi dall&#8217;Aia <\/strong>sulla vicenda per la quale oggi \u00e8 stato indagato il designatore arbitrale Gianluca Rocchi, <strong>una relazione immediata<\/strong>. Lo apprende ANSA da fonti Coni.\u00a0<\/p>\n<p>&#8220;,&#8221;postId&#8221;:&#8221;92f4fd16-c7b7-462d-8041-843cbc7be972&#8243;,&#8221;postLink&#8221;:{&#8220;title&#8221;:&#8221;&#8221;,&#8221;url&#8221;:&#8221;&#8221;,&#8221;imageSrc&#8221;:&#8221;&#8221;}},{&#8220;timestamp&#8221;:&#8221;2026-04-25T17:28:46.781Z&#8221;,&#8221;timestampUtcIt&#8221;:&#8221;2026-04-25T19:28:46+0200&#8243;,&#8221;altBackground&#8221;:false,&#8221;title&#8221;:&#8221;Abodi: \\&#8221;Grave gestione della denuncia, se responsabilit\u00e0 ci saranno conseguenze\\&#8221;&#8221;,&#8221;content&#8221;:&#8221;<\/p>\n<p>\\&#8221;Mi aspetto di ricevere formalmente dal Coni, prima possibile, informazioni in merito alla vicenda. Nel caso in cui fossero accertate responsabilit\u00e0, non potranno non esserci conseguenze\\&#8221;. Cos\u00ec il <strong>ministro dello sport Andrea Abodi <\/strong>\u00a0interviene con un post X sull&#8217;indagine della Procura di Milano su Gianluca Rocchi. \\&#8221;<strong>L&#8217;aspetto pi\u00f9 grave che emerge<\/strong> &#8211; scrive Abodi &#8211; <strong>\u00e8 il modo in cui la stessa denuncia sia stata gestita all&#8217;interno del sistema calcistico<\/strong>. Finora nessun riscontro pubblico, cos\u00ec come non sappiamo chi abbia ricevuto la denuncia e quale organo sia stato investito della questione per verificarne la sussistenza\\&#8221;\u00a0<\/p>\n<p>\\n&#8221;,&#8221;social&#8221;:{&#8220;socialType&#8221;:&#8221;twitter&#8221;,&#8221;src&#8221;:&#8221;https:\/\/twitter.com\/andreaabodi\/status\/2048077698984034607&#8243;,&#8221;cookieAllowed&#8221;:true},&#8221;postId&#8221;:&#8221;acc2d053-c6b5-4c6a-bceb-71f5180a3eeb&#8221;,&#8221;postLink&#8221;:{&#8220;title&#8221;:&#8221;&#8221;,&#8221;url&#8221;:&#8221;&#8221;,&#8221;imageSrc&#8221;:&#8221;&#8221;}},{&#8220;timestamp&#8221;:&#8221;2026-04-25T17:26:16.551Z&#8221;,&#8221;timestampUtcIt&#8221;:&#8221;2026-04-25T19:26:16+0200&#8243;,&#8221;altBackground&#8221;:false,&#8221;title&#8221;:&#8221;Riunito Comitato Nazionale Aia &#8220;,&#8221;content&#8221;:&#8221;<\/p>\n<p>l Comitato Nazionale dell&#8217;Associazione Italiana Arbitri (AIA), \u00a0l&#8217;organo di vertice amministrativo e strategico dell&#8217;associazione, \u00e8 <strong>riunito per valutare la posizione del designatore Rocchi <\/strong>dopo la notizia dell&#8217;indagine in corso da parte della procura di Milano.<\/p>\n<p>&#8220;,&#8221;postId&#8221;:&#8221;c94e2406-7b1e-44f4-99c3-ce09b6b09df0&#8243;,&#8221;postLink&#8221;:{&#8220;title&#8221;:&#8221;&#8221;,&#8221;url&#8221;:&#8221;&#8221;,&#8221;imageSrc&#8221;:&#8221;&#8221;}},{&#8220;timestamp&#8221;:&#8221;2026-04-25T17:22:40.729Z&#8221;,&#8221;timestampUtcIt&#8221;:&#8221;2026-04-25T19:22:40+0200&#8243;,&#8221;altBackground&#8221;:false,&#8221;title&#8221;:&#8221;Rocchi: \\&#8221;Ho agito sempre correttamente&#8221;,&#8221;content&#8221;:&#8221;<\/p>\n<p>\\&#8221;Questa mattina ho ricevuto un avviso di garanzia. \u00a0Sono sicuro di aver agito sempre correttamente ed ho piena fiducia nella magistratura\\&#8221;. Queste le <strong>parole del designatore Rocchi riportate dall&#8217;agenzia ANSA<\/strong>.\u00a0<\/p>\n<p>&#8220;,&#8221;postId&#8221;:&#8221;ce93f8d6-fedf-48b6-ac11-fcfff9a3a1a8&#8243;,&#8221;postLink&#8221;:{&#8220;title&#8221;:&#8221;&#8221;,&#8221;url&#8221;:&#8221;&#8221;,&#8221;imageSrc&#8221;:&#8221;&#8221;}},{&#8220;timestamp&#8221;:&#8221;2026-04-25T17:21:00.649Z&#8221;,&#8221;timestampUtcIt&#8221;:&#8221;2026-04-25T19:21:00+0200&#8243;,&#8221;altBackground&#8221;:false,&#8221;title&#8221;:&#8221;Il caso Udinese-Parma e l&#8217;archiviazione della Procura Figc&#8221;,&#8221;content&#8221;:&#8221;<\/p>\n<p>L&#8217;episodio di Udinese-Parma del 2025 <strong>era stato gi\u00e0 denunciato dall&#8217;ex assistente Domenico Rocca<\/strong>, che circa un anno fa scrisse una lettera all&#8217;AIA rivelando <strong>presunte pressioni del designatore Rocchi<\/strong> e della sua commissione sui Var impegnati nelle sale di Lissone. <strong>L&#8217;Aia segnal\u00f2 subito alla Procura Figc che per\u00f2 archivi\u00f2 il caso.<\/strong><\/p>\n<p>&#8220;,&#8221;postId&#8221;:&#8221;308ed1ea-9005-4c7c-bf0b-75bb5c6a5043&#8243;,&#8221;postLink&#8221;:{&#8220;title&#8221;:&#8221;&#8221;,&#8221;url&#8221;:&#8221;&#8221;,&#8221;imageSrc&#8221;:&#8221;&#8221;}},{&#8220;timestamp&#8221;:&#8221;2026-04-25T17:20:51.877Z&#8221;,&#8221;timestampUtcIt&#8221;:&#8221;2026-04-25T19:20:51+0200&#8243;,&#8221;altBackground&#8221;:false,&#8221;title&#8221;:&#8221;I capi di imputazione &#8220;,&#8221;content&#8221;:&#8221;<\/p>\n<p><strong>Secondo l\u2019agenzia AGI<\/strong>, sono <strong>tre i capi d&#8217;imputazione <\/strong>nell&#8217;avviso di garanzia:<\/p>\n<p>\\n<\/p>\n<ol>\\n  <\/p>\n<li>Avrebbe <strong>combinato la designazione dell\u2019arbitro Colombo <\/strong>per la partita <strong>Bologna-Inter dell\u2019aprile 2025<\/strong>, perch\u00e9 secondo i pm era arbitro gradito all\u2019Inter.<\/li>\n<p>\\n  <\/p>\n<li>Avrebbe <strong>orientato la designazione dell\u2019arbitro Doveri per la semifinale di Coppa Italia tra Milan e Inter<\/strong> , in modo da evitare per le partite successive e decisive, la designazione dello stesso arbitro ritenuto poco gradito all\u2019Inter.<\/li>\n<p>\\n  <\/p>\n<li>In occasione della partita <strong>Udinese-Parma del marzo 2025 <\/strong>avrebbe <strong>violato il protocollo Var<\/strong>, che prevede la totale autonomia delle sale Var, <strong>inducendo la chiamata all\u2019On Field Review dell\u2019arbitro Maresca<\/strong> ai fini dell\u2019assegnazione del rigore a vantaggio dell\u2019Udinese.<\/li>\n<p>\\n<\/ol>\n<p>&#8220;,&#8221;postId&#8221;:&#8221;7994c214-ac81-457f-a6d3-c423b0c21e60&#8243;,&#8221;postLink&#8221;:{&#8220;title&#8221;:&#8221;&#8221;,&#8221;url&#8221;:&#8221;&#8221;,&#8221;imageSrc&#8221;:&#8221;&#8221;}},{&#8220;timestamp&#8221;:&#8221;2026-04-25T17:16:50.481Z&#8221;,&#8221;timestampUtcIt&#8221;:&#8221;2026-04-25T19:16:50+0200&#8243;,&#8221;altBackground&#8221;:false,&#8221;title&#8221;:&#8221;Legale Rocchi: \\&#8221;Contesta addebiti, \u00e8 persona seria e corretta\\&#8221;&#8221;,&#8221;content&#8221;:&#8221;<\/p>\n<p>\\&#8221;Conosco il signor Rocchi da anni, \u00e8 <strong>una persona seria e corretta<\/strong>\\&#8221;. Lo ha affermato all&#8217;ANSA <strong>l&#8217;avvocato Antonio D&#8217;Avirro<\/strong>, del foro di Firenze, che difende il designatore arbitrale Gianluca Rocchi. \\&#8221;Al momento non posso fare dichiarazioni, perch\u00e9 devo studiare le carte &#8211; aggiunge il legale &#8211; Posso per\u00f2 dire che il mio assistito, con cui ho parlato, <strong>contesta quel che gli viene addebitato<\/strong> nell&#8217;invito a comparire\\&#8221;.<\/p>\n<p>&#8220;,&#8221;postId&#8221;:&#8221;14654d9d-77d9-49a8-9a69-e2965768e777&#8243;,&#8221;postLink&#8221;:{&#8220;title&#8221;:&#8221;&#8221;,&#8221;url&#8221;:&#8221;&#8221;,&#8221;imageSrc&#8221;:&#8221;&#8221;}},{&#8220;timestamp&#8221;:&#8221;2026-04-25T17:15:14.803Z&#8221;,&#8221;timestampUtcIt&#8221;:&#8221;2026-04-25T19:15:14+0200&#8243;,&#8221;altBackground&#8221;:false,&#8221;title&#8221;:&#8221;Designatore Rocchi indagato per concorso in frode sportiva&#8221;,&#8221;content&#8221;:&#8221;<\/p>\n<p>Il designatore degli arbitri di serie A e B, <strong>Gianluca Rocchi<\/strong>, \u00e8 <strong>indagato <\/strong>dalla Procura di Milano per <strong>concorso in frode sportiva<\/strong>. L&#8217;<strong>interrogatorio di garanzia<\/strong> \u00e8 stato fissato per il gioved\u00ec <strong>30 aprile<\/strong> alle 10.<\/p>\n<p>&#8220;,&#8221;postId&#8221;:&#8221;fadad35d-4a56-477b-b4bb-0e5d0e727e7e&#8221;,&#8221;postLink&#8221;:{&#8220;title&#8221;:&#8221;&#8221;,&#8221;url&#8221;:&#8221;&#8221;,&#8221;imageSrc&#8221;:&#8221;&#8221;}}]}&#8221; query='{&#8220;configurationName&#8221;:&#8221;LIVEBLOG_CONTAINER_WIDGET&#8221;,&#8221;liveblogId&#8221;:&#8221;efcabcb6-b13f-450b-96ae-f6d9ffd02310&#8243;,&#8221;tenant&#8221;:&#8221;sport&#8221;,&#8221;limit&#8221;:800}&#8217; config='{&#8220;live&#8221;:true,&#8221;isWebView&#8221;:false,&#8221;postsPerPageMobile&#8221;:10,&#8221;postsPerPageDesktop&#8221;:10}&#8217;&gt;<br \/>\n          Gianluca Rocchi (designatore A e B) indagato per concorso in frode sportiva<img decoding=\"async\" src=\"https:\/\/www.europesays.com\/it\/wp-content\/uploads\/2026\/04\/cir.jpg\" alt=\"rocchi indagato, i capi d'imputazione\" loading=\"lazy\"\/>Leggi di pi\u00f9 <\/p>\n<p>meno di un minuto fa<\/p>\n<p>Indagato anche il supervisore Var Gervasoni<\/p>\n<p>Il <strong>supervisore Var Andrea Gervasoni <\/strong>\u00e8 indagato in &#8220;concorso con altre persone&#8221; per frode sportiva nell&#8217;inchiesta della Procura di Milano. Nell&#8217;<strong>avviso di garanzia letto dall&#8217;agenzia AGI<\/strong> che gli \u00e8 stato notificato ieri sera, si legge che &#8220;durante lo svolgimento della partita Salernitana-Modena con la concessione del calcio di rigore a favore della squadra emiliana da parte del direttore di gara Antonio Giuia incalzava e sollecitava l&#8217;addetto Var Luigi Nasca affinche&#8217; questi richiamasse Giuia all&#8221;on field review&#8217; ai fini della decisione iniziale sull&#8217;episodio di gioco&#8221;.<strong> I fatti risalgono all&#8217;8 marzo 2025<\/strong>.\u00a0<\/p>\n<p>Leggi di pi\u00f9 <\/p>\n<p>15 minuti fa<\/p>\n<p>Rocchi: &#8220;Mi autosospendo, torner\u00f2 pi\u00f9 forte di prima&#8221; <\/p>\n<p>&#8220;In merito alla vicenda odierna, in accordo con l&#8217;Aia e per il bene del gruppo CAN che deve poter operare nella massima serenit\u00e0, ho deciso di autosospendermi, con decorrenza immediata, dal ruolo di responsabile Can&#8221;.<strong> L&#8217;annuncio di Gianluca Rocchi arriva con una dichiarazione all&#8217;ANSA.<\/strong> &#8220;Questa scelta, sofferta, difficile ma condivisa con la mia \u00a0famiglia \u00a0&#8211; prosegue il designatore arbitrale, indagato dalla procura di Milano per concorso in frode sportiva -, vuole permettere un corretto decorso della fase giudiziale, da cui <strong>sono certo uscir\u00f2 indenne e pi\u00f9 forte di prima<\/strong>&#8220;.\u00a0<\/p>\n<p>Leggi di pi\u00f9 <\/p>\n<p>27 minuti fa<\/p>\n<p>Rocchi indagato, il commento di Paolo Cond\u00f2<\/p>\n<p>20:15<\/p>\n<p>Procura Figc chieda atti a Procura Milano<\/p>\n<p><strong>Secondo fonti Figc<\/strong>, la procura federale ha chiesto stamattina gli atti al pm milanese, prima ancora della sollecitazione della Procura generale del Coni (la massima autorit\u00e0 inquirente dello sport). Le stesse fonti spiegano che<strong> l&#8217;archiviazione riguardava l&#8217;unico punto dell&#8217;esposto arrivato in procura &#8211; Udinese-Parma<\/strong> &#8211; e avvenne con l&#8217;ok della Procura Coni. Ma non gli altri due (le designazioni di due gare dell\u2019Inter)<\/p>\n<p>19:30<\/p>\n<p>Ansa: Procura generale dello sport chiede relazione a quella Figc<\/p>\n<p>Il capo della Procura generale dello Sport <strong>Ugo Taucer <\/strong>ha appena chiesto a <strong>Giuseppe Chin\u00e8<\/strong>, r<strong>esponsabile della Procura della Federcalcio che archivi\u00f2 gli atti trasmessi dall&#8217;Aia <\/strong>sulla vicenda per la quale oggi \u00e8 stato indagato il designatore arbitrale Gianluca Rocchi, <strong>una relazione immediata<\/strong>. Lo apprende ANSA da fonti Coni.\u00a0<\/p>\n<p>19:28<\/p>\n<p>Abodi: &#8220;Grave gestione della denuncia, se responsabilit\u00e0 ci saranno conseguenze&#8221;<\/p>\n<p>&#8220;Mi aspetto di ricevere formalmente dal Coni, prima possibile, informazioni in merito alla vicenda. Nel caso in cui fossero accertate responsabilit\u00e0, non potranno non esserci conseguenze&#8221;. Cos\u00ec il <strong>ministro dello sport Andrea Abodi <\/strong>\u00a0interviene con un post X sull&#8217;indagine della Procura di Milano su Gianluca Rocchi. &#8220;<strong>L&#8217;aspetto pi\u00f9 grave che emerge<\/strong> &#8211; scrive Abodi &#8211; <strong>\u00e8 il modo in cui la stessa denuncia sia stata gestita all&#8217;interno del sistema calcistico<\/strong>. Finora nessun riscontro pubblico, cos\u00ec come non sappiamo chi abbia ricevuto la denuncia e quale organo sia stato investito della questione per verificarne la sussistenza&#8221;\u00a0<\/p>\n<p>19:26<\/p>\n<p>Riunito Comitato Nazionale Aia <\/p>\n<p>l Comitato Nazionale dell&#8217;Associazione Italiana Arbitri (AIA), \u00a0l&#8217;organo di vertice amministrativo e strategico dell&#8217;associazione, \u00e8 <strong>riunito per valutare la posizione del designatore Rocchi <\/strong>dopo la notizia dell&#8217;indagine in corso da parte della procura di Milano.<\/p>\n<p>19:22<\/p>\n<p>Rocchi: &#8220;Ho agito sempre correttamente<\/p>\n<p>&#8220;Questa mattina ho ricevuto un avviso di garanzia. \u00a0Sono sicuro di aver agito sempre correttamente ed ho piena fiducia nella magistratura&#8221;. Queste le <strong>parole del designatore Rocchi riportate dall&#8217;agenzia ANSA<\/strong>.\u00a0<\/p>\n<p>19:21<\/p>\n<p>Il caso Udinese-Parma e l&#8217;archiviazione della Procura Figc<\/p>\n<p>L&#8217;episodio di Udinese-Parma del 2025 <strong>era stato gi\u00e0 denunciato dall&#8217;ex assistente Domenico Rocca<\/strong>, che circa un anno fa scrisse una lettera all&#8217;AIA rivelando <strong>presunte pressioni del designatore Rocchi<\/strong> e della sua commissione sui Var impegnati nelle sale di Lissone. <strong>L&#8217;Aia segnal\u00f2 subito alla Procura Figc che per\u00f2 archivi\u00f2 il caso.<\/strong><\/p>\n<p>19:20<\/p>\n<p>I capi di imputazione <\/p>\n<p><strong>Secondo l\u2019agenzia AGI<\/strong>, sono <strong>tre i capi d&#8217;imputazione <\/strong>nell&#8217;avviso di garanzia:<\/p>\n<ol>\n<li>Avrebbe <strong>combinato la designazione dell\u2019arbitro Colombo <\/strong>per la partita <strong>Bologna-Inter dell\u2019aprile 2025<\/strong>, perch\u00e9 secondo i pm era arbitro gradito all\u2019Inter.<\/li>\n<li>Avrebbe <strong>orientato la designazione dell\u2019arbitro Doveri per la semifinale di Coppa Italia tra Milan e Inter<\/strong> , in modo da evitare per le partite successive e decisive, la designazione dello stesso arbitro ritenuto poco gradito all\u2019Inter.<\/li>\n<li>In occasione della partita <strong>Udinese-Parma del marzo 2025 <\/strong>avrebbe <strong>violato il protocollo Var<\/strong>, che prevede la totale autonomia delle sale Var, <strong>inducendo la chiamata all\u2019On Field Review dell\u2019arbitro Maresca<\/strong> ai fini dell\u2019assegnazione del rigore a vantaggio dell\u2019Udinese.<\/li>\n<\/ol>\n<p>Leggi di pi\u00f9 <\/p>\n<p>19:16<\/p>\n<p>Legale Rocchi: &#8220;Contesta addebiti, \u00e8 persona seria e corretta&#8221;<\/p>\n<p>&#8220;Conosco il signor Rocchi da anni, \u00e8 <strong>una persona seria e corretta<\/strong>&#8220;. Lo ha affermato all&#8217;ANSA <strong>l&#8217;avvocato Antonio D&#8217;Avirro<\/strong>, del foro di Firenze, che difende il designatore arbitrale Gianluca Rocchi. &#8220;Al momento non posso fare dichiarazioni, perch\u00e9 devo studiare le carte &#8211; aggiunge il legale &#8211; Posso per\u00f2 dire che il mio assistito, con cui ho parlato, <strong>contesta quel che gli viene addebitato<\/strong> nell&#8217;invito a comparire&#8221;.<\/p>\n<p>19:15<\/p>\n<p>Designatore Rocchi indagato per concorso in frode sportiva<\/p>\n<p>Il designatore degli arbitri di serie A e B, <strong>Gianluca Rocchi<\/strong>, \u00e8 <strong>indagato <\/strong>dalla Procura di Milano per <strong>concorso in frode sportiva<\/strong>. L&#8217;<strong>interrogatorio di garanzia<\/strong> \u00e8 stato fissato per il gioved\u00ec <strong>30 aprile<\/strong> alle 10.<\/p>\n<p>      <script async src=\"https:\/\/platform.twitter.com\/widgets.js\" charset=\"utf-8\"><\/script><\/p>\n","protected":false},"excerpt":{"rendered":"Il supervisore Var Andrea Gervasoni \u00e8 indagato in \\&#8221;concorso con altre persone\\&#8221; per frode sportiva nell&#8217;inchiesta della Procura&hellip;\n","protected":false},"author":3,"featured_media":460794,"comment_status":"","ping_status":"","sticky":false,"template":"","format":"standard","meta":{"footnotes":"","_share_on_mastodon":"0"},"categories":[6],"tags":[29372,14,84189,8,1537,90,89,7,15,82,9,83,10,13,11,80,84,12,81,85],"class_list":["post-460793","post","type-post","status-publish","format-standard","has-post-thumbnail","category-ultime-notizie","tag-arbitri","tag-cronaca","tag-gianluca-rocchi","tag-headlines","tag-it","tag-italia","tag-italy","tag-news","tag-notizie","tag-notizie-di-cronaca","tag-notizie-principali","tag-notiziedicronaca","tag-notizieprincipali","tag-titoli","tag-ultime-notizie","tag-ultime-notizie-di-cronaca","tag-ultime-notizie-e-news-di-oggi","tag-ultimenotizie","tag-ultimenotiziedicronaca","tag-ultimenotizieenewsdioggi"],"share_on_mastodon":{"url":"https:\/\/pubeurope.com\/@it\/116467075953020857","error":""},"_links":{"self":[{"href":"https:\/\/www.europesays.com\/it\/wp-json\/wp\/v2\/posts\/460793","targetHints":{"allow":["GET"]}}],"collection":[{"href":"https:\/\/www.europesays.com\/it\/wp-json\/wp\/v2\/posts"}],"about":[{"href":"https:\/\/www.europesays.com\/it\/wp-json\/wp\/v2\/types\/post"}],"author":[{"embeddable":true,"href":"https:\/\/www.europesays.com\/it\/wp-json\/wp\/v2\/users\/3"}],"replies":[{"embeddable":true,"href":"https:\/\/www.europesays.com\/it\/wp-json\/wp\/v2\/comments?post=460793"}],"version-history":[{"count":0,"href":"https:\/\/www.europesays.com\/it\/wp-json\/wp\/v2\/posts\/460793\/revisions"}],"wp:featuredmedia":[{"embeddable":true,"href":"https:\/\/www.europesays.com\/it\/wp-json\/wp\/v2\/media\/460794"}],"wp:attachment":[{"href":"https:\/\/www.europesays.com\/it\/wp-json\/wp\/v2\/media?parent=460793"}],"wp:term":[{"taxonomy":"category","embeddable":true,"href":"https:\/\/www.europesays.com\/it\/wp-json\/wp\/v2\/categories?post=460793"},{"taxonomy":"post_tag","embeddable":true,"href":"https:\/\/www.europesays.com\/it\/wp-json\/wp\/v2\/tags?post=460793"}],"curies":[{"name":"wp","href":"https:\/\/api.w.org\/{rel}","templated":true}]}}