{"id":460953,"date":"2026-04-25T22:12:13","date_gmt":"2026-04-25T22:12:13","guid":{"rendered":"https:\/\/www.europesays.com\/it\/460953\/"},"modified":"2026-04-25T22:12:13","modified_gmt":"2026-04-25T22:12:13","slug":"domenica-rischio-caos-a-genova-chiusure-e-divieti-per-giro-dellappennino-fiera-di-santa-zita-e-genoa-como-primocanale-it","status":"publish","type":"post","link":"https:\/\/www.europesays.com\/it\/460953\/","title":{"rendered":"Domenica rischio caos a Genova: chiusure e divieti per Giro dell&#8217;Appennino, Fiera di Santa Zita e Genoa-Como &#8211; Primocanale.it"},"content":{"rendered":"<p>\t\t\t\t\t\t<img loading=\"lazy\" decoding=\"async\" title=\"\" src=\"https:\/\/www.primocanale.it\/images\/webp_images\/schermata20260425alle13.19.11p26415.webp\" alt=\"\" itemprop=\"image\" class=\"img-fluid jch-lazyload\" width=\"560\" height=\"325\"\/><\/p>\n<p>Genova si prepara a vivere una domenica ad alta intensit\u00e0, tra sport, tradizione e grandi eventi. Il\u00a026 aprile\u00a0si preannuncia iper\u00f2 una giornata complessa sul fronte della viabilit\u00e0, con inevitabili ripercussioni sul traffico cittadino.<\/p>\n<p>A incidere sar\u00e0 innanzitutto l\u201987\u00aa edizione del <strong>Giro dell\u2019Appennino<\/strong>, storica competizione ciclistica che attraverser\u00e0 diversi quartieri cittadini a partire dalle prime ore del pomeriggio. Per consentire il regolare svolgimento della gara, il Comune ha disposto una serie di chiusure temporanee e modifiche alla circolazione che interesseranno in particolare Pontedecimo, Bolzaneto, Cornigliano, Sampierdarena e la Foce. Previsti anche divieti di sosta lungo il percorso.<\/p>\n<p>Partenza da Arquata Scrivia alle 11:15, poi la comitiva entrer\u00e0 in Liguria: la Castagnola (tra le 12:30 e le 12:45), i Giovi (13:45-14 circa) e la Crocetta d\u2019Orero (14:25-14:45). Poi ecco la Bocchetta, Pietralavezzara (15-15:30 circa), Isoverde, la salita della Guardia (15:30-16 circa) e poi discesa verso Genova con l&#8217;arrivo, dopo aver percorso la Sopraelevata l&#8217;arrivo in corso Marconi tra le 16 e le 16:30.<\/p>\n<p>La Sopraelevata verr\u00e0 chiusa dalle 14.30 alle 17.30 circa mentre dalle 15 chiusura della Guido Rossa direzione Levante e lungomare Canepa sempre lato a mare.<\/p>\n<p>Sempre nella zona della Foce si svolger\u00e0 la tradizionale <strong>Fiera di Santa Zita<\/strong>, appuntamento molto atteso che richiama ogni anno migliaia di visitatori nella zona tra piazza Paolo da Novi, via della Libert\u00e0, via della Libert\u00e0 e via Pisacane. Gi\u00e0 dalla mezzanotte scatteranno i divieti di sosta con rimozione forzata in diverse vie dell\u2019area: via di Santa Zita (tra piazza Paolo da Novi e via Antonini), piazza Paolo da Novi, via Bianchi, via Siria, via della Libert\u00e0 (tra via Barabino e piazza Paolo da Novi), via Pisacane e via Antonini. Una misura necessaria per consentire l\u2019allestimento e lo svolgimento in sicurezza della manifestazione.<\/p>\n<p>Per consentire il corretto svolgimento della Fiera e delle funzioni religiose, sono state apportate le seguenti modifiche alla viabilit\u00e0 e alla sosta:<\/p>\n<ul>&#13;<\/p>\n<li data-list-item-id=\"e4e077942c9e02f4dd4599991afc53235\">divieto di sosta con rimozione forzata e del divieto di circolazione (per tutti i veicoli, a eccezione di quelli destinati allo svolgimento della manifestazione e limitatamente a tali attivit\u00e0), dalle ore 00:01 alle ore 23:59 del 26 aprile e comunque sino a cessate esigenze, nelle seguenti vie interessate dal posizionamento dei banchi della Fiera<\/li>\n<p>&#13;<\/p>\n<li data-list-item-id=\"eec2c623c65a117e8ffb9189781c080c5\">via Santa Zita (tratto compreso tra piazza Paolo da Novi e via Antonini)<br \/>piazza Paolo da Novi<br \/>via Bianchi<br \/>via Siria<br \/>via della Libert\u00e0 (tratto compreso tra via Barabino e piazza Paolo da Novi);<br \/>via Pisacane (tratto compreso tra via della Libert\u00e0 e via Cipro)<br \/>via Pisacane (tratto compreso tra corso Torino e via della Libert\u00e0).<\/li>\n<p>&#13;\n<\/ul>\n<p>A completare il quadro, l\u2019evento allo stadio Luigi Ferraris, dove andr\u00e0 alle 15 in scena la sfida di Serie A tra <strong>Genoa e Como<\/strong>. Il match si giocher\u00e0 in un impianto sold out, con circa 32mila spettatori attesi, e comporter\u00e0 ulteriori criticit\u00e0 soprattutto nelle zone limitrofe allo stadio e lungo le principali direttrici di accesso.<\/p>\n<p>Tra ciclismo, fiera e calcio, Genova si trover\u00e0 dunque a gestire una\u00a0domenica\u00a0particolarmente delicata sotto il profilo logistico. Ovviamente l&#8217;invito \u00e8 quello di pianificare per tempo il tragitto e mettere in conto eventuali problemi legati al traffico.<\/p>\n","protected":false},"excerpt":{"rendered":"Genova si prepara a vivere una domenica ad alta intensit\u00e0, tra sport, tradizione e grandi eventi. Il\u00a026 aprile\u00a0si&hellip;\n","protected":false},"author":3,"featured_media":460954,"comment_status":"","ping_status":"","sticky":false,"template":"","format":"standard","meta":{"footnotes":"","_share_on_mastodon":"0"},"categories":[1456],"tags":[2185,1824,1825,257692,14162,1537,90,89,257691,245,244],"class_list":["post-460953","post","type-post","status-publish","format-standard","has-post-thumbnail","category-ciclismo","tag-appennino","tag-ciclismo","tag-cycling","tag-genoa-como","tag-genova","tag-it","tag-italia","tag-italy","tag-santa-zita","tag-sport","tag-sports"],"share_on_mastodon":{"url":"https:\/\/pubeurope.com\/@it\/116467646569719568","error":""},"_links":{"self":[{"href":"https:\/\/www.europesays.com\/it\/wp-json\/wp\/v2\/posts\/460953","targetHints":{"allow":["GET"]}}],"collection":[{"href":"https:\/\/www.europesays.com\/it\/wp-json\/wp\/v2\/posts"}],"about":[{"href":"https:\/\/www.europesays.com\/it\/wp-json\/wp\/v2\/types\/post"}],"author":[{"embeddable":true,"href":"https:\/\/www.europesays.com\/it\/wp-json\/wp\/v2\/users\/3"}],"replies":[{"embeddable":true,"href":"https:\/\/www.europesays.com\/it\/wp-json\/wp\/v2\/comments?post=460953"}],"version-history":[{"count":0,"href":"https:\/\/www.europesays.com\/it\/wp-json\/wp\/v2\/posts\/460953\/revisions"}],"wp:featuredmedia":[{"embeddable":true,"href":"https:\/\/www.europesays.com\/it\/wp-json\/wp\/v2\/media\/460954"}],"wp:attachment":[{"href":"https:\/\/www.europesays.com\/it\/wp-json\/wp\/v2\/media?parent=460953"}],"wp:term":[{"taxonomy":"category","embeddable":true,"href":"https:\/\/www.europesays.com\/it\/wp-json\/wp\/v2\/categories?post=460953"},{"taxonomy":"post_tag","embeddable":true,"href":"https:\/\/www.europesays.com\/it\/wp-json\/wp\/v2\/tags?post=460953"}],"curies":[{"name":"wp","href":"https:\/\/api.w.org\/{rel}","templated":true}]}}