{"id":461137,"date":"2026-04-26T01:06:12","date_gmt":"2026-04-26T01:06:12","guid":{"rendered":"https:\/\/www.europesays.com\/it\/461137\/"},"modified":"2026-04-26T01:06:12","modified_gmt":"2026-04-26T01:06:12","slug":"hellas-verona-lecce-0-a-0-tanti-errori-occasioni-sporadiche-e-brivido-finale","status":"publish","type":"post","link":"https:\/\/www.europesays.com\/it\/461137\/","title":{"rendered":"Hellas Verona-Lecce 0 a 0. Tanti errori, occasioni sporadiche e brivido finale"},"content":{"rendered":"<p style=\"text-align:justify;\">VERONA &#8211; Per il Lecce un punto che basta a lasciarsi dietro la Cremonese, ma anche la consapevolezza che venerd\u00ec sera, a Pisa, servir\u00e0 probabilmente qualcosa di pi\u00f9 per raccogliere un altro risultato positivo dopo i pareggi con Fiorentina e, oggi, con il Verona.\u00a0<\/p>\n<p>Primo tempo da dimenticare<\/p>\n<p style=\"text-align:justify;\">Si fa fatica a ricordare un primo tempo cos\u00ec piatto dal punto di vista tecnico: poche idee, tanti errori in una gara difficilmente associabile alla massima categoria. Il Lecce, privo di Tiago Gabriel per squalifica, ritrova Jean in buone condizioni: certo, il rientro del marcatore francese \u00e8 agevolato da avversari che non si distinguono n\u00e9 per capacit\u00e0 realizzativa, n\u00e9 per un particolare peso specifico in area di rigore. La squadra di Di Francesco si affida esclusivamente ai lanci lunghi ma Stulic \u00e8 impalpabile, Gandelman resta ai margini della partita e Banda, quando gli arriva palla, finisce sempre per girare su se stesso. Pierotti \u00e8 quello che, tutto sommato, se la cava meglio.<\/p>\n<p style=\"text-align:justify;\">Qualcosa in pi\u00f9 la fa vedere il Verona che gioca orgogliosamente aggrappato all\u2019idea di rimandare la retrocessione e in una circostanza, al 16\u2019, Falcone \u00e8 chiamato al doppio intervento, prima su Belghali, col piede, poi sul successivo tentativo di Akpa-Akpro, respingendo con il volto. Il Lecce si rende insidioso solo mezza volta, grazie a un malinteso tra Frese e Montip\u00f2: debole il retropassaggio i, ma il portiere riesce ad anticipare Pierotti che aveva fiutato la possibilit\u00e0.<\/p>\n<p>Secondo tempo: adrenalina nel recupero<\/p>\n<p style=\"text-align:justify;\">Nella ripresa l&#8217;inerzia della gara si sposta leggermente dalla parte degli ospiti, pi\u00f9 per fiammate episodiche che per una dinamica di predominio da parte giallorossa: al 74\u2019 un tiro cross di Banda viene smanacciato in corner da Montip\u00f2 che al 79\u2019, ben appostato sul primo palo, respinge un tiro di Cheddira entrato al minuto 60 per Stulic (Ngom per Gandelman \u00e8 l\u2019altra sostituzione).<\/p>\n<p style=\"text-align:justify;\">Nel recupero la partita registra il picco di adrenalina prima per una deviazione provvidenziale di Nelsson su un tentativo ravvicinato di Camarda (dal minuto 90 in campo per Pierotti) poi per il gol annullato a Edmundsson che colpisce di testa anticipando Falcone. Il direttore di gara, Massa, convalida la marcatura ma poi viene richiamato dalla sala Var: la revisione al monitor convince quasi subito l\u2019arbitro di aver commesso un errore e il match si conclude a reti inviolate.\u00a0<\/p>\n<p>Il tabellino di Hellas Verona-Lecce 0 a 0<\/p>\n<p style=\"text-align:justify;\">HELLAS VERONA (3-5-2): Montip\u00f2; Nelsson, Bella-Kotchap (51\u2019 Valentini), Edmundsson; Belghali (87\u2019 Lirola), Akpa-Akpro (62\u2019 Saar), Gagliardini, Bernede (87\u2019 Vermesan), Frese; Suslov (62\u2019 Lovric), Bowie. Allenatore: Sammarco<\/p>\n<p style=\"text-align:justify;\">LECCE (4-2-3-1): Falcone; Veiga, Jean, Siebert, Gallo; Ramadani, Coulibaly; Pierotti (90\u2019 Camarda), Gandelman (60\u2019 Ngom), Banda (80\u2019 N\u2019Dri); Stulic (60\u2019 Cheddira). Allenatore: Di Francesco<\/p>\n<p style=\"text-align:justify;\">Ammoniti: 12\u2019 Coulibaly, 52\u2019 Akpa-Akpro, 67\u2019 Ramadani, 82\u2019 Valentini, 86\u2019 Cheddira, 93 N\u2019Dri, 97\u2019 Veiga<\/p>\n<p style=\"text-align:justify;\">Arbitro: Massa; assistenti: Meli e Alassio; quarto ufficiale: Mercenaro.<\/p>\n<p>Var: Di Paolo; assistente Var: Gariglio<\/p>\n<p>  &#13;<br \/>\n&#13;<br \/>\n  &lt;!?php if ( SF_DOMAIN == &#8216;citynews-bruxellestoday&#8217; || SF_DOMAIN == &#8216;citynews-cagliaritoday&#8217; || SF_DOMAIN == &#8216;citynews-sassaritoday&#8217; || SF_DOMAIN == &#8216;citynews-tarantotoday&#8217; || SF_DOMAIN == &#8216;citynews-viterbotoday&#8217; || SF_DOMAIN == &#8216;citynews-ferraratoday&#8217; ): ?&gt;&#13;<br \/>\n    &#13;<br \/>\n  &#13;<br \/>\n &lt;!?php endif; ?&gt;&#13;<br \/>\n&#13;<br \/>\n&#13;<br \/>\n&#13;<br \/>\n            &#13;<br \/>\n            &#13;<\/p>\n<p>         &#13;<br \/>\n  &#13;<br \/>\n    &#13;<br \/>\n      &#13;<br \/>\n    &#13;<br \/>\n    <strong>4<\/strong> minuti di lettura   &#13;<\/p>\n","protected":false},"excerpt":{"rendered":"VERONA &#8211; Per il Lecce un punto che basta a lasciarsi dietro la Cremonese, ma anche la consapevolezza&hellip;\n","protected":false},"author":3,"featured_media":461138,"comment_status":"","ping_status":"","sticky":false,"template":"","format":"standard","meta":{"footnotes":"","_share_on_mastodon":"0"},"categories":[176],"tags":[1932,257763,1537,90,89,245,244,21067,257762,257761],"class_list":["post-461137","post","type-post","status-publish","format-standard","has-post-thumbnail","category-sport","tag-classifica","tag-edmundsson-gol-annullato","tag-it","tag-italia","tag-italy","tag-sport","tag-sports","tag-tabellino","tag-verona-lecce-partita","tag-verona-lecce-risultato"],"share_on_mastodon":{"url":"https:\/\/pubeurope.com\/@it\/116468330323899633","error":""},"_links":{"self":[{"href":"https:\/\/www.europesays.com\/it\/wp-json\/wp\/v2\/posts\/461137","targetHints":{"allow":["GET"]}}],"collection":[{"href":"https:\/\/www.europesays.com\/it\/wp-json\/wp\/v2\/posts"}],"about":[{"href":"https:\/\/www.europesays.com\/it\/wp-json\/wp\/v2\/types\/post"}],"author":[{"embeddable":true,"href":"https:\/\/www.europesays.com\/it\/wp-json\/wp\/v2\/users\/3"}],"replies":[{"embeddable":true,"href":"https:\/\/www.europesays.com\/it\/wp-json\/wp\/v2\/comments?post=461137"}],"version-history":[{"count":0,"href":"https:\/\/www.europesays.com\/it\/wp-json\/wp\/v2\/posts\/461137\/revisions"}],"wp:featuredmedia":[{"embeddable":true,"href":"https:\/\/www.europesays.com\/it\/wp-json\/wp\/v2\/media\/461138"}],"wp:attachment":[{"href":"https:\/\/www.europesays.com\/it\/wp-json\/wp\/v2\/media?parent=461137"}],"wp:term":[{"taxonomy":"category","embeddable":true,"href":"https:\/\/www.europesays.com\/it\/wp-json\/wp\/v2\/categories?post=461137"},{"taxonomy":"post_tag","embeddable":true,"href":"https:\/\/www.europesays.com\/it\/wp-json\/wp\/v2\/tags?post=461137"}],"curies":[{"name":"wp","href":"https:\/\/api.w.org\/{rel}","templated":true}]}}