{"id":461215,"date":"2026-04-26T02:46:22","date_gmt":"2026-04-26T02:46:22","guid":{"rendered":"https:\/\/www.europesays.com\/it\/461215\/"},"modified":"2026-04-26T02:46:22","modified_gmt":"2026-04-26T02:46:22","slug":"serie-a-dinamo-sassari-reyer-venezia-79-98-per-i-lagunari-due-punti-importanti-per-la-corsa-al-terzo-posto-in-classifica","status":"publish","type":"post","link":"https:\/\/www.europesays.com\/it\/461215\/","title":{"rendered":"Serie A, Dinamo Sassari-Reyer Venezia 79-98: per i lagunari due punti importanti per la corsa al terzo posto in classifica"},"content":{"rendered":"<p>    di<br \/>\n    Matteo Valente<\/p>\n<p class=\"summary-art is-line-h-12\">La gara \u00e8 stata di fatto un vero e proprio monologo orogranata, che hanno impresso alla gara il proprio ritmo e una grande qualit\u00e0 di gioco<\/p>\n<p class=\"chapter-paragraph\">Una super <a href=\"https:\/\/corrieredelveneto.corriere.it\/notizie\/verona\/sport\/26_aprile_11\/reyer-brescia-74-89-orogranata-al-palo-perso-il-big-match-34ae00aa-1845-4bab-8c69-5e68622dcxlk.shtml\" title=\"Reyer-Brescia 74-89: orogranata al palo, perso il big match\" rel=\"nofollow noopener\" target=\"_blank\">Reyer <\/a>rialza la testa ed espugna di autorit\u00e0 il campo della <b>Dinamo Sassari 79-98.<\/b> Prestazione maiuscola dei ragazzi di <b>Neven Spahjia <\/b>che reagiscono al ko della scorsa settimana e ottengono due punti importanti per restare in corsa per il <b>terzo posto in classifica.<\/b> Un successo che porta la griffe del trio formato da Cole (18p), Parks (23p) e Wiltjier (22p), che assieme a un positivo Lever hanno permesso agli <b>orogranta <\/b>di <b>dominare <\/b>al PalaSerradimigni. Un risultato importante anche in chiave salvezza, perch\u00e9 grazie a questo risultato Venezia ha fatto un favore a Treviso: il ko di Sassari costa l\u2019ultimo posto alla Dinamo che se il campionato fosse finito oggi, retrocederebbe in serie A2.<\/p>\n<p>    Monologo orogranata<\/p>\n<p class=\"chapter-paragraph\">La gara \u00e8 stata di fatto un vero e proprio <b>monologo orogranata,<\/b> con i lagunari che fin dalla palla a due hanno impresso alla gara il proprio ritmo e una grande qualit\u00e0 di gioco: sotto la regia e i canestri di Cole e Wiltijer, Venezia scava subito il <b>divario sull\u20198-21. <\/b>Sassari, che ha dovuto rinunciare a Zanelli dopo poche azioni, prova a reagire con Buie e Ceron, riuscendo a ricucire lo strappo ma solo fino al -7. Sono ben 33 i punti realizzati nel quarto da una Reyer in totale controllo delle operazioni e che nel secondo quarto riesce anche prendere il largo con la tripla di Parks.\u00a0Ancora invece sotto tono il nuovo arrivato, Hason Ward, che ha sfoggiato un paio di stoppate, ma poco altro e servir\u00e0 anche il suo contributo in questo finale di stagione. Si arriva all\u2019intervallo su un 34-52 fin troppo rassicurante per una Reyer da applausi.<br \/>&#13;<br \/>\n&#13;<br \/>\n&#13;<br \/>\n&#13;<br \/>\n&#13;<br \/>\n&#13;<br \/>\n&#13;<br \/>\n&#13;<br \/>\n&#13;<br \/>\n&#13;<br \/>\n&#13;<br \/>\n&#13;<br \/>\n&#13;<br \/>\n&#13;<br \/>\n&#13;<br \/>\n&#13;<br \/>\n&#13;<br \/>\n&#13;<br \/>\n&#13;<br \/>\n&#13;<br \/>\n&#13;<br \/>\n&#13;<br \/>\n&#13;<br \/>\n&#13;<br \/>\n&#13;<br \/>\n&#13;<br \/>\n&#13;<br \/>\n&#13;<br \/>\n&#13;<br \/>\n&#13;<br \/>\n&#13;<br \/>\n&#13;<br \/>\n&#13;<br \/>\n&#13;<br \/>\n&#13;<br \/>\n&#13;<br \/>\n&#13;<br \/>\n&#13;<br \/>\n&#13;<br \/>\n&#13;<br \/>\n&#13;<br \/>\n&#13;<br \/>\n&#13;<br \/>\n&#13;<br \/>\n&#13;<br \/>\n&#13;<br \/>\n&#13;<br \/>\n&#13;<br \/>\n&#13;<br \/>\n&#13;<br \/>\n&#13;<br \/>\n&#13;<br \/>\n&#13;\n<\/p>\n<p>    <b>Il copione della gara non cambia<\/b><\/p>\n<p class=\"chapter-paragraph\">Nella ripresa<b> il copione della gara non cambia,<\/b> con Venezia che tocca anche il pi\u00f9 20, prima della mini reazione sassarese sul 42-54. Ma la bella notizia per la Reyer \u00e8 la capacit\u00e0 di superare questi e arrivare alla penultima sirena sul 58-74. Con Sassari sotto pressione e anche bloccata dalla paura, gli orogranata possono controllare l\u2019ultimo quarto con la maturit\u00e0 della grande squadra, riuscendo a ritoccare il <b>massimo vantaggio sul +22, <\/b>prima di condurre la partita verso la sirena finale. Un successo importante, prima dello scontro diretto per il terzo posto in programma domenica prossima al Taliercio: c\u2019\u00e8 Venezia-Milano e sar\u00e0 gi\u00e0 un antipasto playoff.<\/p>\n<p class=\"is-mr-t-20 is-mr-b-20\"><b><br \/>\n                                    <a href=\"https:\/\/corrieredelveneto.corriere.it\/venezia-mestre\/?intcmp=Notizielocali_nd_010623_corriere_ss_venezia\" target=\"_blank\" rel=\"nofollow noopener\">Vai a tutte le notizie di Venezia Mestre<\/a><br \/>\n                        <\/b><\/p>\n<p class=\"chapter-paragraph\"><b><a href=\"https:\/\/www.corriere.it\/newsletter\/?theme=39&amp;intcmp=NL-artic_nd_060624_corriere_ss_veneto\" target=\"_blank\" rel=\"nofollow noopener\">Iscriviti alla newsletter del Corriere del Veneto<\/a><\/b><\/p>\n<p class=\"is-last-update\" datetime=\"2026-04-19T19:47:18+02:00\">19 aprile 2026<\/p>\n<p class=\"is-copyright\">\n            \u00a9 RIPRODUZIONE RISERVATA\n        <\/p>\n","protected":false},"excerpt":{"rendered":"di Matteo Valente La gara \u00e8 stata di fatto un vero e proprio monologo orogranata, che hanno impresso&hellip;\n","protected":false},"author":3,"featured_media":461216,"comment_status":"","ping_status":"","sticky":false,"template":"","format":"standard","meta":{"footnotes":"","_share_on_mastodon":"0"},"categories":[1453],"tags":[1756,1757,6195,1932,105220,100743,257861,257862,1276,257863,257864,6292,1773,1426,629,257865,257866,1537,90,89,40479,257860,16307,1292,3673,12041,12118,245,244,4960,222],"class_list":["post-461215","post","type-post","status-publish","format-standard","has-post-thumbnail","category-basket","tag-basket","tag-basketball","tag-cambia","tag-classifica","tag-cole","tag-copione","tag-copione-gara","tag-copione-gara-cambia","tag-corsa","tag-corsa-terzo","tag-corsa-terzo-classifica","tag-dinamo","tag-dinamo-sassari","tag-finale","tag-gara","tag-gara-cambia","tag-gara-ritmo","tag-it","tag-italia","tag-italy","tag-monologo","tag-monologo-orogranata","tag-orogranata","tag-punti","tag-quarto","tag-reyer","tag-sassari","tag-sport","tag-sports","tag-terzo","tag-venezia"],"share_on_mastodon":{"url":"https:\/\/pubeurope.com\/@it\/116468723609399160","error":""},"_links":{"self":[{"href":"https:\/\/www.europesays.com\/it\/wp-json\/wp\/v2\/posts\/461215","targetHints":{"allow":["GET"]}}],"collection":[{"href":"https:\/\/www.europesays.com\/it\/wp-json\/wp\/v2\/posts"}],"about":[{"href":"https:\/\/www.europesays.com\/it\/wp-json\/wp\/v2\/types\/post"}],"author":[{"embeddable":true,"href":"https:\/\/www.europesays.com\/it\/wp-json\/wp\/v2\/users\/3"}],"replies":[{"embeddable":true,"href":"https:\/\/www.europesays.com\/it\/wp-json\/wp\/v2\/comments?post=461215"}],"version-history":[{"count":0,"href":"https:\/\/www.europesays.com\/it\/wp-json\/wp\/v2\/posts\/461215\/revisions"}],"wp:featuredmedia":[{"embeddable":true,"href":"https:\/\/www.europesays.com\/it\/wp-json\/wp\/v2\/media\/461216"}],"wp:attachment":[{"href":"https:\/\/www.europesays.com\/it\/wp-json\/wp\/v2\/media?parent=461215"}],"wp:term":[{"taxonomy":"category","embeddable":true,"href":"https:\/\/www.europesays.com\/it\/wp-json\/wp\/v2\/categories?post=461215"},{"taxonomy":"post_tag","embeddable":true,"href":"https:\/\/www.europesays.com\/it\/wp-json\/wp\/v2\/tags?post=461215"}],"curies":[{"name":"wp","href":"https:\/\/api.w.org\/{rel}","templated":true}]}}