{"id":461312,"date":"2026-04-26T04:49:15","date_gmt":"2026-04-26T04:49:15","guid":{"rendered":"https:\/\/www.europesays.com\/it\/461312\/"},"modified":"2026-04-26T04:49:15","modified_gmt":"2026-04-26T04:49:15","slug":"il-borgo-lodigiano-senza-lussi-e-comodita-batte-anche-portofino","status":"publish","type":"post","link":"https:\/\/www.europesays.com\/it\/461312\/","title":{"rendered":"il borgo lodigiano senza lussi e comodit\u00e0 batte anche Portofino"},"content":{"rendered":"<p>Maccastorna (Lodi), 25 aprile 2026 \u2013 <strong>L&#8217;analisi dello studio Excellera Intelligence<\/strong> indica <strong>Maccastorna<\/strong> come il <strong>comune pi\u00f9 ricco d\u2019Italia per reddito medio imponibile,<\/strong> mentre Milano guida tra i capoluoghi. Il piccolo borgo senza lussi e comodit\u00e0, batte persino localit\u00e0 blasonate come Portofino. Nella piccola localit\u00e0, rappresentata dalla<strong> storica Rocca medioevale,<\/strong> ha raggiunto il primato pur non avendo banche, scuola, locali, ma puntando solo sulle radici di una terra agricola che sa distinguersi. <strong>Maccastorna \u00e8 prima in Italia secondo l\u2019elaborazione dei dati del Ministero dell\u2019Economia sulle dichiarazioni dei redditi 2025<\/strong> (anno fiscale 2024).\u00a0<\/p>\n<p>Approfondisci:<\/p>\n<p><a href=\"https:\/\/www.ilgiorno.it\/economia\/redditi-2025-regioni-comuni-or8e3fky\" class=\"ArticleEmbed_article__embed__content__Jzqnz\" rel=\"nofollow noopener\" target=\"_blank\">Redditi, il Comune pi\u00f9 ricco d\u2019Italia \u00e8 Maccastorna. Milano prima tra i capoluoghi: la classifica<img alt=\"Redditi, il Comune pi\u00f9 ricco d\u2019Italia \u00e8 Maccastorna. Milano prima tra i capoluoghi: la classifica\" loading=\"lazy\" width=\"140\" height=\"78\" decoding=\"async\" data-nimg=\"1\" style=\"color:transparent\"  src=\"https:\/\/www.europesays.com\/it\/wp-content\/uploads\/2026\/04\/ciclabile-tra-centro-e-provinciale-approvato-lo-studio-di-fattibilita-il-costo-sara-di-seicentomila-.webp\"\/><\/a><br \/>\n <img alt=\"Il castello di Maccastorna\" loading=\"lazy\" width=\"1920\" height=\"1408\" decoding=\"async\" data-nimg=\"1\" style=\"color:transparent;max-width:100%;height:auto\"   src=\"https:\/\/www.europesays.com\/it\/wp-content\/uploads\/2026\/04\/il-castello-di-maccastorna.webp.webp\"\/><\/p>\n<p>Il castello di Maccastorna<\/p>\n<p>Le ragioni di un\u00a0primato che \u201csorprende\u201d\u00a0(ma non troppo) <\/p>\n<p>\n Il risultato \u00e8 influenzato dal fatto che il paese ha pochissimi contribuenti (circa 76), quindi basta la presenza di pochi redditi molto elevati, per far salire la media. <strong>Non significa che tutti gli abitanti siano ricchi, ma che la media statistica \u00e8 molto alta<\/strong>. Molti residenti si sono infatti detti &#8220;stupiti&#8221; per l&#8217;esito di questa ricerca di cui, in questi giorni, si sta parlando tra cittadini.\n<\/p>\n<p> <img alt=\"290100209813_ARENSI-PAOLA_FABRIZIO_SANTANTONIO_PRESIDENTE_PROVIN\" loading=\"lazy\" width=\"1207\" height=\"1213\" decoding=\"async\" data-nimg=\"1\" style=\"color:transparent;max-width:100%;height:auto\"   src=\"https:\/\/www.europesays.com\/it\/wp-content\/uploads\/2026\/04\/290100209813_arensi-paola_fabrizio_santantonio_presidente_provin.webp.webp\"\/><\/p>\n<p>Il sindaco di Maccastorna Fabrizio Santantonio<\/p>\n<p>La vocazione del territorio\u00a0e la presenza di Antonio Biancardi, presidente del Cda\u00a0di Solana <\/p>\n<p>\n <strong>Il sindaco Fabrizio Santantonio<\/strong>, anche presidente della Provincia di Lodi, ha per\u00f2 sempre ribadito che il territorio fosse particolarmente ambito per fare impresa. <strong>Il Comune sfiora i 72 mila euro di reddito medio<\/strong>, ma questo<strong> dato \u00e8 fortemente distorto dal numero ridottissimo di abitanti<\/strong>. Sul territorio di Maccastorna ha sede\u00a0<strong>la societ\u00e0 Solana S.p.A.,\u00a0<\/strong>lungo la Strada Provinciale 196.\n<\/p>\n<p>\n Questo \u00e8 uno dei motivi per cui il piccolo comune, senza bar n\u00e9 banche, ma molto vivo a livello comunitario, come <strong>una &#8220;grande famiglia&#8221;,<\/strong> compare spesso nelle classifiche dei redditi medi pi\u00f9 elevati. Solana S.p.A. \u00e8 una realt\u00e0 industriale rilevante nel Lodigiano del settore trasformazione e conservazione di frutta e ortaggi, in particolare pomodoro.\u00a0Fondata nel 2001, oggi conta circa 100 addetti e nel 2024 ha avuto un fatturato\u00a0oltre 73 milioni di euro.\u00a0Ma in zona ci sono anche altre aziende agricole prestigiose che tengono alto il nome del paese oltre confine.\n<\/p>\n<p> <img alt=\"13851973\" loading=\"lazy\" width=\"1600\" height=\"1200\" decoding=\"async\" data-nimg=\"1\" style=\"color:transparent;max-width:100%;height:auto\"   src=\"https:\/\/www.europesays.com\/it\/wp-content\/uploads\/2026\/04\/13851973.webp.webp\"\/><\/p>\n<p>Maccastorna &#8211; La fabbrica dei pomodori (Solana)<\/p>\n<p>E il resto della Lombardia? <\/p>\n<p>\n <strong>Lodi<\/strong> invece si colloca su livelli medio-alti ma non di vertice nazionale. Il reddito medio \u00e8 attorno ai 26\u201327 mila euro. \u00c8 quindi in linea con la Lombardia, sopra la media italiana, ma molto distante dai livelli di Milano. <strong>Pavia<\/strong> risulta quarta, tra i capoluoghi italiani, per reddito medio imponibile (dato molto alto a livello nazionale). \u00c8 dietro <strong>Milano, Monza e Bergamo<\/strong> davanti a molte citt\u00e0 importanti del Nord e Centro Italia. Pavia \u00e8 stabilmente tra i capoluoghi economicamente pi\u00f9 forti d\u2019Italia. Infine Cremona \u00e8 nella fascia intermedia. Il reddito medio nel comune di Cremona si aggira attorno a 27.500 euro circa.\u00a0<strong>Cremona<\/strong> non \u00e8 tra le realt\u00e0 pi\u00f9 ricche si colloca a met\u00e0 classifica, con valori inferiori a molte citt\u00e0 lombarde. Andria risulta ultima tra i capoluoghi considerati. In generale, i redditi medi pi\u00f9 bassi si concentrano nel Sud Italia, confermando un divario territoriale ancora marcato.\u00a0<\/p>\n","protected":false},"excerpt":{"rendered":"Maccastorna (Lodi), 25 aprile 2026 \u2013 L&#8217;analisi dello studio Excellera Intelligence indica Maccastorna come il comune pi\u00f9 ricco&hellip;\n","protected":false},"author":3,"featured_media":461313,"comment_status":"","ping_status":"","sticky":false,"template":"","format":"standard","meta":{"footnotes":"","_share_on_mastodon":"0"},"categories":[79],"tags":[8450,7679,34155,393,14,93,94,1537,90,89,41921,207297,7,15,10732,11877,42458,11,84,91,12,85,92,1652],"class_list":["post-461312","post","type-post","status-publish","format-standard","has-post-thumbnail","category-italia","tag-batte","tag-borgo","tag-comodita","tag-comune","tag-cronaca","tag-cronaca-italiana","tag-cronacaitaliana","tag-it","tag-italia","tag-italy","tag-lodigiano","tag-maccastorna","tag-news","tag-notizie","tag-piu","tag-portofino","tag-ricco","tag-ultime-notizie","tag-ultime-notizie-e-news-di-oggi","tag-ultime-notizie-italia","tag-ultimenotizie","tag-ultimenotizieenewsdioggi","tag-ultimenotizieitalia","tag-viaggio"],"share_on_mastodon":{"url":"https:\/\/pubeurope.com\/@it\/116469207487072319","error":""},"_links":{"self":[{"href":"https:\/\/www.europesays.com\/it\/wp-json\/wp\/v2\/posts\/461312","targetHints":{"allow":["GET"]}}],"collection":[{"href":"https:\/\/www.europesays.com\/it\/wp-json\/wp\/v2\/posts"}],"about":[{"href":"https:\/\/www.europesays.com\/it\/wp-json\/wp\/v2\/types\/post"}],"author":[{"embeddable":true,"href":"https:\/\/www.europesays.com\/it\/wp-json\/wp\/v2\/users\/3"}],"replies":[{"embeddable":true,"href":"https:\/\/www.europesays.com\/it\/wp-json\/wp\/v2\/comments?post=461312"}],"version-history":[{"count":0,"href":"https:\/\/www.europesays.com\/it\/wp-json\/wp\/v2\/posts\/461312\/revisions"}],"wp:featuredmedia":[{"embeddable":true,"href":"https:\/\/www.europesays.com\/it\/wp-json\/wp\/v2\/media\/461313"}],"wp:attachment":[{"href":"https:\/\/www.europesays.com\/it\/wp-json\/wp\/v2\/media?parent=461312"}],"wp:term":[{"taxonomy":"category","embeddable":true,"href":"https:\/\/www.europesays.com\/it\/wp-json\/wp\/v2\/categories?post=461312"},{"taxonomy":"post_tag","embeddable":true,"href":"https:\/\/www.europesays.com\/it\/wp-json\/wp\/v2\/tags?post=461312"}],"curies":[{"name":"wp","href":"https:\/\/api.w.org\/{rel}","templated":true}]}}