{"id":461380,"date":"2026-04-26T06:24:20","date_gmt":"2026-04-26T06:24:20","guid":{"rendered":"https:\/\/www.europesays.com\/it\/461380\/"},"modified":"2026-04-26T06:24:20","modified_gmt":"2026-04-26T06:24:20","slug":"inter-su-solet-la-trattativa-con-ludinese","status":"publish","type":"post","link":"https:\/\/www.europesays.com\/it\/461380\/","title":{"rendered":"Inter su Solet: la trattativa con l&#8217;Udinese"},"content":{"rendered":"<p>                                La dirigenza nerazzurra lavora alla retroguardia del futuro, che inevitabilmente cambier\u00e0 molto dopo gli addii di Acerbi, De Vrij, Darmian (e Sommer): tra gli obiettivi principali resiste il francese, con una variabile<\/p>\n<p>            <a class=\"image is-50x50\" href=\"https:\/\/www.gazzetta.it\/redazione\/gregorio-spigno\/\" rel=\"nofollow noopener\" target=\"_blank\"><br \/>\n                <img decoding=\"async\" class=\"is-rounded\" src=\"https:\/\/www.europesays.com\/it\/wp-content\/uploads\/2025\/11\/gregorio_spigno_avatar.png\" alt=\"Gregorio Spigno\"\/><br \/>\n            <\/a><\/p>\n<p>Giornalista<\/p>\n<p>                    25 aprile &#8211; 09:33  &#8211; MILANO<\/p>\n<p class=\"paragraph\" spellcheck=\"true\">La rivoluzione interista \u00e8 pronta a partire. Coinvolger\u00e0 tutti i reparti &#8211; dal ruolo di portiere titolare a qualche novit\u00e0 pure in attacco -, ma in modo particolare la difesa. Perch\u00e9 il prossimo 30 giugno scadranno i contratti di Acerbi, De Vrij e Darmian, e inevitabilmente (non solo sul piano numerico) la dirigenza nerazzurra avr\u00e0 il compito di andare a sostituire il terzetto di vecchi leoni che hanno accompagnato la squadra fino alla conquista del secondo scudetto nel corso della loro vita interista. L&#8217;unico che ha chance di rinnovo, ad oggi, \u00e8 De Vrij. Ma l&#8217;ingaggio da 3,8 milioni netti a stagione andrebbe quantomeno dimezzato. E poi c&#8217;\u00e8 la variabile Bastoni, sempre molto apprezzato dal Barcellona, <a href=\"https:\/\/www.gazzetta.it\/Calcio\/Calciomercato\/Inter\/23-04-2026\/bastoni-barcellona-l-inter-ha-dubbi-sull-offerta-blaugrana-la-situazione-sul-mercato.shtml\" rel=\"nofollow noopener\" target=\"_blank\">attorno a cui per\u00f2 l&#8217;Inter nutre pi\u00f9 di un dubbio relativo alla situazione finanziaria<\/a>. Tutto pu\u00f2 succedere, questo \u00e8 sicuro. Come \u00e8 altrettanto certo che dal mercato arriveranno almeno un paio di difensori nuovi nuovi. <a href=\"https:\/\/www.gazzetta.it\/Calcio\/Calciomercato\/Inter\/23-04-2026\/muharemovic-inter-accordo-tra-giocatore-e-societa-cosa-manca-per-chiudere-col-sassuolo.shtml\" rel=\"nofollow noopener\" target=\"_blank\">Il primo sar\u00e0 con enormi probabilit\u00e0 Tarik Muharemovic del Sassuolo<\/a>, con cui Ausilio e soci hanno gi\u00e0 trovato un accordo di massima su durata del contratto ed ingaggio. Il secondo resta ancora da definire con precisione, ma una cernita di profili \u00e8 gi\u00e0 stata effettuata. E l&#8217;attenzione su Oumar Solet dell&#8217;Udinese resta molto elevata, considerando pure che il difensore francese ha stretto una sorta di patto con il club bianconero per quanto riguarda il prossimo mercato estivo.<\/p>\n<p><a class=\"is-partner-link\" href=\"http:\/\/www.dazn.com\/gazzetta\" rel=\"nofollow noopener\" target=\"_blank\">Sei cliente diretto DAZN? Per te Gazzetta Digital Edition senza costi aggiuntivi.<\/a><\/p>\n<p>        stretta di mano\u2014 \u00a0<\/p>\n<p class=\"paragraph\" spellcheck=\"true\">Oltre l&#8217;Inter, anche l&#8217;Udinese sta sfruttando il tramonto della sua stagione tranquilla per iniziare a costruire la prossima. E la volont\u00e0 della dirigenza bianconera appare chiara: riscattare Zaniolo dal Galatasaray tenendolo a Udine per un altro anno, respingere eventuali assalti per Davis. Ma la sensazione \u00e8 che almeno una cessione potrebbe arrivare, e l&#8217;indiziato numero uno &#8211; molto pi\u00f9 dell&#8217;altro gioiello Atta &#8211; \u00e8 Oumar Solet. Che verso l&#8217;Udinese mantiene un grande senso di gratitudine, essendo stato rilanciato alla grande a seguito di un periodo fisicamente molto complesso che aveva convinto il Salisburgo di &#8220;liberarsene&#8221; a zero. Cos\u00ec Solet ha deciso di ripartire da Udine e indovinato totalmente la scelta. La scorsa estate il centrale francese \u00e8 rimasto bianconero proprio per quel senso di riconoscenza che sentiva di rendere al club, ma lo scenario nei prossimi mesi sar\u00e0 ben diverso. Perch\u00e9 anche l&#8217;Udinese avrebbe il suo interesse nel cedere Solet, essendo il difensore approdato in Friuli appunto a zero euro. Quindi, ecco il patto firmato &#8211; a parole &#8211; tra societ\u00e0 e giocatore: se arrivasse una proposta attorno ai 20-25 milioni (plusvalenza totale per l&#8217;Udinese), via libera. Altrimenti, avanti insieme senza strascichi da mercato. E allora ecco che ogni scenario si apre. Per l&#8217;Udinese, per Solet e&#8230; per l&#8217;Inter.\u00a0\u00a0<\/p>\n<p class=\"is-copyright\">\u00a9 RIPRODUZIONE RISERVATA<\/p>\n","protected":false},"excerpt":{"rendered":"La dirigenza nerazzurra lavora alla retroguardia del futuro, che inevitabilmente cambier\u00e0 molto dopo gli addii di Acerbi, De&hellip;\n","protected":false},"author":3,"featured_media":461381,"comment_status":"","ping_status":"","sticky":false,"template":"","format":"standard","meta":{"footnotes":"","_share_on_mastodon":"0"},"categories":[1452],"tags":[33592,43073,43074,839,11277,10575,721,554,38763,277,57000,257949,4053,5524,154282,1740,3368,51315,7183,350,6041,1537,90,89,1412,7547,24737,4483,45190,45191,1739,43820,257948,245,244,2817,57001],"class_list":["post-461380","post","type-post","status-publish","format-standard","has-post-thumbnail","category-calcio","tag-acerbi","tag-acerbi-de","tag-acerbi-de-vrij","tag-almeno","tag-attorno","tag-bianconero","tag-calcio","tag-club","tag-darmian","tag-de","tag-de-vrij","tag-de-vrij-darmian","tag-difensore","tag-dirigenza","tag-dirigenza-nerazzurra","tag-football","tag-francese","tag-inevitabilmente","tag-ingaggio","tag-inter","tag-interista","tag-it","tag-italia","tag-italy","tag-mercato","tag-muharemovic","tag-nerazzurra","tag-nuovi","tag-oumar","tag-oumar-solet","tag-soccer","tag-solet","tag-solet-udinese","tag-sport","tag-sports","tag-udinese","tag-vrij"],"share_on_mastodon":{"url":"https:\/\/pubeurope.com\/@it\/116469581427133934","error":""},"_links":{"self":[{"href":"https:\/\/www.europesays.com\/it\/wp-json\/wp\/v2\/posts\/461380","targetHints":{"allow":["GET"]}}],"collection":[{"href":"https:\/\/www.europesays.com\/it\/wp-json\/wp\/v2\/posts"}],"about":[{"href":"https:\/\/www.europesays.com\/it\/wp-json\/wp\/v2\/types\/post"}],"author":[{"embeddable":true,"href":"https:\/\/www.europesays.com\/it\/wp-json\/wp\/v2\/users\/3"}],"replies":[{"embeddable":true,"href":"https:\/\/www.europesays.com\/it\/wp-json\/wp\/v2\/comments?post=461380"}],"version-history":[{"count":0,"href":"https:\/\/www.europesays.com\/it\/wp-json\/wp\/v2\/posts\/461380\/revisions"}],"wp:featuredmedia":[{"embeddable":true,"href":"https:\/\/www.europesays.com\/it\/wp-json\/wp\/v2\/media\/461381"}],"wp:attachment":[{"href":"https:\/\/www.europesays.com\/it\/wp-json\/wp\/v2\/media?parent=461380"}],"wp:term":[{"taxonomy":"category","embeddable":true,"href":"https:\/\/www.europesays.com\/it\/wp-json\/wp\/v2\/categories?post=461380"},{"taxonomy":"post_tag","embeddable":true,"href":"https:\/\/www.europesays.com\/it\/wp-json\/wp\/v2\/tags?post=461380"}],"curies":[{"name":"wp","href":"https:\/\/api.w.org\/{rel}","templated":true}]}}