{"id":461648,"date":"2026-04-26T10:20:26","date_gmt":"2026-04-26T10:20:26","guid":{"rendered":"https:\/\/www.europesays.com\/it\/461648\/"},"modified":"2026-04-26T10:20:26","modified_gmt":"2026-04-26T10:20:26","slug":"piero-garbellotto-intervista-conegliano-oltre-le-aspettative-e-ora-la-champions","status":"publish","type":"post","link":"https:\/\/www.europesays.com\/it\/461648\/","title":{"rendered":"Piero Garbellotto, intervista: &#8220;Conegliano oltre le aspettative. E ora la Champions&#8221;"},"content":{"rendered":"<p>                                Il presidente dell&#8217;Imoco dopo il nono scudetto: &#8220;Un club che agisce sul territorio. E manca la Champions. Speriamo anche di poterla ospitare noi presto&#8221;<\/p>\n<p>            <a class=\"image is-50x50\" href=\"https:\/\/www.gazzetta.it\/redazione\/valeria-benedetti\/\" rel=\"nofollow noopener\" target=\"_blank\"><br \/>\n                <img decoding=\"async\" class=\"is-rounded\" src=\"https:\/\/www.europesays.com\/it\/wp-content\/uploads\/2025\/10\/valeria_benedetti_avatar.png\" alt=\"Valeria Benedetti\"\/><br \/>\n            <\/a><\/p>\n<p>Giornalista<\/p>\n<p>                    24 aprile &#8211; 18:13  &#8211; MILANO<\/p>\n<p class=\"paragraph\" spellcheck=\"true\">&#8220;La vittoria \u00e8 come la bellissima copertina di un libro che dentro ha molto altro&#8221;. Ecco sintetizzata in pochissime parole la parabola di Conegliano nel volley italiano. Poche parole di Piero Garbellotto, uno dei due presidenti (l&#8217;altro \u00e8 Pietro Maschio) dell&#8217;<a href=\"https:\/\/www.gazzetta.it\/Volley\/22-04-2026\/volley-conegliano-le-pagelle-dello-scudetto.shtml?intcmp=hyperlink-articolo-gazit\" title=\"Conegliano, le pagelle dello scudetto: Haak inarrestabile, 9. Gabi determinante, 8,5\" target=\"_blank\" rel=\"nofollow noopener\">Imoco Conegliano<\/a> delle meraviglie. Il nono scudetto \u00e8 arrivato in casa di Milano, forse meno scontato di altri, a sancire ancora una volta il dominio quasi totale del club veneto sulla pallavolo italiana. Nell&#8217;anno 2025-26 \u00e8 sfuggita per la prima volta dopo sei anni di controllo totale, la Supercoppa vinta da Milano. Una smagliatura che non ha provocato traumi, anzi. &#8220;I cicli si costruiscono ma hanno un inizio e una fine. Prima o poi finir\u00e0 anche il nostro ma quello che abbiamo costruito rimane&#8221;.<\/p>\n<p class=\"paragraph\" spellcheck=\"true\"><b>Allora qual \u00e8 il segreto della\u00a0Prosecco Doc A.Carraro Imoco Conegliano?<\/b><\/p>\n<p class=\"paragraph\" spellcheck=\"true\">&#8220;Continuare a lavorare con obiettivi chiari &#8211; racconta Garbellotto, 46 anni,\u00a0Amministratore Delegato della Garbellotto S.p.A., azienda leader nella produzione di Botti e Barriques -. N\u00e9 io n\u00e9 Pietro Maschio avevamo idea di dove saremmo arrivati quando abbiamo iniziato questa avventura ma il progetto era gi\u00e0 sul territorio. Conegliano pu\u00f2 fare quello che ha fatto finora perch\u00e9 conta su un budget garantito da 320 sponsor e numeri record di presenze di pubblico. Il club \u00e8 un&#8217;espressione del territorio a cui restituisce immagine con le vittorie ma anche sotto l&#8217;aspetto sociale con tutto il lavoro sulle giovanili &#8220;<\/p>\n<p class=\"text\">Conegliano pu\u00f2 fare quello che ha fatto finora perch\u00e9 conta su un budget garantito da 320 sponsor<\/p>\n<p>Piero Garbellotto<\/p>\n<p class=\"paragraph\" spellcheck=\"true\"><b>Con i risultati negli anni portare grandi giocatrici \u00e8 diventato anche un poco pi\u00f9 semplice.<\/b><\/p>\n<p class=\"paragraph\" spellcheck=\"true\">&#8220;Diciamo che \u00e8 sempre un matrimonio a tre fra club, giocatrice e procuratore ma s\u00ec, la solidit\u00e0 e la seriet\u00e0 del club oltre che i risultati rendono il lavoro pi\u00f9 semplice&#8221;<\/p>\n<p class=\"paragraph\" spellcheck=\"true\"><b>Trentuno trofei, quale vittoria ha vissuto con pi\u00f9 emozione?<\/b><\/p>\n<p class=\"paragraph\" spellcheck=\"true\">&#8220;Beh anche questo scudetto non ha scherzato con il ko in casa con Milano che ha riaperto la serie. Tutte le vittorie hanno una loro emozione ma se devo scegliere il primo Mondiale per Club in Cina dopo quel recupero pazzesco in semifinale col Vakifbank al tie break&#8221;<\/p>\n<p class=\"paragraph\" spellcheck=\"true\"><b>Le vittorie sono la copertina ma Conegliano ha una profondit\u00e0 notevole di sviluppo<\/b><\/p>\n<p class=\"paragraph\" spellcheck=\"true\">&#8220;S\u00ec c&#8217;\u00e8 una grande attenzione al settore giovanile, abbiamo attualmente trenta atlete uscite dal nostro progetto fra A1 e A2. Ma il settore giovanile non serve solo per produrre atlete di alto livello, ha anche un altro valore sociale sul t. Penso che una palestra in pi\u00f9 valga sempre un carcere in meno en abbiamo raggiunto volumi incredibili. Poi c&#8217;\u00e8 l&#8217;Imoco center, 10.000 metri quadrati dedicati allo sport accanto al Palaverde&#8221;<\/p>\n<p class=\"paragraph\" spellcheck=\"true\"><b>La pallavolo femminile in cosa pu\u00f2 crescere?<\/b><\/p>\n<p class=\"paragraph\" spellcheck=\"true\">&#8220;Beh negli impianti sicuramente. Noi non ci possiamo lamentare ma nel resto d&#8217;Italia \u00e8 una situazione che pone sicuramente dei limiti alla crescita del movimento. A livello di comunicazione invece la Lega ha avuto una crescita enorme con oltre un miliardo di visualizzazioni su tutti i social, siamo secondi solo al calcio&#8221;<\/p>\n<p class=\"paragraph\" spellcheck=\"true\"><b>Intanto la stagione dell&#8217;Imoco non \u00e8 finita. Nel prossimo fine settimana sar\u00e0 a Istanbul per la Final Four di Champions League<\/b><\/p>\n<p class=\"paragraph\" spellcheck=\"true\">&#8220;Ci aspetter\u00e0 un&#8217;altra battaglia nella semifinale con il Vakifbank in casa loro&#8221;<\/p>\n<p class=\"paragraph\" spellcheck=\"true\"><b>Magari uno dei prossimi anni la potrete organizzare in casa nel palazzetto che sta sorgendo a Mestre<\/b><\/p>\n<p class=\"paragraph\" spellcheck=\"true\">&#8220;Ce lo auguriamo, un passo alla volta, \u00e8 un impianto importante in cui poter organizzare grandi eventi. Vedremo&#8221;<\/p>\n<p class=\"is-copyright\">\u00a9 RIPRODUZIONE RISERVATA<\/p>\n","protected":false},"excerpt":{"rendered":"Il presidente dell&#8217;Imoco dopo il nono scudetto: &#8220;Un club che agisce sul territorio. E manca la Champions. Speriamo&hellip;\n","protected":false},"author":3,"featured_media":461649,"comment_status":"","ping_status":"","sticky":false,"template":"","format":"standard","meta":{"footnotes":"","_share_on_mastodon":"0"},"categories":[1474],"tags":[16359,42561,1969,554,10065,2415,258245,1307,9067,258244,14446,1251,56192,63221,1537,90,89,1211,6110,16882,28,1354,34932,255424,33425,2347,4979,23939,165908,2851,5389,6072,1924,258246,245,244,440,24126,1869],"class_list":["post-461648","post","type-post","status-publish","format-standard","has-post-thumbnail","category-volley","tag-atlete","tag-beh","tag-champions","tag-club","tag-conegliano","tag-copertina","tag-copertina-libro","tag-crescita","tag-emozione","tag-garbellotto","tag-giovanile","tag-grandi","tag-imoco","tag-imoco-conegliano","tag-it","tag-italia","tag-italy","tag-libro","tag-livello","tag-maschio","tag-milano","tag-ne","tag-nono","tag-nono-scudetto","tag-organizzare","tag-pallavolo","tag-parole","tag-pietro","tag-pietro-maschio","tag-progetto","tag-risultati","tag-scudetto","tag-semifinale","tag-semifinale-vakifbank","tag-sport","tag-sports","tag-territorio","tag-vittorie","tag-volley"],"share_on_mastodon":{"url":"https:\/\/pubeurope.com\/@it\/116470508962657484","error":""},"_links":{"self":[{"href":"https:\/\/www.europesays.com\/it\/wp-json\/wp\/v2\/posts\/461648","targetHints":{"allow":["GET"]}}],"collection":[{"href":"https:\/\/www.europesays.com\/it\/wp-json\/wp\/v2\/posts"}],"about":[{"href":"https:\/\/www.europesays.com\/it\/wp-json\/wp\/v2\/types\/post"}],"author":[{"embeddable":true,"href":"https:\/\/www.europesays.com\/it\/wp-json\/wp\/v2\/users\/3"}],"replies":[{"embeddable":true,"href":"https:\/\/www.europesays.com\/it\/wp-json\/wp\/v2\/comments?post=461648"}],"version-history":[{"count":0,"href":"https:\/\/www.europesays.com\/it\/wp-json\/wp\/v2\/posts\/461648\/revisions"}],"wp:featuredmedia":[{"embeddable":true,"href":"https:\/\/www.europesays.com\/it\/wp-json\/wp\/v2\/media\/461649"}],"wp:attachment":[{"href":"https:\/\/www.europesays.com\/it\/wp-json\/wp\/v2\/media?parent=461648"}],"wp:term":[{"taxonomy":"category","embeddable":true,"href":"https:\/\/www.europesays.com\/it\/wp-json\/wp\/v2\/categories?post=461648"},{"taxonomy":"post_tag","embeddable":true,"href":"https:\/\/www.europesays.com\/it\/wp-json\/wp\/v2\/tags?post=461648"}],"curies":[{"name":"wp","href":"https:\/\/api.w.org\/{rel}","templated":true}]}}