{"id":461741,"date":"2026-04-26T11:49:18","date_gmt":"2026-04-26T11:49:18","guid":{"rendered":"https:\/\/www.europesays.com\/it\/461741\/"},"modified":"2026-04-26T11:49:18","modified_gmt":"2026-04-26T11:49:18","slug":"ho-fatto-di-tutto-per-somigliarti-laddio-e-lultimo-desiderio","status":"publish","type":"post","link":"https:\/\/www.europesays.com\/it\/461741\/","title":{"rendered":"\u00abHo fatto di tutto per somigliarti\u00bb. L&#8217;addio e l&#8217;ultimo desiderio"},"content":{"rendered":"<p>&#13;<br \/>\n                               &#13;<br \/>\n                                                &#13;<br \/>\n                &#13;<\/p>\n<p>Graave lutto per <strong><a href=\"https:\/\/www.leggo.it\/t\/marco-d\" amore=\"\" rel=\"nofollow noopener\" target=\"_blank\">Marco D&#8217;Amore<\/a><\/strong>. L&#8217;attore e regista napoletano, celebre volto di &#8220;Ciro Di Marzio&#8221;, ha annunciato sui social la scomparsa dell&#8217;amato padre Marcello. Un addio straziante affidato a un post carico di amore e gratitudine, in cui l&#8217;artista ha voluto condividere con i fan il legame viscerale che lo univa all&#8217;uomo che gli ha insegnato a guardare il mondo con occhi diversi.<\/p>\n<p>&#13;<br \/>\n&#13;<br \/>\nL&#8217;addio sui social&#13;<br \/>\n&#13;<\/p>\n<p>Il ritratto che Marco D&#8217;Amore fa del padre \u00e8 quello\u00a0di un uomo che \u00e8 stato molto pi\u00f9 di un genitore. Marcello \u00e8 stato la scintilla creativa dietro la carriera del figlio: \u00abChi stima il mio lavoro deve sapere che tu sei stato fonte inesauribile di ispirazione\u00bb, scrive l\u2019attore, sottolineando come abbia fatto di tutto, crescendo, per somigliargli. Un ringraziamento speciale va alla passione per la lettura e per la musica condivisa, cantata insieme a squarciagola, ma soprattutto all&#8217;amore per una Napoli autentica, lontana dagli stereotipi e fatta di cultura e storia.<\/p>\n<p>&#13;<br \/>\n&#13;<br \/>\n&#13;<br \/>\n&#13;<br \/>\n&#13;<br \/>\n&#13;<\/p>\n<p>Il post svela anche la delicatezza degli ultimi momenti vissuti insieme. <\/p>\n<p>Durante un mese di sofferenza, i ruoli tra padre e figlio si sono capovolti in un&#8217;intimit\u00e0 fatta di lacrime e sorrisi: \u00abTu sei stato il figlio che non ho mai avuto, io sono diventato il padre che non sono mai stato\u00bb, confessa l&#8217;attore con incredibile tenerezza. D&#8217;Amore racconta di aver stretto le mani del padre, accogliendo le sue fragilit\u00e0 e le sue paure in uno scambio di confidenze che solo il vero dolore permette di raggiungere.&#13;<br \/>\n&#13;<br \/>\nL&#8217;ultimo desiderio&#13;<br \/>\n&#13;<\/p>\n<p>L&#8217;addio si chiude con una preghiera commovente. Ora che &#8220;Marcellino&#8221; \u00e8 libero dalle sofferenze del corpo, il figlio gli chiede protezione contro le malvagit\u00e0 del mondo, ammettendo di non aver ancora imparato a difendersi del tutto. Il messaggio termina con una citazione del grande Sergio Bruni, tanto caro al padre: \u00abVieneme \u2019nzuonno\u00bb (Vienimi in sogno). Un invito a non lasciarlo solo e a continuare a guidarlo, mentre lui promette di fare tesoro di ogni ricordo per non lasciarne mai estinguere la memoria.<\/p>\n<p>                                &#13;<br \/>\n                &#13;<br \/>\n&#13;<br \/>\n                Ultimo aggiornamento: domenica 26 aprile 2026, 13:00&#13;<br \/>\n                <br \/>&#13;<br \/>\n                &#13;<br \/>\n                  &#13;<br \/>\n                    &#13;<br \/>\n                        \u00a9 RIPRODUZIONE RISERVATA&#13;<\/p>\n<p>&#13;<\/p>\n<p>                    &#13;<\/p>\n","protected":false},"excerpt":{"rendered":"&#13; &#13; &#13; &#13; Graave lutto per Marco D&#8217;Amore. L&#8217;attore e regista napoletano, celebre volto di &#8220;Ciro Di&hellip;\n","protected":false},"author":3,"featured_media":461742,"comment_status":"","ping_status":"","sticky":false,"template":"","format":"standard","meta":{"footnotes":"","_share_on_mastodon":"0"},"categories":[1451],"tags":[1621,1620,203,10538,204,1537,90,89,199132],"class_list":["post-461741","post","type-post","status-publish","format-standard","has-post-thumbnail","category-celebrita","tag-celebrita","tag-celebrities","tag-entertainment","tag-facebook","tag-intrattenimento","tag-it","tag-italia","tag-italy","tag-marco-d"],"share_on_mastodon":{"url":"https:\/\/pubeurope.com\/@it\/116470858802489312","error":""},"_links":{"self":[{"href":"https:\/\/www.europesays.com\/it\/wp-json\/wp\/v2\/posts\/461741","targetHints":{"allow":["GET"]}}],"collection":[{"href":"https:\/\/www.europesays.com\/it\/wp-json\/wp\/v2\/posts"}],"about":[{"href":"https:\/\/www.europesays.com\/it\/wp-json\/wp\/v2\/types\/post"}],"author":[{"embeddable":true,"href":"https:\/\/www.europesays.com\/it\/wp-json\/wp\/v2\/users\/3"}],"replies":[{"embeddable":true,"href":"https:\/\/www.europesays.com\/it\/wp-json\/wp\/v2\/comments?post=461741"}],"version-history":[{"count":0,"href":"https:\/\/www.europesays.com\/it\/wp-json\/wp\/v2\/posts\/461741\/revisions"}],"wp:featuredmedia":[{"embeddable":true,"href":"https:\/\/www.europesays.com\/it\/wp-json\/wp\/v2\/media\/461742"}],"wp:attachment":[{"href":"https:\/\/www.europesays.com\/it\/wp-json\/wp\/v2\/media?parent=461741"}],"wp:term":[{"taxonomy":"category","embeddable":true,"href":"https:\/\/www.europesays.com\/it\/wp-json\/wp\/v2\/categories?post=461741"},{"taxonomy":"post_tag","embeddable":true,"href":"https:\/\/www.europesays.com\/it\/wp-json\/wp\/v2\/tags?post=461741"}],"curies":[{"name":"wp","href":"https:\/\/api.w.org\/{rel}","templated":true}]}}