{"id":462183,"date":"2026-04-26T18:28:16","date_gmt":"2026-04-26T18:28:16","guid":{"rendered":"https:\/\/www.europesays.com\/it\/462183\/"},"modified":"2026-04-26T18:28:16","modified_gmt":"2026-04-26T18:28:16","slug":"murray-confessa-djokovic-non-ha-imparato-nulla-da-me-ma-e-stata-unesperienza-speciale","status":"publish","type":"post","link":"https:\/\/www.europesays.com\/it\/462183\/","title":{"rendered":"Murray confessa: &#8220;Djokovic non ha imparato nulla da me, ma \u00e8 stata un&#8217;esperienza speciale&#8221;"},"content":{"rendered":"<p>L\u2019ex numero 1 del mondo ha allenato la leggenda serba per pochi mesi all\u2019inizio della scorsa stagione, non riuscendo ad ottenere i risultati auspicati<\/p>\n<p><img data-lazyloaded=\"1\" fetchpriority=\"high\" decoding=\"async\" width=\"1024\" height=\"683\" src=\"https:\/\/www.europesays.com\/it\/wp-content\/uploads\/2026\/04\/Djokovic-1024x683.jpg\" alt=\"\" class=\"wp-image-100314\"  data-\/>Foto di Ray Giubilo<\/p>\n<p>Il sodalizio tra <strong>Novak Djokovic <\/strong>e <strong>Andy Murray <\/strong>aveva suscitato enorme interesse l\u2019anno scorso, ma non aveva prodotto i risultati sperati concludendosi ben prima del previsto. I due avevano iniziato a lavorare assieme all\u2019inizio della stagione 2025, con Nole capace di raggiungere la semifinale agli <strong>Australian Open<\/strong> e la finale al <strong>Miami Open<\/strong>, prima che i risultati peggiorassero e si arrivasse alla separazione alla vigilia del <strong>Roland Garros<\/strong>. L\u2019ex campione scozzese \u2013 che aveva saluto il tour soltanto qualche mese prima \u2013 non aveva alcuna esperienza come coach, ma ce l\u2019ha messa tutta per aiutare il serbo a conquistare il suo 25\u00b0 titolo Slam.<\/p>\n<p>A distanza di circa un anno dalla fine della loro collaborazione, lo scozzese ha rilasciato una lunga intervista a \u2018Sky Sports\u2018 negando di avere rimpianti su quella partnership. \u201cConoscevo molto bene il gioco di Novak, avendolo affrontato tantissime volte durante la mia carriera, ma \u00e8 stato interessante osservare da vicino la sua routine quotidiana. <strong>Non penso che Djokovic abbia imparato qualcosa dal sottoscritto<\/strong>, mentre io ho imparato molto da lui\u201d \u2013 ha spiegato Andy.<\/p>\n<p>Murray ha ribadito che gli mancava qualcosa sotto il profilo dell\u2019esperienza: \u201cHo capito di dover migliorare sotto diversi aspetti per diventare un grande allenatore. Mi sono impegnato parecchio in quel periodo, sacrificando anche il mio tempo libero per dare una mano a Nole. Anche se la nostra collaborazione non ha prodotto risultati di rilievo, \u00e8 stata comunque un\u2019esperienza speciale. <strong>Non rimpiango di aver accettato quell\u2019incarico<\/strong>.\u201d<\/p>\n<p>Il tre volte vincitore Slam si \u00e8 infine soffermato sulle chance di Djokovic di vincere un altro Major: \u201c<strong>Non lo reputo impossibile<\/strong>. Il problema \u00e8 che \u2013 quando si raggiunge una certa et\u00e0 \u2013 <strong>l\u2019equilibrio diventa sempre pi\u00f9 sottile <\/strong>e non \u00e8 facile trovare il giusto compromesso. Se si gioca troppo c\u2019\u00e8 il rischio di farsi male, invece se si sta fermi a lungo il corpo non \u00e8 pi\u00f9 abituato a giocare partite in serie. Il fatto che Novak abbia battuto <strong>Alcaraz<\/strong> l\u2019anno scorso e Sinner quest\u2019anno in <strong>Australia<\/strong> dimostra che \u00e8 ancora molto competitivo.\u201d<\/p>\n","protected":false},"excerpt":{"rendered":"L\u2019ex numero 1 del mondo ha allenato la leggenda serba per pochi mesi all\u2019inizio della scorsa stagione, non&hellip;\n","protected":false},"author":3,"featured_media":462184,"comment_status":"","ping_status":"","sticky":false,"template":"","format":"standard","meta":{"footnotes":"","_share_on_mastodon":"0"},"categories":[1457],"tags":[64308,1537,90,89,10070,245,244,1273],"class_list":["post-462183","post","type-post","status-publish","format-standard","has-post-thumbnail","category-tennis","tag-andy-murray","tag-it","tag-italia","tag-italy","tag-novak-djokovic","tag-sport","tag-sports","tag-tennis"],"share_on_mastodon":{"url":"https:\/\/pubeurope.com\/@it\/116472428318043457","error":""},"_links":{"self":[{"href":"https:\/\/www.europesays.com\/it\/wp-json\/wp\/v2\/posts\/462183","targetHints":{"allow":["GET"]}}],"collection":[{"href":"https:\/\/www.europesays.com\/it\/wp-json\/wp\/v2\/posts"}],"about":[{"href":"https:\/\/www.europesays.com\/it\/wp-json\/wp\/v2\/types\/post"}],"author":[{"embeddable":true,"href":"https:\/\/www.europesays.com\/it\/wp-json\/wp\/v2\/users\/3"}],"replies":[{"embeddable":true,"href":"https:\/\/www.europesays.com\/it\/wp-json\/wp\/v2\/comments?post=462183"}],"version-history":[{"count":0,"href":"https:\/\/www.europesays.com\/it\/wp-json\/wp\/v2\/posts\/462183\/revisions"}],"wp:featuredmedia":[{"embeddable":true,"href":"https:\/\/www.europesays.com\/it\/wp-json\/wp\/v2\/media\/462184"}],"wp:attachment":[{"href":"https:\/\/www.europesays.com\/it\/wp-json\/wp\/v2\/media?parent=462183"}],"wp:term":[{"taxonomy":"category","embeddable":true,"href":"https:\/\/www.europesays.com\/it\/wp-json\/wp\/v2\/categories?post=462183"},{"taxonomy":"post_tag","embeddable":true,"href":"https:\/\/www.europesays.com\/it\/wp-json\/wp\/v2\/tags?post=462183"}],"curies":[{"name":"wp","href":"https:\/\/api.w.org\/{rel}","templated":true}]}}