{"id":462247,"date":"2026-04-26T19:20:13","date_gmt":"2026-04-26T19:20:13","guid":{"rendered":"https:\/\/www.europesays.com\/it\/462247\/"},"modified":"2026-04-26T19:20:13","modified_gmt":"2026-04-26T19:20:13","slug":"la-storia-di-beppe-curto-il-goriziano","status":"publish","type":"post","link":"https:\/\/www.europesays.com\/it\/462247\/","title":{"rendered":"la storia di Beppe Curto \u2022 Il Goriziano"},"content":{"rendered":"<p>C\u2019era anche Gorizia alla festa per la vittoria dell\u2019ottavo scudetto consecutivo della Imoco Conegliano, titolo conquistato lo scorso mercoled\u00ec 22 aprile nella gara 4 della finale di A1 femminile contro la Vero Volley Milano. <strong>Ad arbitrare la partita \u00e8 stato infatti il goriziano Giuseppe Curto, arbitro di serie A dal 2013<\/strong>, Responsabile Regionale degli Ufficiali di Gara del Friuli Venezia Giulia dal 2021 e arbitro Internazionale di Beach Volley dal 2015.<\/p>\n<p>Nella sua trentennale carriera, molti gli appuntamenti significativi cui ha avuto modo di partecipare partendo dalla Finale di Junior League del 2013 per arrivare, prima della gara di mercoled\u00ec, alla <strong>finale di Coppa Italia Femminile di Torino di fine gennaio 2026<\/strong>.<\/p>\n<p>Eppure si tratta di un percorso tutt\u2019altro che premeditato. \u00ab<strong>Ho iniziato nel 1997 per puro caso<\/strong>. Ero in quinta superiore, giocavo a basket e quando questa esperienza \u00e8 finita un caro amico che giocava a pallavolo, e che poi \u00e8 diventato il mio testimone di nozze, mi ha proposto di fare il corso di arbitro\u00bb ricorda Curto, raggiunto telefonicamente ieri in un momento di relax favorito dalla Festa della Liberazione.<\/p>\n<p>\u00abHo frequentato il corso a Gorizia, presso il comitato provinciale che si trovava in piazza Vittoria. Poi per un anno sono stato arbitro provinciale, quello che adesso \u00e8 il livello territoriale, per i quattro anni successivi sono passato al livello regionale, nel 2002 sono diventato arbitro nazionale di serie B per arrivare alla serie A nel 2013. Nel frattempo<strong> sono anche diventato arbitro internazionale di beach volley<\/strong>, incarico che lo scorso anno mi ha portato ai mondiali di Adelaide, in Australia, dove ha diretto la finale 3\u00b0-4\u00b0 posto\u00bb.<\/p>\n<p>Classe 1978, sposato e padre di due figli (che, per inciso, non sono pallavolisti), Giuseppe riesce a destreggiarsi fra i mille impegni dell\u2019arbitraggio (alcuni comunicati solo pochi giorni prima delle gare) grazie a un lavoro come libero professionista. \u00abLa disponibilit\u00e0 \u00e8 massima, dopo 20 anni di arbitraggio solo quest\u2019anno ho dovuto rinunciare a una partita. <strong>Nella serie A siamo 120 arbitri divisi in 4 gruppi: io rientro nel gruppo 1 che si rivolge solo alla A1 femminile e alla super lega maschile.<\/strong> Cos\u00ec seguiamo una media di 23 gare ciascuno\u00bb.<\/p>\n<p><strong>Come \u00e8 cambiata la pallavolo negli anni? Meglio arbitrare adesso o quando hai iniziato?<\/strong>&#13;<br \/>\n<br \/>La pallavolo \u00e8 stata uno dei primi sport ad avere il sistema elettronico di videocheck per le chiamate arbitrali, che dobbiamo per\u00f2 essere bravi a gestire nei momenti topici. Noi lo abbiamo accolto molto bene, \u00e8 servito a calmare gli animi anche se le statistiche sono sempre a nostro favore perch\u00e9 per esempio, per valutare se una palla sia dentro o fuori, usiamo la tecnica dell\u2019anticipo e raramente cadiamo in errore. \u00c8 comunque cambiato il mondo dei giocatori: sono tutti pi\u00f9 tranquilli e la pallavolo \u00e8 comunque uno sport in cui c\u2019\u00e8 molta consapevolezza e fairplay. C\u2019\u00e8 un clima positivo anche nel pubblico: pensa che alla finale di mercoled\u00ec non c\u2019\u00e8 stato un coro contro da parte di nessuna delle due tifoserie.<\/p>\n<p><strong>Qual \u00e8 stato il momento pi\u00f9 emozionante e quale il pi\u00f9 difficile della finale?<\/strong>&#13;<br \/>\n<br \/>L\u2019inno d\u2019Italia quando inizia la partita \u00e8 senza dubbio una forte emozione: essere l\u00ec a centro campo, sapere di essere in diretta tv\u2026 Quello pi\u00f9 difficile: in realt\u00e0 \u00e8 stata una gara semplice da arbitrare grazie alle giocatrici e ai colleghi che avevo come secondo e terzo arbitro, come segnapunti e addetto al videocheck.<\/p>\n<p><strong>Cosa ti preoccupava di pi\u00f9 prima dell\u2019inizio del match?<\/strong>&#13;<br \/>\n<br \/>Di solito riesco a non essere teso nonostante la posta in palio: era una gara dentro-fuori visto che il Conegliano aveva gi\u00e0 vinto due partite. Ma quando inizia la partita mi isolo nel mio mondo e non percepisco nulla di ci\u00f2 che succede fuori dal campo.<\/p>\n<p><strong>Cosa pensi della pallavolo a livello regionale e locale?<\/strong>&#13;<br \/>\n<br \/>Riesco a seguire anche perch\u00e9 sono responsabile regionale degli arbitri, responsabile della loro promozione. Siamo sempre stati una regione che ha sfornato giocatori di alto livello dal punto di vista tecnico ma il nostro problema \u00e8 la popolazione totale, non riusciamo mai ad arrivare in alto come squadre. Un\u2019altra criticit\u00e0, non solo a livello locale, \u00e8 il settore maschile: nonostante siamo forti nella nazionale, si stenta a iniziare a giocare e questo a lungo andare si ripercuoter\u00e0 anche nei gironi pi\u00f9 alti. La fortuna di Gorizia \u00e8 avere vicino la Slovenia, che \u00e8 anche a un buon livello di gioco: potendo contare su numerose competizioni internazionali, abbiamo una cartina di tornasole immediata delle nostre capacit\u00e0 e mancanze.<\/p>\n<p><strong>Per quanto riguarda Gorizia nello specifico?<\/strong><br \/>La situazione \u00e8 positiva a livello di numeri perch\u00e8 ci sono tanti iscritti nelle squadre giovanili. Poi \u00e8 stata appena approvata la legge che permetter\u00e0 alle squadre di usare le palestre scolastiche: ne stiamo usando gi\u00e0 tante a Gorizia e Trieste ma spero che questo provvedimento possa aiutare le squadre perch\u00e8 so che hanno spesso problemi di gestione degli allenamenti.<\/p>\n<p><strong>Qual \u00e8 il tuo sogno nella pallavolo?<\/strong>&#13;<br \/>\n<br \/>Distinguo sempre tra obiettivi e sogni: gli obiettivi sono tanti nel corso della carriera ma li ho raggiunti quasi tutti, il sogno invece sono le Olimpiadi. Per la pallavolo in generale abbiamo acquisito pi\u00f9 visibilit\u00e0 sui media, siamo poco sui quotidiani sportivi ma non so quanto siano ancora letti mentre tutti le stanno riconoscendo il rispetto che merita grazie anche agli endorsement del Presidente della Repubblica e del Presidente del Coni. Potremmo fare di pi\u00f9 ma un bel traguardo \u00e8 comunque il fatto che negli ultimi anni sia arrivata su Rai2 la finale di coppa Italia.<\/p>\n<p><strong>I tuoi prossimi impegni?<\/strong>&#13;<br \/>\n<br \/>Ancora non li conosco con precisione, spesso veniamo avvisati all\u2019ultimo momento. Adesso restano la finale di Superlega maschile, le semifinali e le finali della Challenge Cup mentre gi\u00e0 \u00e8 iniziata la stagione del beach volley che mi ha portato in Brasile ad aprile mentre a giugno sar\u00f2 a Gstaad, in Svizzera, e ad agosto ad Amburgo per i mondiali internazionali.<\/p>\n<p>Foto Rubin \/ LVF e\u00a0Mauro Gerosa<\/p>\n<p><b style=\"background-color: transparent;\">Rimani sempre aggiornato sulle ultime notizie dal Territorio, iscriviti al nostro canale <\/b><a href=\"https:\/\/t.me\/ilgoriziano\" h=\"t\" rel=\"nofollow\"><b>Telegram<\/b><\/a><b style=\"background-color: transparent;\">, seguici su <a href=\"https:\/\/www.facebook.com\/ilgoriziano\" h=\"t\" rel=\"nofollow noopener\" target=\"_blank\">Facebook<\/a> o su <a href=\"https:\/\/www.instagram.com\/ilgoriziano\/\" h=\"t\" rel=\"nofollow noopener\" target=\"_blank\">Instagram<\/a>! Per segnalazioni (anche Whatsapp e Telegram) la redazione de Il Goriziano \u00e8 contattabile al +39 328 663 0311.<\/b><script async src=\"\/\/www.instagram.com\/embed.js\"><\/script><\/p>\n","protected":false},"excerpt":{"rendered":"C\u2019era anche Gorizia alla festa per la vittoria dell\u2019ottavo scudetto consecutivo della Imoco Conegliano, titolo conquistato lo scorso&hellip;\n","protected":false},"author":3,"featured_media":462248,"comment_status":"","ping_status":"","sticky":false,"template":"","format":"standard","meta":{"footnotes":"","_share_on_mastodon":"0"},"categories":[1474],"tags":[96992,1537,90,89,258516,245,244,1869,66155],"class_list":["post-462247","post","type-post","status-publish","format-standard","has-post-thumbnail","category-volley","tag-imoco-volley","tag-it","tag-italia","tag-italy","tag-pallavolo-femminile-serie-a1-pallavolo","tag-sport","tag-sports","tag-volley","tag-volley-femminile"],"share_on_mastodon":{"url":"https:\/\/pubeurope.com\/@it\/116472632258878857","error":""},"_links":{"self":[{"href":"https:\/\/www.europesays.com\/it\/wp-json\/wp\/v2\/posts\/462247","targetHints":{"allow":["GET"]}}],"collection":[{"href":"https:\/\/www.europesays.com\/it\/wp-json\/wp\/v2\/posts"}],"about":[{"href":"https:\/\/www.europesays.com\/it\/wp-json\/wp\/v2\/types\/post"}],"author":[{"embeddable":true,"href":"https:\/\/www.europesays.com\/it\/wp-json\/wp\/v2\/users\/3"}],"replies":[{"embeddable":true,"href":"https:\/\/www.europesays.com\/it\/wp-json\/wp\/v2\/comments?post=462247"}],"version-history":[{"count":0,"href":"https:\/\/www.europesays.com\/it\/wp-json\/wp\/v2\/posts\/462247\/revisions"}],"wp:featuredmedia":[{"embeddable":true,"href":"https:\/\/www.europesays.com\/it\/wp-json\/wp\/v2\/media\/462248"}],"wp:attachment":[{"href":"https:\/\/www.europesays.com\/it\/wp-json\/wp\/v2\/media?parent=462247"}],"wp:term":[{"taxonomy":"category","embeddable":true,"href":"https:\/\/www.europesays.com\/it\/wp-json\/wp\/v2\/categories?post=462247"},{"taxonomy":"post_tag","embeddable":true,"href":"https:\/\/www.europesays.com\/it\/wp-json\/wp\/v2\/tags?post=462247"}],"curies":[{"name":"wp","href":"https:\/\/api.w.org\/{rel}","templated":true}]}}