{"id":462257,"date":"2026-04-26T19:28:14","date_gmt":"2026-04-26T19:28:14","guid":{"rendered":"https:\/\/www.europesays.com\/it\/462257\/"},"modified":"2026-04-26T19:28:14","modified_gmt":"2026-04-26T19:28:14","slug":"il-figlio-di-liliana-segre-non-so-se-terro-la-tessera-dellanpi","status":"publish","type":"post","link":"https:\/\/www.europesays.com\/it\/462257\/","title":{"rendered":"Il figlio di Liliana Segre: \u00abNon so se terr\u00f2 la tessera dell&#8217;Anpi\u00bb"},"content":{"rendered":"<p>    di<br \/>\n    Redazione online<\/p>\n<p class=\"summary-art is-line-h-12\">Luciano Belli Paci dopo gli attacchi alla Brigata Ebraica durante il 25 aprile: \u00abA rischio la manifestazione unitaria per l&#8217;anno prossimo\u00bb<\/p>\n<p class=\"chapter-paragraph\">\u00abNon so se ci sono le condizioni per tenere la tessera dell&#8217;Anpi\u00bb: \u00e8 quanto ha detto Luciano Belli Paci, figlio della senatrice a vita Liliana Segre, che ieri ha sfilato al corteo del 25 aprile a Milano insieme alla Brigata Ebraica con lo striscione di \u00abSinistra per Israele\u00bb. Il figlio della senatrice \u00e8 scettico anche sulla possibilit\u00e0 che ci possa essere in futuro una celebrazione unitaria della Festa della liberazione dopo il caos del corteo di Milano. Qui gli appartenenti alla brigata Ebraica hanno dovuto essere scortati fuori dal corteo dalla polizia dopo le invettive subite da altri partecipanti alla manifestazione.\u00a0<\/p>\n<p class=\"chapter-paragraph\">Belli Paci non \u00e8 d&#8217;accordo con le accuse rivolte all&#8217;Anpi dal presidente della Comunit\u00e0 ebraica di Milano Walker Meghnagi, ma \u00e8 comunque convinto che \u00abi commenti del presidente Pagliarulo siano inaccettabili. \u00c8 inaccettabile dare la colpa di quanto \u00e8 successo a chi l&#8217;ha subito. Questa non \u00e8 l&#8217;Anpi a cui sono iscritto e di cui sarei dirigente\u00bb.    &#13;<br \/>\n&#13;<br \/>\n&#13;<br \/>\n&#13;<br \/>\n&#13;<br \/>\n&#13;<br \/>\n&#13;<br \/>\n&#13;<br \/>\n&#13;<br \/>\n&#13;<br \/>\n&#13;<br \/>\n&#13;<br \/>\n&#13;<br \/>\n&#13;<br \/>\n&#13;<br \/>\n&#13;<br \/>\n&#13;<br \/>\n&#13;<br \/>\n&#13;<br \/>\n&#13;<br \/>\n&#13;<br \/>\n&#13;<br \/>\n&#13;<br \/>\n&#13;<br \/>\n&#13;<br \/>\n&#13;<br \/>\n&#13;<br \/>\n&#13;<br \/>\n&#13;<br \/>\n&#13;<br \/>\n&#13;<br \/>\n&#13;<br \/>\n&#13;<br \/>\n&#13;<br \/>\n&#13;<br \/>\n&#13;<br \/>\n&#13;<br \/>\n&#13;<br \/>\n&#13;<br \/>\n&#13;<br \/>\n&#13;<br \/>\n&#13;<br \/>\n&#13;<br \/>\n&#13;<br \/>\n&#13;<br \/>\n&#13;<br \/>\n&#13;<br \/>\n&#13;<br \/>\n&#13;<br \/>\n&#13;<br \/>\n&#13;<br \/>\n&#13;<br \/>\n&#13;\n<\/p>\n<p class=\"chapter-paragraph\">\u00abMi aspettavo contestazioni perch\u00e9 sono anni che le subiamo, ma non un&#8217;operazione di quel genere &#8211; spiega\u00a0 -. Essere bloccati e sequestrati per un paio d&#8217;ore, circondati davanti, dietro e ai lati e poi espulsi dal corteo, non me lo aspettavo.\u00a0 Pensavo sarebbe stato sufficiente il servizio d&#8217;ordine dei City Angels e delle forze dell&#8217;ordine come gli altri anni\u00bb. Belli Paci stigmatizza i commenti del presidente nazionale dell&#8217;Anpi Pagliarulo: \u00ab\u00c8 inaccettabile dare la colpa di quanto \u00e8 successo a chi l&#8217;ha subito. Questa non \u00e8 l&#8217;Anpi a cui sono iscritto e di cui sarei dirigente\u00bb. E quindi terr\u00e0 la tessera? \u00abDevo pensarci. Non so se ci sono le condizioni. Fra i contestatori ce n&#8217;erano diversi che avevano il fazzoletto dell&#8217;Anpi. Pensare che persone della stessa associazione si sono unite a questa canea di insulti&#8230;\u00bb.\u00a0<\/p>\n<p class=\"chapter-paragraph\">Per\u00f2 di una cosa \u00e8 certo: rester\u00e0 di sinistra. <b>\u00abSono un vecchio socialista e non lascio il campo della sinistra a questi\u00bb<\/b>. Certo, su quanto successo ci sono delle responsabilit\u00e0, soprattutto \u00ab\u00e8 mancata la consapevolezza di quello che sarebbe successo non fermando una certa deriva\u00bb. Quando si sono verificati fatti come<b> \u00abbullizzare turisti israeliani nei ristoranti<\/b>, come se dovessero rispondere dell&#8217;operato del governo del loro Paese, abbiamo chiesto: &#8220;dite qualcosa&#8221; ma in casi come questi<b> \u00e8 mancata una parola di Pd, Anpi e sindacati<\/b> e la situazione \u00e8 andata via, via degenerando. Non va bene consentire di diffamare senza reagire e mettere tutto nel mucchio\u00bb. E ora <b>resta aperta la questione della manifestazione del prossimo anno<\/b>. \u00abA Milano avevamo l&#8217;orgoglio di aver evitato il disastro di Roma dove da alcuni anni ci sono due manifestazioni separate. Finora siamo riusciti a mantenere una manifestazione unitaria del 25 aprile con dentro tutti. Ma quanto successo ieri lo mette a repentaglio.<\/p>\n<p class=\"is-last-update\" datetime=\"2026-04-26T21:23:17+02:00\">26 aprile 2026 ( modifica il 26 aprile 2026 | 21:23)<\/p>\n<p class=\"is-copyright\">\n            \u00a9 RIPRODUZIONE RISERVATA\n        <\/p>\n","protected":false},"excerpt":{"rendered":"di Redazione online Luciano Belli Paci dopo gli attacchi alla Brigata Ebraica durante il 25 aprile: \u00abA rischio&hellip;\n","protected":false},"author":3,"featured_media":462258,"comment_status":"","ping_status":"","sticky":false,"template":"","format":"standard","meta":{"footnotes":"","_share_on_mastodon":"0"},"categories":[1451],"tags":[5838,258519,258520,258521,258522,3587,32737,25909,94377,292,17682,1621,1620,2905,258523,258524,2715,13416,1509,203,2716,204,1537,90,89,13720,28,64109,135,315,1272,1886,24070,258518],"class_list":["post-462257","post","type-post","status-publish","format-standard","has-post-thumbnail","category-celebrita","tag-anpi","tag-anpi-iscritto","tag-anpi-iscritto-dirigente","tag-anpi-luciano","tag-anpi-luciano-belli","tag-aprile","tag-aspettavo","tag-belli","tag-belli-paci","tag-brigata","tag-brigata-ebraica","tag-celebrita","tag-celebrities","tag-colpa","tag-colpa-successo","tag-colpa-successo-anpi","tag-commenti","tag-corteo","tag-ebraica","tag-entertainment","tag-figlio","tag-intrattenimento","tag-it","tag-italia","tag-italy","tag-manifestazione","tag-milano","tag-paci","tag-presidente","tag-sinistra","tag-so","tag-successo","tag-tessera","tag-unitaria"],"share_on_mastodon":{"url":"https:\/\/pubeurope.com\/@it\/116472663675296024","error":""},"_links":{"self":[{"href":"https:\/\/www.europesays.com\/it\/wp-json\/wp\/v2\/posts\/462257","targetHints":{"allow":["GET"]}}],"collection":[{"href":"https:\/\/www.europesays.com\/it\/wp-json\/wp\/v2\/posts"}],"about":[{"href":"https:\/\/www.europesays.com\/it\/wp-json\/wp\/v2\/types\/post"}],"author":[{"embeddable":true,"href":"https:\/\/www.europesays.com\/it\/wp-json\/wp\/v2\/users\/3"}],"replies":[{"embeddable":true,"href":"https:\/\/www.europesays.com\/it\/wp-json\/wp\/v2\/comments?post=462257"}],"version-history":[{"count":0,"href":"https:\/\/www.europesays.com\/it\/wp-json\/wp\/v2\/posts\/462257\/revisions"}],"wp:featuredmedia":[{"embeddable":true,"href":"https:\/\/www.europesays.com\/it\/wp-json\/wp\/v2\/media\/462258"}],"wp:attachment":[{"href":"https:\/\/www.europesays.com\/it\/wp-json\/wp\/v2\/media?parent=462257"}],"wp:term":[{"taxonomy":"category","embeddable":true,"href":"https:\/\/www.europesays.com\/it\/wp-json\/wp\/v2\/categories?post=462257"},{"taxonomy":"post_tag","embeddable":true,"href":"https:\/\/www.europesays.com\/it\/wp-json\/wp\/v2\/tags?post=462257"}],"curies":[{"name":"wp","href":"https:\/\/api.w.org\/{rel}","templated":true}]}}