{"id":462545,"date":"2026-04-27T00:12:17","date_gmt":"2026-04-27T00:12:17","guid":{"rendered":"https:\/\/www.europesays.com\/it\/462545\/"},"modified":"2026-04-27T00:12:17","modified_gmt":"2026-04-27T00:12:17","slug":"trovati-altri-due-esemplari-sky-tg24","status":"publish","type":"post","link":"https:\/\/www.europesays.com\/it\/462545\/","title":{"rendered":"trovati altri due esemplari |Sky TG24"},"content":{"rendered":"<p>Specie aliena e pericolosa, pu\u00f2 infliggere morsi gravissimi e minaccia la biodiversit\u00e0 locale. In caso di avvistamento, autorit\u00e0 e ambientalisti invitano a non avvicinarsi e segnalare subito ogni incontro<\/p>\n<p>Corpo massiccio, becco affilato e una forza capace di infliggere morsi gravissimi. Non \u00e8 un animale esotico, ma una presenza ormai ricorrente alle porte di Roma. Due tartarughe azzannatrici &#8211; tra le specie pi\u00f9 aggressive al mondo &#8211; sono state ritrovate nella riserva naturale di Torre Flavia, tra Ladispoli e Cerveteri. I due esemplari sono stati individuati a distanza di pochi giorni l&#8217;uno dall&#8217;altro, lungo l&#8217;area costiera protetta. Come riporta Il Messaggero, il primo avvistamento \u00e8 avvenuto durante un&#8217;iniziativa ambientale, quando alcuni volontari hanno segnalato l&#8217;animale. Mentre erano in corso le operazioni di recupero, un secondo esemplare \u00e8 stato individuato poco distante, lungo un sentiero frequentato da pescatori. Segnali che fanno pensare a una presenza ormai stabile.<\/p>\n<p>\t        <img decoding=\"async\" crossorigin=\"anonymous\" src=\"https:\/\/www.europesays.com\/it\/wp-content\/uploads\/2026\/04\/Screenshot_2026-04-26_alle_12.04.10.png\" class=\"c-inline-image__img j-lazyload\" itemprop=\"contentUrl\" loading=\"lazy\" data-cmp-hook-image=\"image\" alt=\"Foto Instagram Etologo Andrea Lunerti \" title=\"Foto Instagram Etologo Andrea Lunerti \"\/><\/p>\n<p>\t       \tFoto Instagram Etologo Andrea Lunerti   <\/p>\n<p>\t\t\tUna specie pericolosa<\/p>\n<p>Originaria del Nord America, la\u00a0Chelydra serpentina\u00a0\u00e8 classificata come specie aliena invasiva. In Italia \u00e8 vietato detenerla o venderla, ma commercio illegale e abbandoni ne hanno favorito la diffusione. Il rischio non \u00e8 solo ambientale: questi rettili possono allungare il collo con scatti rapidissimi e colpire con un\u00a0morso estremamente potente, causando ferite serie. L&#8217;etologo Andrea Lunerti, impegnato da anni nei recuperi, avverte: &#8220;Abbiamo gi\u00e0 intercettato oltre 25 esemplari tra campagna e citt\u00e0&#8221;.\u00a0<\/p>\n<p>\t\t\tTrappole, monitoraggi e ipotesi riproduttive<\/p>\n<p>Parallelamente si lavora a sistemi di cattura specifici, come le\u00a0basking trap: piattaforme galleggianti che intercettano gli animali quando emergono dall&#8217;acqua per scaldarsi al sole.\u00a0Nella riserva di Torre Flavia, gli esperti ritengono plausibile che gli ultimi esemplari siano nati direttamente in loco, forse discendenti di una femmina individuata anni fa. L&#8217;assenza di predatori naturali le rende una minaccia per la biodiversit\u00e0, perch\u00e9 competono con le specie autoctone e alterano gli equilibri dell&#8217;ecosistema. Nelle prossime settimane partir\u00e0 un progetto di ricerca per analizzare morfologia e Dna degli esemplari. L&#8217;obiettivo \u00e8 verificare eventuali legami di parentela e la dinamica della loro espansione sul territorio.<\/p>\n<p>\u00a0<\/p>\n<p>\t\t \tCosa fare in caso di incontro\u00a0<\/p>\n<p>Le autorit\u00e0 e le associazioni ambientaliste sono chiare: non avvicinarsi. In caso di avvistamento, mantenere le distanze e contattare immediatamente il numero unico di emergenza 112.<\/p>\n<p>\t\t\t<a class=\"c-inline-card j-inline-card c-inline-card--with-image\" href=\"https:\/\/tg24.sky.it\/ambiente\/2026\/04\/25\/giornata-mondiale-pinguino-curiosita\" rel=\"follow nofollow noopener\" data-intcmp=\"skytg24_articolo_approfondimenti_inline\" target=\"_blank\"><\/p>\n<p>\t\t\t         <img decoding=\"async\" crossorigin=\"anonymous\" alt=\"\" src=\"https:\/\/www.europesays.com\/it\/wp-content\/uploads\/2026\/04\/pinguino_imperatore_ipa.jpg\"  loading=\"lazy\"  bad-src=\"https:\/\/www.europesays.com\/it\/wp-content\/uploads\/2026\/04\/pinguino_imperatore_ipa.jpg\"\/><\/p>\n<p>\n\t\t\t         Potrebbe interessarti<br \/>\n\t\t\t         Giornata mondiale del pinguino, 10 curiosit\u00e0\n\t\t\t      <\/p>\n<p>\t\t\t<\/a><\/p>\n<p>\t            TAG:<\/p>\n","protected":false},"excerpt":{"rendered":"Specie aliena e pericolosa, pu\u00f2 infliggere morsi gravissimi e minaccia la biodiversit\u00e0 locale. In caso di avvistamento, autorit\u00e0&hellip;\n","protected":false},"author":3,"featured_media":462546,"comment_status":"","ping_status":"","sticky":false,"template":"","format":"standard","meta":{"footnotes":"","_share_on_mastodon":"0"},"categories":[79],"tags":[364,14,93,94,1537,90,89,7040,7,15,4739,142297,11,84,91,12,85,92],"class_list":["post-462545","post","type-post","status-publish","format-standard","has-post-thumbnail","category-italia","tag-collaboratori","tag-cronaca","tag-cronaca-italiana","tag-cronacaitaliana","tag-it","tag-italia","tag-italy","tag-killer","tag-news","tag-notizie","tag-specie","tag-tartaruga","tag-ultime-notizie","tag-ultime-notizie-e-news-di-oggi","tag-ultime-notizie-italia","tag-ultimenotizie","tag-ultimenotizieenewsdioggi","tag-ultimenotizieitalia"],"share_on_mastodon":{"url":"https:\/\/pubeurope.com\/@it\/116473780551689090","error":""},"_links":{"self":[{"href":"https:\/\/www.europesays.com\/it\/wp-json\/wp\/v2\/posts\/462545","targetHints":{"allow":["GET"]}}],"collection":[{"href":"https:\/\/www.europesays.com\/it\/wp-json\/wp\/v2\/posts"}],"about":[{"href":"https:\/\/www.europesays.com\/it\/wp-json\/wp\/v2\/types\/post"}],"author":[{"embeddable":true,"href":"https:\/\/www.europesays.com\/it\/wp-json\/wp\/v2\/users\/3"}],"replies":[{"embeddable":true,"href":"https:\/\/www.europesays.com\/it\/wp-json\/wp\/v2\/comments?post=462545"}],"version-history":[{"count":0,"href":"https:\/\/www.europesays.com\/it\/wp-json\/wp\/v2\/posts\/462545\/revisions"}],"wp:featuredmedia":[{"embeddable":true,"href":"https:\/\/www.europesays.com\/it\/wp-json\/wp\/v2\/media\/462546"}],"wp:attachment":[{"href":"https:\/\/www.europesays.com\/it\/wp-json\/wp\/v2\/media?parent=462545"}],"wp:term":[{"taxonomy":"category","embeddable":true,"href":"https:\/\/www.europesays.com\/it\/wp-json\/wp\/v2\/categories?post=462545"},{"taxonomy":"post_tag","embeddable":true,"href":"https:\/\/www.europesays.com\/it\/wp-json\/wp\/v2\/tags?post=462545"}],"curies":[{"name":"wp","href":"https:\/\/api.w.org\/{rel}","templated":true}]}}