{"id":463396,"date":"2026-04-27T14:37:15","date_gmt":"2026-04-27T14:37:15","guid":{"rendered":"https:\/\/www.europesays.com\/it\/463396\/"},"modified":"2026-04-27T14:37:15","modified_gmt":"2026-04-27T14:37:15","slug":"garlasco-non-si-ferma-il-putiferio-creato-dalla-bruzzone","status":"publish","type":"post","link":"https:\/\/www.europesays.com\/it\/463396\/","title":{"rendered":"Garlasco, non si ferma il putiferio creato dalla Bruzzone"},"content":{"rendered":"<p data-start=\"150\" data-end=\"511\">Con la storia degli audio, <strong>Roberta Bruzzone<\/strong> ha scatenato un vero e proprio putiferio mediatico. Domenica \u00e8 sceso pesantemente in campo contro la criminologa anche Salvo Sottile, conduttore di <strong>FarWest,<\/strong> il programma con cui ha collaborato fino a qualche settimana fa Chiara Ingrosso, l\u2019autrice delle registrazioni \u201crubate\u201d, nonch\u00e9 pupilla della stessa Bruzzone.<\/p>\n<p data-start=\"513\" data-end=\"1251\">Il popolare giornalista siciliano non ha usato mezzi termini nel seguente post pubblicato sui social: \u201cMi fa abbastanza sorridere la signora Bruzzone che, con quel tono da giudice morale, va a Quarto Grado, programma dove aveva giurato di non mettere pi\u00f9 piede, per dire che a Chiara Ingrosso \u00e8 stato impedito di fare il suo lavoro. Cio\u00e8 fa intendere che <strong>FarWest o io l\u2019avremmo censurata.<\/strong> Ovviamente di questo risponder\u00e0 nelle sedi opportune. \u2018Noi ne abbiamo evidenza\u2019. Ma noi chi? A nome di chi parla la Bruzzone? FarWest non ha mai censurato nessuno e ha al suo attivo giornalisti di valore che usano le registrazioni per il programma, non per consegnarle alla Bruzzone e consentirle di andare a Quarto Grado a fare il fenomeno. Dopodich\u00e9, la signora Bruzzone per un mese ha detto che avrebbe presentato lei un esposto. Poi chi \u00e8 che lo presenta? Una giornalista che, a suo dire, sarebbe stata censurata. Per ora mi fermo qui\u201d.<\/p>\n<p data-start=\"1514\" data-end=\"1943\">D\u2019altro canto, a voler essere buoni, sembra che la criminologa stia attraversando <strong>una fase dominata dal nervosismo<\/strong>. Ci\u00f2 \u00e8 dimostrato dall\u2019incontenibile aggressivit\u00e0 che ha manifestato proprio nel corso del programma di Gianluigi Nuzzi, dando testualmente dello psicopatico a un personaggio \u2013 forse uno youtuber \u2013 che starebbe raccogliendo adesioni per una querela nei suoi confronti, e dei mentecatti alle persone che lo seguono..<\/p>\n<p data-start=\"1514\" data-end=\"1943\"><strong>Leggi anche:\u00a0<\/strong><\/p>\n<p data-start=\"1945\" data-end=\"2359\">Ora, come ho gi\u00e0 avuto modo di sostenere in precedenza, credo che, in questa delicata fase del caso di Garlasco, in cui gran parte degli italiani spera che sia fatta veramente giustizia su un conclamato<strong> errore giudiziario,<\/strong> chi cerca di alzare un continuo polverone per delegittimare la nuova indagine, gettando fango su chi si batte per la riabilitazione di <strong>Alberto Stasi,<\/strong> altro non otterr\u00e0 che farsi male da solo. D\u2019altro canto, come mi disse molti anni fa una mia cara amica, psicologa di professione, se non fai altro che prendere a calci il mondo circostante, alla fine il mondo medesimo ti restituisce gli stessi calci, con gli interessi.<strong> Meditate, criminologi, meditate.<\/strong><\/p>\n<p data-start=\"2628\" data-end=\"2642\">Claudio Romiti, 27 aprile 2026<\/p>\n<p>Nicolaporro.it \u00e8 anche su Whatsapp. \u00c8 sufficiente\u00a0<a href=\"https:\/\/www.whatsapp.com\/channel\/0029VaKN8o99xVJeRksTAl0p\" target=\"_blank\" rel=\"noopener nofollow\">cliccare qui<\/a>\u00a0per iscriversi al canale ed essere sempre aggiornati (gratis).<\/p>\n<p>                            <a href=\"https:\/\/www.nicolaporro.it\/sedute-satiriche\/la-vignetta-di-fantin-26-04-2026\/\" rel=\"nofollow noopener\" target=\"_blank\"><\/p>\n<p>                                    <img decoding=\"async\" class=\"aspect-[3\/4] object-contain\" src=\"https:\/\/www.europesays.com\/it\/wp-content\/uploads\/2026\/04\/verticale-240x450.jpg\" alt=\"Sedute Satiriche di Beppe Fantin - Vignetta del 26\/04\/2026\"\/><\/p>\n<p>                            <\/a><\/p>\n","protected":false},"excerpt":{"rendered":"Con la storia degli audio, Roberta Bruzzone ha scatenato un vero e proprio putiferio mediatico. Domenica \u00e8 sceso&hellip;\n","protected":false},"author":3,"featured_media":463397,"comment_status":"","ping_status":"","sticky":false,"template":"","format":"standard","meta":{"footnotes":"","_share_on_mastodon":"0"},"categories":[174],"tags":[73971,68958,203,204,1537,90,89],"class_list":["post-463396","post","type-post","status-publish","format-standard","has-post-thumbnail","category-intrattenimento","tag-bruzzone","tag-delitto-di-garlasco","tag-entertainment","tag-intrattenimento","tag-it","tag-italia","tag-italy"],"share_on_mastodon":{"url":"https:\/\/pubeurope.com\/@it\/116477182519406039","error":""},"_links":{"self":[{"href":"https:\/\/www.europesays.com\/it\/wp-json\/wp\/v2\/posts\/463396","targetHints":{"allow":["GET"]}}],"collection":[{"href":"https:\/\/www.europesays.com\/it\/wp-json\/wp\/v2\/posts"}],"about":[{"href":"https:\/\/www.europesays.com\/it\/wp-json\/wp\/v2\/types\/post"}],"author":[{"embeddable":true,"href":"https:\/\/www.europesays.com\/it\/wp-json\/wp\/v2\/users\/3"}],"replies":[{"embeddable":true,"href":"https:\/\/www.europesays.com\/it\/wp-json\/wp\/v2\/comments?post=463396"}],"version-history":[{"count":0,"href":"https:\/\/www.europesays.com\/it\/wp-json\/wp\/v2\/posts\/463396\/revisions"}],"wp:featuredmedia":[{"embeddable":true,"href":"https:\/\/www.europesays.com\/it\/wp-json\/wp\/v2\/media\/463397"}],"wp:attachment":[{"href":"https:\/\/www.europesays.com\/it\/wp-json\/wp\/v2\/media?parent=463396"}],"wp:term":[{"taxonomy":"category","embeddable":true,"href":"https:\/\/www.europesays.com\/it\/wp-json\/wp\/v2\/categories?post=463396"},{"taxonomy":"post_tag","embeddable":true,"href":"https:\/\/www.europesays.com\/it\/wp-json\/wp\/v2\/tags?post=463396"}],"curies":[{"name":"wp","href":"https:\/\/api.w.org\/{rel}","templated":true}]}}