{"id":464434,"date":"2026-04-28T08:00:12","date_gmt":"2026-04-28T08:00:12","guid":{"rendered":"https:\/\/www.europesays.com\/it\/464434\/"},"modified":"2026-04-28T08:00:12","modified_gmt":"2026-04-28T08:00:12","slug":"ancora-citta-del-basket-se-la-squadra-simbolo-diventa-ospite-a-casa-sua","status":"publish","type":"post","link":"https:\/\/www.europesays.com\/it\/464434\/","title":{"rendered":"Ancora citt\u00e0 del basket? Se la squadra-simbolo diventa ospite a casa sua"},"content":{"rendered":"<p>Tutti vogliono la <strong>Vitrifrigo Arena<\/strong>, Aspes e il Comune gliela danno per poi ricordarsi all\u2019improvviso che nel salotto sportivo della citt\u00e0 c\u2019\u00e8 quel mobiletto che occupa spazio. E allora lo spostiamo: a Forl\u00ec, a Jesi, ad Ancona, a Porto San Giorgio, vedremo dove ma non a casa sua, cio\u00e8 in quella che dovrebbe essere la citt\u00e0 del basket ma che ogni anno finisce per esserlo sempre di meno a causa dei suoi amministratori.<\/p>\n<p>Se tre indizi fanno una prova, noi ne abbiamo una decina. Il primo risale a maggio 2022: la <strong>Vuelle<\/strong> arriva ai playoff in Serie A, li gioca contro la <strong>Virtus Bologna<\/strong> ma la Vitrifrigo Arena \u00e8 occupata dal raduno della <strong>Tecnocasa<\/strong>. Uno psicodramma all\u2019improvviso. Non si trova una soluzione, si cercano rimedi tecnici ma sembra che non ce ne siano, si vaga in mezza Italia a caccia di un palasport alternativo ma sarebbe inaccettabile dover emigrare, alla fine l\u2019allora sindaco <strong>Matteo Ricci<\/strong> chiama i vertici di Tecnocasa e ne esce un accordo che salva capra (la convention aziendale) e cavoli (la partita). Pericolo scampato. C\u2019\u00e8 un\u2019attenuante, in quel pasticcio: quando Tecnocasa aveva prenotato l\u2019Astronave, le possibilit\u00e0 che la Vuelle andasse ai playoff erano le stesse che ha un cammello di passare nella cruna di un ago. Per\u00f2 Banchi ci pass\u00f2, in quella cruna.<\/p>\n<p>Ma la lezione non \u00e8 servita. Ricordate i play-in dell\u2019anno scorso? Stessa storia. Alla Vitrifrigo Arena c\u2019\u00e8 Tecnocasa e guai chi la tocca. La Vuelle comincia a fare il giro d\u2019Italia virtuale sperando di trovare una citt\u00e0 che la ospiti: Ancona sfuma, Jesi e Rimini pure, si ipotizza persino il PalaCampanara, poi viene ufficializzata la scelta di giocare a Cento, vengono messi in vendita i biglietti, ma la questura di Ferrara blocca tutto. Alla fine si va a Forl\u00ec dopo una figuraccia senza precedenti e si vince pure (contro Torino), ma \u00e8 tale il disastro che sembra una vittoria di Pirro.<\/p>\n<p>Ora ci risiamo e viene il mal di testa solo a pensare come possa finire stavolta. Dicevamo: c\u2019\u00e8 la <strong>Champions League di calcio a cinque<\/strong> che imporr\u00e0 alla Vuelle di giocare almeno una delle prime due partite playoff a Forl\u00ec. E male, malissimo ha fatto la dirigenza del club ad assecondare il Comune quando la notizia della possibile sovrapposizione era emersa. Poi in concomitanza con le semifinali c\u2019\u00e8 Tecnocasa con cui bisognerebbe trovare un altro accordo tipo quello di Ricci, infine ci sono persino i venditori multilevel con i quali non si capisce nemmeno su cosa si dovrebbe ragionare. Inutile dire che in mezzo a tutta questa storia c\u2019\u00e8 anche la pervicacia con cui \u00e8 stata cancellata ogni traccia di pallacanestro dal vecchio palas. La matrice \u00e8 la stessa. E per fortuna che Pesaro \u00e8 la citt\u00e0 del basket. Se oggi la Vuelle organizzasse la Maxitavolata come dopo lo scudetto del 1988 dovrebbe prima chiedere al Comune se c\u2019\u00e8 il mercatino dell\u2019usato in viale Trieste. O il torneo di freccette.<\/p>\n<p>Ospite a casa sua: proprio un bel modo per festeggiare ottant\u2019anni di vita gloriosa.<\/p>\n<p>Roberto Fiaccarini<\/p>\n","protected":false},"excerpt":{"rendered":"Tutti vogliono la Vitrifrigo Arena, Aspes e il Comune gliela danno per poi ricordarsi all\u2019improvviso che nel salotto&hellip;\n","protected":false},"author":3,"featured_media":464435,"comment_status":"","ping_status":"","sticky":false,"template":"","format":"standard","meta":{"footnotes":"","_share_on_mastodon":"0"},"categories":[1453],"tags":[1756,1757,1819,77283,1537,90,89,17191,245,244,259328],"class_list":["post-464434","post","type-post","status-publish","format-standard","has-post-thumbnail","category-basket","tag-basket","tag-basketball","tag-citta","tag-diventa","tag-it","tag-italia","tag-italy","tag-ospite","tag-sport","tag-sports","tag-squadrasimbolo"],"share_on_mastodon":{"url":"https:\/\/pubeurope.com\/@it\/116481282910182314","error":""},"_links":{"self":[{"href":"https:\/\/www.europesays.com\/it\/wp-json\/wp\/v2\/posts\/464434","targetHints":{"allow":["GET"]}}],"collection":[{"href":"https:\/\/www.europesays.com\/it\/wp-json\/wp\/v2\/posts"}],"about":[{"href":"https:\/\/www.europesays.com\/it\/wp-json\/wp\/v2\/types\/post"}],"author":[{"embeddable":true,"href":"https:\/\/www.europesays.com\/it\/wp-json\/wp\/v2\/users\/3"}],"replies":[{"embeddable":true,"href":"https:\/\/www.europesays.com\/it\/wp-json\/wp\/v2\/comments?post=464434"}],"version-history":[{"count":0,"href":"https:\/\/www.europesays.com\/it\/wp-json\/wp\/v2\/posts\/464434\/revisions"}],"wp:featuredmedia":[{"embeddable":true,"href":"https:\/\/www.europesays.com\/it\/wp-json\/wp\/v2\/media\/464435"}],"wp:attachment":[{"href":"https:\/\/www.europesays.com\/it\/wp-json\/wp\/v2\/media?parent=464434"}],"wp:term":[{"taxonomy":"category","embeddable":true,"href":"https:\/\/www.europesays.com\/it\/wp-json\/wp\/v2\/categories?post=464434"},{"taxonomy":"post_tag","embeddable":true,"href":"https:\/\/www.europesays.com\/it\/wp-json\/wp\/v2\/tags?post=464434"}],"curies":[{"name":"wp","href":"https:\/\/api.w.org\/{rel}","templated":true}]}}