{"id":464551,"date":"2026-04-28T09:51:22","date_gmt":"2026-04-28T09:51:22","guid":{"rendered":"https:\/\/www.europesays.com\/it\/464551\/"},"modified":"2026-04-28T09:51:22","modified_gmt":"2026-04-28T09:51:22","slug":"5-case-belle-diventano-ancora-piu-speciali-grazie-ai-libri","status":"publish","type":"post","link":"https:\/\/www.europesays.com\/it\/464551\/","title":{"rendered":"5 case belle diventano ancora pi\u00f9 speciali grazie ai libri"},"content":{"rendered":"<p>Case belle rese ancora pi\u00f9 speciali dai libri.<\/p>\n<p>In una casa senza <a href=\"https:\/\/www.ad-italia.it\/article\/regali-natale-libri-idee-design-architettura-arte-moda\/\" target=\"_blank\" rel=\"nofollow noopener\">libri<\/a> manca sempre qualcosa. Al di l\u00e0 degli oggetti decorativi o da collezione, i <a href=\"https:\/\/www.ad-italia.it\/article\/come-organizzare-i-libri-in-casa-consigli-idee\/\" target=\"_blank\" rel=\"nofollow noopener\">libri<\/a> sono lo specchio della personalit\u00e0 dei proprietari, oltre alla loro ineffabile qualit\u00e0 di far sentire una casa vissuta e <a href=\"https:\/\/www.ad-italia.it\/gallery\/una-casa-tutta-rosa-elegante-e-romantica-a-milano\/\" target=\"_blank\" rel=\"nofollow noopener\">romantica<\/a>. Ecco cinque case belle, rese ancora pi\u00f9 magiche da una profusione di <a href=\"https:\/\/www.ad-italia.it\/article\/idee-per-sistemare-i-libri-in-una-casa-molto-piccola\/\" target=\"_blank\" rel=\"nofollow noopener\">libri<\/a>.<\/p>\n<p>https:\/\/www.ad-italia.it\/article\/come-scegliere-libreria-come-organizzarla\/<\/p>\n<p>L\u2019appartamento pieno di arte di un curatore a Colaba<img decoding=\"async\" alt=\"librerie libri murales fotografie\" loading=\"lazy\" class=\"ResponsiveImageContainer-dkeESL cQPiWi responsive-image__image\"   src=\"https:\/\/www.europesays.com\/it\/wp-content\/uploads\/2026\/04\/_DSC7513.jpg\"\/><\/p>\n<p>Nella camera da letto un dipinto dell&#8217;artista senegalese Ismaila Manga &#8211; di cui Sharma ha curato una retrospettiva a Dakar &#8211; la cui superficie \u00e8 costruita con carbone e polvere arrugginita raschiata da auto e oggetti domestici abbandonati.<\/p>\n<p>\u00c8 passata un\u2019ora nell\u2019appartamento di Colaba (nella parte vecchia di Mumbai) di <strong>Sumesh Manoj<\/strong> Sharma e la parola \u201csincretismo\u201d \u00e8 stata pronunciata circa una decina di volte (per poi essere sostituita da parole come \u201c<a href=\"https:\/\/www.ad-italia.it\/article\/milano-appartamento-giovane-coppia-cosmopolita-tocchi-colore\/\" target=\"_blank\" rel=\"nofollow noopener\">cosmopolita<\/a>\u201d ed \u201cestetica\u201d). Non si tratta di una prolissit\u00e0 fine a se stessa: questo \u00e8 il vocabolario naturale di Sharma, le parole che usa perch\u00e9 sono quelle che ben descrivono il modo in cui vede il mondo e del microcosmo che si \u00e8 costruito dentro di esso. Il pluripremiato curatore, <a href=\"https:\/\/www.ad-italia.it\/article\/casa-milano-valeria-napoleone-attico-collezionista-mecenate-arte-terrazza\/\" target=\"_blank\" rel=\"nofollow noopener\">collezionista<\/a>, scrittore e artista non \u00e8 eccessivamente religioso in senso istituzionale, ma ha una profonda venerazione per il simbolismo e il rituale: parla di divinit\u00e0 ind\u00f9, di versetti islamici e di festivit\u00e0 cattoliche con lo stesso entusiasmo. Gli \u00e8 stato detto che la sua <a href=\"https:\/\/www.ad-italia.it\/article\/feng-shui-vasto-filosofia-casa-yoga-benessere\/\" target=\"_blank\" rel=\"nofollow noopener\">casa<\/a> non \u00e8 adatta al Vastu, che \u00e8 troppo disordinata e che non dovrebbe riempirla di oggetti appartenuti ai morti. <strong>Sharma \u00e8 del tutto indifferente al <a href=\"https:\/\/www.ad-italia.it\/article\/rumore-visivo-come-eliminarlo-trucchi-casa-ordinata-silenziosa\/\" target=\"_blank\" rel=\"nofollow noopener\">rumore visivo<\/a>.<\/strong><\/p>\n<p>Nella foto qui sopra, il leggio girevole proviene da Jew Town, Kochi. Insieme alla cassa sul retro \u00e8 stracolma di libri. \u201cQuesta \u00e8 una parte della mia vasta collezione di libri, alcuni dei quali risalgono alla mia infanzia\u201d, dice, \u201caltri sono stati scritti da amici o sono stati pubblicati da me\u201d. Nuriyah Johar<\/p>\n","protected":false},"excerpt":{"rendered":"Case belle rese ancora pi\u00f9 speciali dai libri. In una casa senza libri manca sempre qualcosa. Al di&hellip;\n","protected":false},"author":3,"featured_media":464552,"comment_status":"","ping_status":"","sticky":false,"template":"","format":"standard","meta":{"footnotes":"","_share_on_mastodon":"0"},"categories":[1446],"tags":[1615,1613,1614,1611,1610,1612,203,1619,16916,204,1537,90,89],"class_list":["post-464551","post","type-post","status-publish","format-standard","has-post-thumbnail","category-arte-e-design","tag-arte","tag-arte-e-design","tag-arteedesign","tag-arts","tag-arts-and-design","tag-design","tag-entertainment","tag-home-tour","tag-how-to","tag-intrattenimento","tag-it","tag-italia","tag-italy"],"share_on_mastodon":{"url":"https:\/\/pubeurope.com\/@it\/116481719983589924","error":""},"_links":{"self":[{"href":"https:\/\/www.europesays.com\/it\/wp-json\/wp\/v2\/posts\/464551","targetHints":{"allow":["GET"]}}],"collection":[{"href":"https:\/\/www.europesays.com\/it\/wp-json\/wp\/v2\/posts"}],"about":[{"href":"https:\/\/www.europesays.com\/it\/wp-json\/wp\/v2\/types\/post"}],"author":[{"embeddable":true,"href":"https:\/\/www.europesays.com\/it\/wp-json\/wp\/v2\/users\/3"}],"replies":[{"embeddable":true,"href":"https:\/\/www.europesays.com\/it\/wp-json\/wp\/v2\/comments?post=464551"}],"version-history":[{"count":0,"href":"https:\/\/www.europesays.com\/it\/wp-json\/wp\/v2\/posts\/464551\/revisions"}],"wp:featuredmedia":[{"embeddable":true,"href":"https:\/\/www.europesays.com\/it\/wp-json\/wp\/v2\/media\/464552"}],"wp:attachment":[{"href":"https:\/\/www.europesays.com\/it\/wp-json\/wp\/v2\/media?parent=464551"}],"wp:term":[{"taxonomy":"category","embeddable":true,"href":"https:\/\/www.europesays.com\/it\/wp-json\/wp\/v2\/categories?post=464551"},{"taxonomy":"post_tag","embeddable":true,"href":"https:\/\/www.europesays.com\/it\/wp-json\/wp\/v2\/tags?post=464551"}],"curies":[{"name":"wp","href":"https:\/\/api.w.org\/{rel}","templated":true}]}}