{"id":464917,"date":"2026-04-28T14:46:15","date_gmt":"2026-04-28T14:46:15","guid":{"rendered":"https:\/\/www.europesays.com\/it\/464917\/"},"modified":"2026-04-28T14:46:15","modified_gmt":"2026-04-28T14:46:15","slug":"inter-bisseck-e-akanji-le-certezze-poi-sara-rivoluzione-in-difesa","status":"publish","type":"post","link":"https:\/\/www.europesays.com\/it\/464917\/","title":{"rendered":"Inter, Bisseck e Akanji le certezze, poi sar\u00e0 rivoluzione in difesa"},"content":{"rendered":"<p>                                L&#8217;estate scorsa il difensore tedesco \u00e8 stato vicino all&#8217;addio, anche a causa di quelle disattenzioni che molto erano costate all&#8217;Inter. Ma l&#8217;anno prossimo la difesa ripartir\u00e0 da lui (e Akanji)<\/p>\n<p>            <a class=\"image is-50x50\" href=\"https:\/\/www.gazzetta.it\/redazione\/gregorio-spigno\/\" rel=\"nofollow noopener\" target=\"_blank\"><br \/>\n                <img decoding=\"async\" class=\"is-rounded\" src=\"https:\/\/www.europesays.com\/it\/wp-content\/uploads\/2025\/11\/gregorio_spigno_avatar.png\" alt=\"Gregorio Spigno\"\/><br \/>\n            <\/a><\/p>\n<p>Giornalista<\/p>\n<p>                    28 aprile &#8211; 15:25  &#8211; MILANO<\/p>\n<p class=\"paragraph\" spellcheck=\"true\">Da una parte la certezza \u00e8 che la difesa dell&#8217;Inter vivr\u00e0 un restyling quasi mai visto prima, con (almeno) 3-4 elementi ad un passo dall&#8217;addio. Dall&#8217;altra, la certezza si chiama\u00a0Yann Aurel Bisseck. In una stagione appena, il gigantone tedesco ha modificato il suo status da sacrificabile ad intoccabile grazie ad una serie di prestazioni da urlo, a una personalit\u00e0 nel difendere alto su cui possono contare in pochi, ma soprattutto ad un livello di attenzione dentro le partite profondamente migliorato. Principalmente, quello si imputava al tedesco: ottime chiusure s\u00ec, alternate per\u00f2 a svarioni causati da leggerezze che sono costate caro, come per esempio il fallo di mano che decret\u00f2 il rigore ed il 2-2 di Pedro nella partita scudetto pareggiata contro la Lazio nelle ultimissime curve della scorsa stagione che permise al Napoli di Conte di arrivare davanti ad Inzaghi. Non a caso, l&#8217;estate scorsa Bisseck \u00e8 stato non ad un passo ma vicino all&#8217;addio, quando il Crystal Palace arriv\u00f2 ad offrire una trentina di milioni per il suo cartellino ma l&#8217;accordo definitivo non arriv\u00f2. Uno scenario che non si ripeter\u00e0 nei mesi prossimi, perch\u00e9 all&#8217;interno di un reparto che cambier\u00e0 molti dei suoi protagonisti l&#8217;ex Aarhus rappresenta la certezza insieme a Manuel Akanji, per cui scatter\u00e0 l&#8217;obbligo di riscatto a scudetto aritmeticamente conquistato.\u00a0<\/p>\n<p><a class=\"is-partner-link\" href=\"https:\/\/aipredictor.gazzetta.it\/?intcmp=linkArticoloSerieA\" rel=\"nofollow noopener\" target=\"_blank\">Pronostici sulla Serie A generati dalla nostra IA. Prova gratis Gazzetta AI Predictor.<\/a><\/p>\n<p>        rivoluzione\u2014 \u00a0<\/p>\n<p class=\"paragraph\" spellcheck=\"true\">Tra scadenze e cessioni, in casa Inter il reparto che pi\u00f9 verr\u00e0 modificato dal prossimo mercato estivo \u00e8 proprio la difesa: Acerbi e Darmian hanno un contratto in scadenza che non verr\u00e0 rinnovato, De Vrij si gioca ancora la conferma nonostante pure il suo accordo con l&#8217;Inter scadr\u00e0 il prossimo 30 giugno, e poi c&#8217;\u00e8 Bastoni sempre ambito dal Barcellona che nelle prossime settimane potrebbe decidere di spedire l&#8217;affondo decisivo. La permanenza di Bisseck (e Akanji) \u00e8 invece sicura, anche grazie alla duttilit\u00e0 difensiva che il tedesco \u00e8 in grado di offrire: nasce centrale destro, ma in nerazzurro ha dimostrato di poter fare anche il centrale puro e soprattutto Chivu apprezza il coraggio, l&#8217;abilit\u00e0 di tenere altissima la linea e ripiegare rapidamente rincorrendo all&#8217;indietro quando necessario. Ecco perch\u00e9, anche nel caso in cui il Crystal Palace di turno dovesse tornare a farsi sotto, questa volta le porte di Viale della Liberazione resteranno chiuse. Per la felicit\u00e0 di Chivu, che considera Bisseck troppo importante, e del tedesco stesso, che all&#8217;Inter ha finalmente trovato continuit\u00e0.<\/p>\n<p class=\"is-copyright\">\u00a9 RIPRODUZIONE RISERVATA<\/p>\n","protected":false},"excerpt":{"rendered":"L&#8217;estate scorsa il difensore tedesco \u00e8 stato vicino all&#8217;addio, anche a causa di quelle disattenzioni che molto erano&hellip;\n","protected":false},"author":3,"featured_media":464918,"comment_status":"","ping_status":"","sticky":false,"template":"","format":"standard","meta":{"footnotes":"","_share_on_mastodon":"0"},"categories":[1452],"tags":[579,2983,55649,1262,14753,721,925,5204,2839,259611,22042,22043,767,1533,30950,1740,350,1537,90,89,54443,45614,13459,68,259612,4262,5528,2718,4519,1739,245,244,8233],"class_list":["post-464917","post","type-post","status-publish","format-standard","has-post-thumbnail","category-calcio","tag-accordo","tag-addio","tag-akanji","tag-arrivo","tag-bisseck","tag-calcio","tag-centrale","tag-certezza","tag-chivu","tag-costate","tag-crystal","tag-crystal-palace","tag-difesa","tag-estate","tag-estate-scorsa","tag-football","tag-inter","tag-it","tag-italia","tag-italy","tag-modificato","tag-offrire","tag-palace","tag-passo","tag-passo-addio","tag-prossimo","tag-reparto","tag-rivoluzione","tag-scorsa","tag-soccer","tag-sport","tag-sports","tag-tedesco"],"share_on_mastodon":{"url":"https:\/\/pubeurope.com\/@it\/116482880101971526","error":""},"_links":{"self":[{"href":"https:\/\/www.europesays.com\/it\/wp-json\/wp\/v2\/posts\/464917","targetHints":{"allow":["GET"]}}],"collection":[{"href":"https:\/\/www.europesays.com\/it\/wp-json\/wp\/v2\/posts"}],"about":[{"href":"https:\/\/www.europesays.com\/it\/wp-json\/wp\/v2\/types\/post"}],"author":[{"embeddable":true,"href":"https:\/\/www.europesays.com\/it\/wp-json\/wp\/v2\/users\/3"}],"replies":[{"embeddable":true,"href":"https:\/\/www.europesays.com\/it\/wp-json\/wp\/v2\/comments?post=464917"}],"version-history":[{"count":0,"href":"https:\/\/www.europesays.com\/it\/wp-json\/wp\/v2\/posts\/464917\/revisions"}],"wp:featuredmedia":[{"embeddable":true,"href":"https:\/\/www.europesays.com\/it\/wp-json\/wp\/v2\/media\/464918"}],"wp:attachment":[{"href":"https:\/\/www.europesays.com\/it\/wp-json\/wp\/v2\/media?parent=464917"}],"wp:term":[{"taxonomy":"category","embeddable":true,"href":"https:\/\/www.europesays.com\/it\/wp-json\/wp\/v2\/categories?post=464917"},{"taxonomy":"post_tag","embeddable":true,"href":"https:\/\/www.europesays.com\/it\/wp-json\/wp\/v2\/tags?post=464917"}],"curies":[{"name":"wp","href":"https:\/\/api.w.org\/{rel}","templated":true}]}}