{"id":464961,"date":"2026-04-28T15:20:15","date_gmt":"2026-04-28T15:20:15","guid":{"rendered":"https:\/\/www.europesays.com\/it\/464961\/"},"modified":"2026-04-28T15:20:15","modified_gmt":"2026-04-28T15:20:15","slug":"big-da-preservare-antropova-schiacciatrice-giovani-da-lanciare","status":"publish","type":"post","link":"https:\/\/www.europesays.com\/it\/464961\/","title":{"rendered":"big da preservare, Antropova schiacciatrice, giovani da lanciare"},"content":{"rendered":"<p><strong>Julio Velasco<\/strong>, CT della Nazionale Italiana femminile, ha<strong> comunicato la lista delle atlete che saranno coinvolte con la maglia azzurra durante l\u2019estate.<\/strong> Il Guru ha svelato una <strong>lista di giocatrici che saranno disponibili per i prossimi mesi:<\/strong> tra giugno e luglio si disputer\u00e0 la <strong>Nations League<\/strong>, tra fine agosto e inizio settembre andranno in scena gli <strong>Europei<\/strong>.<\/p>\n<p>Per il momento non \u00e8 stata fornita la lista per la Nations League (verr\u00e0 diramata il prossimo 13 maggio), ma \u00e8 risaputo che al torneo internazionale itinerante non parteciperanno alcune big come l\u2019opposto Paola Egonu, la schiacciatrice Myriam Sylla, le centrali Anna Danesi e Sarah Fahr, la palleggiatrice Alessia Orro, che rientreranno in occasione della rassegna continentale, dove verr\u00e0 messo in palio il primo pass per le Olimpiadi di Los Angeles 2028. Non sar\u00e0 della partita il libero Monica De Gennaro, che ha confermato l\u2019addio alla Nazionale.<\/p>\n<p>La notizia del giorno \u00e8<strong> l\u2019inserimento ufficiale di Ekaterina Antropova nella lista delle schiacciatrici:<\/strong> la bomber in forza a Scandicci \u00e8 stata l\u2019arma segreta delle azzurre in occasione dei trionfi alle Olimpiadi di Parigi 2024 e ai Mondiali 2025, ma utilizzarla solo con il doppio cambio \u00e8 troppo limitato e<strong> Julio Velasco ha ribadito l\u2019intento di volerla schierare di banda<\/strong>.<\/p>\n<p><strong> L\u2019azzurra verr\u00e0 cos\u00ec spostata da opposto a martello<\/strong>, in modo da aumentare il potenziale offensivo della squadra con <strong>Paola Egonu opposto sotto la regia di Alessia Orro<\/strong>. Si dovrebbero fare degli esperimenti durante la Nations League (anche se le altre due titolari saranno assenti), per capire poi quale strada seguire nel prosieguo della stagione. Si chieder\u00e0 pi\u00f9 sforzo difensivo alla seconda schiacciatrice: <strong>Myriam Sylla e Stella Nervini<\/strong> sono le opzioni pi\u00f9 accreditate, Gaia Giovannini, Loveth Omoruyi e Alice Tanase sono le altre convocate.<\/p>\n<p>Le riserve di Egonu saranno Merit Adigwe (ha avuto spazio a Conegliano) e Josephine Obossa (brillante a Busto Arsizio), mentre le seconde di Orro saranno Carlotta Cambi (brillante a Novara) e Chidera Blessing Eze, mentre non ci sar\u00e0 Francesca Bosio. <strong>Spicca l\u2019assenza dell\u2019attaccante Rebecca Piva<\/strong> dopo l\u2019ottima annata a Milano.<\/p>\n<p><strong>Eleonora Fersino sar\u00e0 il libero di riferimento<\/strong> (Ilaria Spirito e Ilenia Moro le opzioni alle sue spalle), mentre tra le centrali, oltre a <strong>Sarah Fahr e Anna Danesi<\/strong>, ci sono Denise Melli, Dalila Marchesini e Linda Manfredini. Selezionata anche una squadra B, che prender\u00e0 parte ai Giochi del Mediterraneo e tra cui verranno selezionati alcuni elementi per la Nations League.<\/p>\n<p>CONVOCATE ITALIA VOLLEY<br \/>\nSQUADRA A<\/p>\n<p><strong>PALLEGGIATRICI:<\/strong> Alessia Orro, Carlotta Cambi, Chidera Blessing Eze.<br \/><strong>OPPOSTI:<\/strong> Paola Egonu, Merit Adigwe, Josephine Obossa.<br \/><strong>SCHIACCIATRICI:<\/strong> Myriam Sylla, Ekaterina Antropova, Stella Nervini, Gaia Giovannini, Alice Tanase, Loveth Omoruyi.<br \/><strong>CENTRALI:<\/strong> Anna Danesi, Sarah Fahr, Denise Melli, Linda Nwakalor, Dalila Marchesini, Linda Manfredini.<br \/><strong>LIBERI:<\/strong> Eleonora Fersino, Ilaria Spirito, Ilenia Moro.<\/p>\n<p>SQUADRA B<\/p>\n<p><strong>PALLEGGIATRICI:<\/strong> Asia Bonelli, Francesca Scola.<br \/><strong>OPPOSTI:<\/strong> Giorgia Frosini, Binto Diop.<br \/><strong>SCHIACCIATRICI:<\/strong> Alessia Bolzonetti, Alice Nardo, Valeria Battista, Beatrice Gardini, Anna Piovesan.<br \/><strong>CENTRALI:<\/strong> Katja Eckl, Sara Caruso, Veronica Costantini, Islam Gannar.<br \/><strong>LIBERI:<\/strong> Federica Pelloni, Sara Panetoni.<\/p>\n","protected":false},"excerpt":{"rendered":"Julio Velasco, CT della Nazionale Italiana femminile, ha comunicato la lista delle atlete che saranno coinvolte con la&hellip;\n","protected":false},"author":3,"featured_media":464962,"comment_status":"","ping_status":"","sticky":false,"template":"","format":"standard","meta":{"footnotes":"","_share_on_mastodon":"0"},"categories":[176],"tags":[13298,171563,13300,13302,259633,33609,259634,13305,13306,92079,13307,139204,99476,1537,90,89,98883,33617,13308,25395,33620,13312,193557,8056,13313,245,244,13314],"class_list":["post-464961","post","type-post","status-publish","format-standard","has-post-thumbnail","category-sport","tag-alessia-orro","tag-alice-tanase","tag-anna-danesi","tag-carlotta-cambi","tag-chidera-blessing-eze","tag-dalila-marchesini","tag-denise-melli","tag-ekaterina-antropova","tag-eleonora-fersino","tag-europei-volley-2026","tag-gaia-giovannini","tag-ilaria-spirito","tag-ilenia-moro","tag-it","tag-italia","tag-italy","tag-josephine-obossa","tag-linda-manfredini","tag-linda-nwakalor","tag-loveth-omoruyi","tag-merit-adigwe","tag-myriam-sylla","tag-nations-league-volley-2026","tag-paola-egonu","tag-sarah-fahr","tag-sport","tag-sports","tag-stella-nervini"],"share_on_mastodon":{"url":"https:\/\/pubeurope.com\/@it\/116483013630211090","error":""},"_links":{"self":[{"href":"https:\/\/www.europesays.com\/it\/wp-json\/wp\/v2\/posts\/464961","targetHints":{"allow":["GET"]}}],"collection":[{"href":"https:\/\/www.europesays.com\/it\/wp-json\/wp\/v2\/posts"}],"about":[{"href":"https:\/\/www.europesays.com\/it\/wp-json\/wp\/v2\/types\/post"}],"author":[{"embeddable":true,"href":"https:\/\/www.europesays.com\/it\/wp-json\/wp\/v2\/users\/3"}],"replies":[{"embeddable":true,"href":"https:\/\/www.europesays.com\/it\/wp-json\/wp\/v2\/comments?post=464961"}],"version-history":[{"count":0,"href":"https:\/\/www.europesays.com\/it\/wp-json\/wp\/v2\/posts\/464961\/revisions"}],"wp:featuredmedia":[{"embeddable":true,"href":"https:\/\/www.europesays.com\/it\/wp-json\/wp\/v2\/media\/464962"}],"wp:attachment":[{"href":"https:\/\/www.europesays.com\/it\/wp-json\/wp\/v2\/media?parent=464961"}],"wp:term":[{"taxonomy":"category","embeddable":true,"href":"https:\/\/www.europesays.com\/it\/wp-json\/wp\/v2\/categories?post=464961"},{"taxonomy":"post_tag","embeddable":true,"href":"https:\/\/www.europesays.com\/it\/wp-json\/wp\/v2\/tags?post=464961"}],"curies":[{"name":"wp","href":"https:\/\/api.w.org\/{rel}","templated":true}]}}